{"id":711249,"date":"2026-09-02T14:17:03","date_gmt":"2026-09-02T14:17:03","guid":{"rendered":"https:\/\/microscopemedia.com\/?p=711249"},"modified":"2026-09-02T14:17:03","modified_gmt":"2026-09-02T14:17:03","slug":"romania-convoaca-ambasadorul-rusiei-dupa-atacul-cu-drone-din-germania","status":"publish","type":"post","link":"https:\/\/microscopemedia.com\/?p=711249","title":{"rendered":"Rom\u00e2nia convoac\u0103 ambasadorul Rusiei dup\u0103 atacul cu drone din Germania"},"content":{"rendered":"<div><img decoding=\"async\" src=\"https:\/\/microscopemedia.com\/wp-content\/uploads\/2026\/09\/romania-convoaca-ambasadorul-rusiei-dupa-atacul-cu-drone-din-germania.jpg\" class=\"ff-og-image-inserted\"><\/div>\n<div class=\"single__breadcrumbs\">\n\t\t\t\t\t<span><span><a href=\"https:\/\/www.mediafax.ro\/\">Prima pagin\u0103<\/a><\/span> \u00bb <span><a href=\"https:\/\/www.mediafax.ro\/politic\">Politic<\/a><\/span> \u00bb <span class=\"breadcrumb_last\" aria-current=\"page\">Rom\u00e2nia convoac\u0103 ambasadorul Rusiei dup\u0103 atacul cu drone din Germania<\/span><\/span>                <\/div>\n<p>Premierul interimar Ilie Bolojan \u0219i ministrul interimar de Externe, Oana \u021aoiu, au transmis mesaje de solidaritate cu Germania, dup\u0103 ce Berlinul a atribuit Rusiei tentativa de atac cu drone de la Leipzig\/Halle. Rom\u00e2nia a decis convocarea ambasadorului rus la MAE.<\/p>\n","protected":false},"excerpt":{"rendered":"<p>Prima pagin\u0103 \u00bb Politic \u00bb Rom\u00e2nia convoac\u0103 ambasadorul Rusiei dup\u0103 atacul cu drone din Germania Premierul interimar Ilie Bolojan \u0219i ministrul interimar de Externe, Oana \u021aoiu, au transmis mesaje de &hellip; <a href=\"https:\/\/microscopemedia.com\/?p=711249\" class=\"more-link\">Read More<\/a><\/p>\n","protected":false},"author":1,"featured_media":711250,"comment_status":"closed","ping_status":"closed","sticky":false,"template":"Default","format":"standard","meta":[],"categories":[1],"tags":[],"_links":{"self":[{"href":"https:\/\/microscopemedia.com\/index.php?rest_route=\/wp\/v2\/posts\/711249"}],"collection":[{"href":"https:\/\/microscopemedia.com\/index.php?rest_route=\/wp\/v2\/posts"}],"about":[{"href":"https:\/\/microscopemedia.com\/index.php?rest_route=\/wp\/v2\/types\/post"}],"author":[{"embeddable":true,"href":"https:\/\/microscopemedia.com\/index.php?rest_route=\/wp\/v2\/users\/1"}],"replies":[{"embeddable":true,"href":"https:\/\/microscopemedia.com\/index.php?rest_route=%2Fwp%2Fv2%2Fcomments&post=711249"}],"version-history":[{"count":0,"href":"https:\/\/microscopemedia.com\/index.php?rest_route=\/wp\/v2\/posts\/711249\/revisions"}],"wp:featuredmedia":[{"embeddable":true,"href":"https:\/\/microscopemedia.com\/index.php?rest_route=\/wp\/v2\/media\/711250"}],"wp:attachment":[{"href":"https:\/\/microscopemedia.com\/index.php?rest_route=%2Fwp%2Fv2%2Fmedia&parent=711249"}],"wp:term":[{"taxonomy":"category","embeddable":true,"href":"https:\/\/microscopemedia.com\/index.php?rest_route=%2Fwp%2Fv2%2Fcategories&post=711249"},{"taxonomy":"post_tag","embeddable":true,"href":"https:\/\/microscopemedia.com\/index.php?rest_route=%2Fwp%2Fv2%2Ftags&post=711249"}],"curies":[{"name":"wp","href":"https:\/\/api.w.org\/{rel}","templated":true}]}}