{"id":711255,"date":"2026-09-02T14:47:03","date_gmt":"2026-09-02T14:47:03","guid":{"rendered":"https:\/\/microscopemedia.com\/?p=711255"},"modified":"2026-09-02T14:47:03","modified_gmt":"2026-09-02T14:47:03","slug":"ilie-bolojan-a-discutat-cu-omologul-sau-din-lituania-securitatea-flancului-estic-si-relatiile-economice-pe-agenda-discutiei","status":"publish","type":"post","link":"https:\/\/microscopemedia.com\/?p=711255","title":{"rendered":"Ilie Bolojan a discutat cu omologul s\u0103u din Lituania. Securitatea Flancului Estic \u0219i rela\u021biile economice, pe agenda discu\u021biei"},"content":{"rendered":"<div class=\"sgb-google-buttons\">\n<div class=\"display-flex justify-center google-logo\"><img decoding=\"async\" loading=\"lazy\" class=\"mg-x-auto\" width=\"30\" height=\"30\" src=\"https:\/\/microscopemedia.com\/wp-content\/uploads\/2026\/09\/ilie-bolojan-a-discutat-cu-omologul-sau-din-lituania-securitatea-flancului-estic-si-relatiile-economice-pe-agenda-discutiei.png\" alt><\/div>\n<\/p><\/div>\n<h2 id=\"chapter-0\">Securitatea Flancului Estic \u0219i misiunile de poli\u021bie aerian\u0103<\/h2>\n<p id=\"p-0\"><span>\u201ePremierul Ilie Bolojan l-a felicitat pe omologul s\u0103u pentru preluarea mandatului \u0219i a subliniat c\u0103 Rom\u00e2nia \u0219i Lituania au rela\u021bii foarte bune \u0219i pozi\u021bii apropiate \u00een dosarele europene importante, de la consolidarea Flancului Estic al NATO, p\u00e2n\u0103 la sprijinul pentru Ucraina \u0219i Republica Moldova \u0219i extinderea Uniunii Europene\u201d, se arat\u0103 \u00een comunicatul de pres\u0103 emis de Guvern.&nbsp;<\/span><\/p>\n<p id=\"p-2\"><span>Premierul Mindaugas Sinkevi\u010dius a transmis mul\u021bumiri Rom\u00e2niei pentru participarea activ\u0103 la misiunea NATO de Poli\u021bie Aerian\u0103 Baltic\u0103 desf\u0103\u0219urat\u0103 \u00een Lituania \u0219i pentru contribu\u021bia constant\u0103 la consolidarea securit\u0103\u021bii \u00een zona M\u0103rii Baltice.&nbsp;&nbsp;<\/span><\/p>\n<p id=\"p-3\"><span>Cei doi premieri au discutat \u0219i despre incidentele care afecteaz\u0103 spa\u021biul aerian \u0219i maritim din regiune, \u00een contextul R\u0103zboiului din Ucraina.&nbsp;<\/span><\/p>\n<p id=\"p-4\"><span>\u201eIlie Bolojan a ar\u0103tat c\u0103 Rom\u00e2nia urm\u0103re\u0219te consolidarea capacit\u0103\u021bilor sale de ap\u0103rare aerian\u0103 \u0219i c\u0103 sprijinul alia\u021bilor r\u0103m\u00e2ne important. Premierul rom\u00e2n a subliniat, de asemenea, necesitatea men\u021binerii M\u0103rii Negre pe agenda european\u0103 de securitate\u201d, noteaz\u0103 <span><a href=\"https:\/\/www.mediafax.ro\/politic\/bolojan-a-discutat-cu-premierul-ucrainei-despre-productia-de-drone-si-proiectele-comune-de-aparare-23799895\">Palatul Victoria<\/a><\/span>.&nbsp;<\/span><\/p>\n<h2 id=\"chapter-1\">Priorit\u0103\u021bile viitoarei Pre\u0219edin\u021bii a Consiliului UE \u0219i cooperarea economic\u0103<\/h2>\n<p id=\"p-5\"><span>Un alt subiect abordat a fost Pre\u0219edin\u021bia lituanian\u0103 a Consiliului UE, care va avea loc \u00een perioada ianuarie-iunie 2027.&nbsp;<\/span><\/p>\n<p id=\"p-6\"><span>Printre priorit\u0103\u021bile anun\u021bate de Lituania se afl\u0103 consolidarea securit\u0103\u021bii \u0219i ap\u0103r\u0103rii europene, extinderea Uniunii, cre\u0219terea competitivit\u0103\u021bii, securitatea intern\u0103 \u0219i consolidarea rezilien\u021bei democratice, dar \u0219i sus\u021binerea \u00een continuare a Republicii Moldova, pe parcursul s\u0103u spre aderarea la blocul comunitar.&nbsp;<\/span><\/p>\n<p id=\"p-7\"><span>Totodat\u0103, cei doi premieri au discutat \u0219i despre rela\u021biile economice dintre Rom\u00e2nia \u0219i Lituania.&nbsp;<\/span><\/p>\n<p id=\"p-8\"><span>Schimburile comerciale dintre cele dou\u0103 state au ajuns \u00een 2025 la aproape 500 de milioane de euro, cel mai ridicat nivel \u00eenregistrat p\u00e2n\u0103 acum, iar datele pentru primele luni din 2026 indic\u0103 men\u021binerea acestei evolu\u021bii.&nbsp;<\/span><\/p>\n<p id=\"p-9\"><span>\u201ePremierul rom\u00e2n a mul\u021bumit, de asemenea, pentru sprijinul acordat de Lituania ader\u0103rii Rom\u00e2niei la OCDE. \u00cen \u00eencheierea convorbirii, Ilie Bolojan i-a adresat premierului lituanian invita\u021bia de a efectua o vizit\u0103 \u00een Rom\u00e2nia\u201d, se arat\u0103 \u00een \u00eencheierea comunicatului de pres\u0103.&nbsp;<\/span><\/p>\n","protected":false},"excerpt":{"rendered":"<p>Securitatea Flancului Estic \u0219i misiunile de poli\u021bie aerian\u0103 \u201ePremierul Ilie Bolojan l-a felicitat pe omologul s\u0103u pentru preluarea mandatului \u0219i a subliniat c\u0103 Rom\u00e2nia \u0219i Lituania au rela\u021bii foarte bune &hellip; <a href=\"https:\/\/microscopemedia.com\/?p=711255\" class=\"more-link\">Read More<\/a><\/p>\n","protected":false},"author":1,"featured_media":711256,"comment_status":"closed","ping_status":"closed","sticky":false,"template":"Default","format":"standard","meta":[],"categories":[1],"tags":[],"_links":{"self":[{"href":"https:\/\/microscopemedia.com\/index.php?rest_route=\/wp\/v2\/posts\/711255"}],"collection":[{"href":"https:\/\/microscopemedia.com\/index.php?rest_route=\/wp\/v2\/posts"}],"about":[{"href":"https:\/\/microscopemedia.com\/index.php?rest_route=\/wp\/v2\/types\/post"}],"author":[{"embeddable":true,"href":"https:\/\/microscopemedia.com\/index.php?rest_route=\/wp\/v2\/users\/1"}],"replies":[{"embeddable":true,"href":"https:\/\/microscopemedia.com\/index.php?rest_route=%2Fwp%2Fv2%2Fcomments&post=711255"}],"version-history":[{"count":0,"href":"https:\/\/microscopemedia.com\/index.php?rest_route=\/wp\/v2\/posts\/711255\/revisions"}],"wp:featuredmedia":[{"embeddable":true,"href":"https:\/\/microscopemedia.com\/index.php?rest_route=\/wp\/v2\/media\/711256"}],"wp:attachment":[{"href":"https:\/\/microscopemedia.com\/index.php?rest_route=%2Fwp%2Fv2%2Fmedia&parent=711255"}],"wp:term":[{"taxonomy":"category","embeddable":true,"href":"https:\/\/microscopemedia.com\/index.php?rest_route=%2Fwp%2Fv2%2Fcategories&post=711255"},{"taxonomy":"post_tag","embeddable":true,"href":"https:\/\/microscopemedia.com\/index.php?rest_route=%2Fwp%2Fv2%2Ftags&post=711255"}],"curies":[{"name":"wp","href":"https:\/\/api.w.org\/{rel}","templated":true}]}}