{"id":711257,"date":"2026-09-02T14:57:03","date_gmt":"2026-09-02T14:57:03","guid":{"rendered":"https:\/\/microscopemedia.com\/?p=711257"},"modified":"2026-09-02T14:57:03","modified_gmt":"2026-09-02T14:57:03","slug":"daniel-pancu-inainte-de-debutul-rapidului-in-cupa-romaniei-editia-2026-tratam-foarte-serios-competitia","status":"publish","type":"post","link":"https:\/\/microscopemedia.com\/?p=711257","title":{"rendered":"Daniel Pancu, \u00eenainte de debutul Rapidului \u00een Cupa Rom\u00e2niei, edi\u021bia 2026: Trat\u0103m foarte serios competi\u021bia"},"content":{"rendered":"<div class=\"sgb-google-buttons\">\n<div class=\"display-flex justify-center google-logo\"><img decoding=\"async\" loading=\"lazy\" class=\"mg-x-auto\" width=\"30\" height=\"30\" src=\"https:\/\/microscopemedia.com\/wp-content\/uploads\/2026\/09\/daniel-pancu-inainte-de-debutul-rapidului-in-cupa-romaniei-editia-2026-tratam-foarte-serios-competitia.png\" alt><\/div>\n<\/p><\/div>\n<p id=\"p-0\">Pancu a subliniat c\u0103 obiectivul giule\u0219tenilor este calificarea \u00een faza urm\u0103toare a competi\u021biei, chiar dac\u0103 grupa este una dificil\u0103, cu Poli Timi\u0219oara, Corvinul Hunedoara, UTA Arad, FC Boto\u0219ani \u0219i Minerul Lupeni.<\/p>\n<p id=\"p-1\">\u201eTrat\u0103m foarte serios competi\u021bia. Ne dorim foarte mult s\u0103 debut\u0103m \u00een aceast\u0103 grup\u0103 cu o victorie. (\u2026) Ar fi foarte important s\u0103 mergem mai departe, pentru c\u0103 din prim\u0103var\u0103 sunt convins c\u0103 \u0219i noi vom fi o alt\u0103 echip\u0103\u201d, a afirmat Pancu la conferin\u021ba de pres\u0103 premerg\u0103toare partidei.<\/p>\n<p id=\"p-2\">Tehnicianul consider\u0103 c\u0103 Poli Timi\u0219oara este un adversar dificil, \u00een ciuda faptului c\u0103 evolueaz\u0103 \u00een Liga a II-a.<\/p>\n<p id=\"p-3\">\u201eAdversarul este unul greu, complicat, nu neap\u0103rat pentru valoarea lui, pentru c\u0103 e totu\u0219i o echip\u0103 de liga a doua, chiar dac\u0103 are \u00een componen\u021b\u0103 juc\u0103tori care nu sunt str\u0103ini de prima lig\u0103. E o echip\u0103 favorit\u0103 la promovare\u201d, a explicat Pancu.<\/p>\n<p id=\"p-4\">Antrenorul Rapidului a precizat c\u0103 echipa sa \u00eenc\u0103 se afl\u0103 \u00een formare, neav\u00e2nd un prim 11 stabilit.<\/p>\n<p id=\"p-5\">\u201e\u00cenc\u0103 suntem \u00eentr-un proces de configurare. (\u2026) \u00cenc\u0103 nu avem un sistem stabilit, \u00eenc\u0103 nu avem un prim 11. \u00cenc\u0103 mai avem unele probleme, pentru c\u0103 juc\u0103torii \u00eenc\u0103 nu sunt la acela\u0219i nivel, nu sunt uniformiza\u021bi din punct de vedere fizic, al rela\u021biilor de joc. P\u00e2n\u0103 la urm\u0103, nu conteaz\u0103 lucrurile astea. Am venit aici hot\u0103r\u00e2\u021bi s\u0103 c\u00e2\u0219tig\u0103m, lu\u0103m foarte \u00een serios \u0219i adversarul, \u0219i competi\u021bia\u201d, a spus el.<\/p>\n<h2 id=\"chapter-0\">Importan\u021ba Cupei Rom\u00e2niei<\/h2>\n<p id=\"p-6\">Pancu a eviden\u021biat importan\u021ba Cupei Rom\u00e2niei pentru cluburile din prima lig\u0103, mai ales dup\u0103 succesul Corvinului Hunedoara din urm\u0103 cu dou\u0103 sezoane.<\/p>\n<p id=\"p-7\">\u201eDe doi ani, de trei ani, mai ales de c\u00e2nd Corvinul a provocat surpriza, toate echipele sunt interesate de Cup\u0103. E important s\u0103 trecem de aceast\u0103 grup\u0103, care nu e u\u0219oar\u0103 \u00een niciun caz. Poli-ul e considerat aproape o echip\u0103 de prim\u0103 lig\u0103, Corvinul \u0219i UTA sunt din prima lig\u0103\u201d, a afirmat Pancu.<\/p>\n<p id=\"p-8\">Tehnicianul a respins ideea c\u0103 Rapid ar putea trata Cupa ca pe o competi\u021bie secundar\u0103, afirm\u00e2nd c\u0103 Universitatea Craiova a demonstrat c\u0103 o echip\u0103 se poate concentra pe ambele \u00eentreceri: campionat \u0219i Cup\u0103.<\/p>\n<p id=\"p-9\">\u201eEu nu cred c\u0103 Rapid \u00een anii \u0103\u0219tia a tratat vreo secund\u0103 competi\u021bia altfel. (\u2026) Cred c\u0103 Rapid a tratat foarte serios competi\u021bia. (\u2026) (n.r. \u2013 Cei de la Universitatea Craiova) au avut \u0219i cel mai bun lot sezonul trecut. Au fost acolo cu FCSB, au tratat foarte serios competi\u021bia, au fost echipa cea mai bun\u0103\u201d, a declarat Pancu.<\/p>\n<p id=\"p-10\">\u00cen ceea ce prive\u0219te echipa pe care o va alinia, Pancu a anun\u021bat c\u0103 va apela la un mix de juc\u0103tori, urm\u00e2nd s\u0103 le ofere minute \u0219i unor fotbali\u0219ti care au evoluat mai pu\u021bin.<\/p>\n<h2 id=\"chapter-1\">Spectacol \u00een tribune<\/h2>\n<p id=\"p-11\">Antrenorul a vorbit \u0219i despre atmosfera a\u0219teptat\u0103 la Timi\u0219oara, unde rela\u021biile tradi\u021bionale dintre suporterii lui Poli \u0219i cei ai Rapidului creeaz\u0103 de obicei un cadru special.<\/p>\n<p id=\"p-12\">\u201e\u00cen tribune e clar c\u0103 va fi pace, prietenie \u0219i o s\u0103rb\u0103toare, cum a fost \u00eentotdeauna meciurile \u00eentre Rapid \u0219i Poli. Doar c\u0103 \u00een teren (\u2026) din experien\u021bele mele, \u0219i ca juc\u0103tor, dar mai ales ca antrenor, dou\u0103 jocuri cu Poli Timi\u0219oara, ambele meciuri cu cartona\u0219e ro\u0219ii, ambele meciuri cu capete sparte, ambele meciuri cu adversitate foarte mare. M\u00e2ine sper s\u0103 nu se mai \u00eent\u00e2mple lucruri de genul acesta\u201d, a rememorat Pancu.<\/p>\n<p id=\"p-13\">Pancu a vorbit cu respect \u0219i despre Dan Alexa, antrenorul lui Poli Timi\u0219oara \u0219i fostul s\u0103u coleg de la Rapid.<\/p>\n<p id=\"p-14\">\u201eSchimb\u0103 sistemul \u00een timpul meciului. Au juc\u0103tori periculo\u0219i \u00een atac, sunt foarte bine organiza\u021bi. (\u2026) E aproape o echip\u0103 de prim\u0103 lig\u0103, iar replica va fi una pe m\u0103sur\u0103\u201d, a spus tehnicianul Rapidului.<\/p>\n<p id=\"p-15\">Daniel Pancu a apreciat, totodat\u0103, actualul format al Cupei Rom\u00e2niei, cu grupe.<\/p>\n<p id=\"p-16\">\u201eNu pot s\u0103 spun c\u0103 sunt obi\u0219nuit, dar pentru atractivitate, pentru a da \u0219anse mai echipelor mai mici, cred c\u0103 e un sistem foarte bun\u201d, a conchis antrenorul.<\/p>\n<p id=\"p-17\">Partida Poli Timi\u0219oara \u2013 Rapid, din prima etap\u0103 a Grupei A din Cupa Rom\u00e2niei, se va disputa joi, de la ora 20:30.<\/p>\n","protected":false},"excerpt":{"rendered":"<p>Pancu a subliniat c\u0103 obiectivul giule\u0219tenilor este calificarea \u00een faza urm\u0103toare a competi\u021biei, chiar dac\u0103 grupa este una dificil\u0103, cu Poli Timi\u0219oara, Corvinul Hunedoara, UTA Arad, FC Boto\u0219ani \u0219i Minerul &hellip; <a href=\"https:\/\/microscopemedia.com\/?p=711257\" class=\"more-link\">Read More<\/a><\/p>\n","protected":false},"author":1,"featured_media":711258,"comment_status":"closed","ping_status":"closed","sticky":false,"template":"Default","format":"standard","meta":[],"categories":[1],"tags":[],"_links":{"self":[{"href":"https:\/\/microscopemedia.com\/index.php?rest_route=\/wp\/v2\/posts\/711257"}],"collection":[{"href":"https:\/\/microscopemedia.com\/index.php?rest_route=\/wp\/v2\/posts"}],"about":[{"href":"https:\/\/microscopemedia.com\/index.php?rest_route=\/wp\/v2\/types\/post"}],"author":[{"embeddable":true,"href":"https:\/\/microscopemedia.com\/index.php?rest_route=\/wp\/v2\/users\/1"}],"replies":[{"embeddable":true,"href":"https:\/\/microscopemedia.com\/index.php?rest_route=%2Fwp%2Fv2%2Fcomments&post=711257"}],"version-history":[{"count":0,"href":"https:\/\/microscopemedia.com\/index.php?rest_route=\/wp\/v2\/posts\/711257\/revisions"}],"wp:featuredmedia":[{"embeddable":true,"href":"https:\/\/microscopemedia.com\/index.php?rest_route=\/wp\/v2\/media\/711258"}],"wp:attachment":[{"href":"https:\/\/microscopemedia.com\/index.php?rest_route=%2Fwp%2Fv2%2Fmedia&parent=711257"}],"wp:term":[{"taxonomy":"category","embeddable":true,"href":"https:\/\/microscopemedia.com\/index.php?rest_route=%2Fwp%2Fv2%2Fcategories&post=711257"},{"taxonomy":"post_tag","embeddable":true,"href":"https:\/\/microscopemedia.com\/index.php?rest_route=%2Fwp%2Fv2%2Ftags&post=711257"}],"curies":[{"name":"wp","href":"https:\/\/api.w.org\/{rel}","templated":true}]}}