{"id":711261,"date":"2026-09-02T15:17:04","date_gmt":"2026-09-02T15:17:04","guid":{"rendered":"https:\/\/microscopemedia.com\/?p=711261"},"modified":"2026-09-02T15:17:04","modified_gmt":"2026-09-02T15:17:04","slug":"va-veni-sau-nu-gigantul-globus-in-romania-primele-declaratii-oficiale-ale-companiei-mama-din-germania-dupa-stirea-care-a-facut-valuri-in-retailul-local","status":"publish","type":"post","link":"https:\/\/microscopemedia.com\/?p=711261","title":{"rendered":"Va veni sau nu gigantul Globus \u00een Rom\u00e2nia Primele declara\u021bii oficiale ale companiei-mam\u0103 din Germania, dup\u0103 \u0219tirea care a f\u0103cut valuri \u00een retailul local"},"content":{"rendered":"<div readability=\"40.055762081784\">\n<div class=\"sgb-google-buttons\">\n<div class=\"display-flex justify-center google-logo\"><img decoding=\"async\" loading=\"lazy\" class=\"mg-x-auto\" width=\"30\" height=\"30\" src=\"https:\/\/microscopemedia.com\/wp-content\/uploads\/2026\/09\/va-veni-sau-nu-gigantul-globus-in-romania-primele-declaratii-oficiale-ale-companiei-mama-din-germania-dupa-stirea-care-a-facut-valuri-in-retailul-local.png\" alt><\/div>\n<\/p><\/div>\n<p id=\"p-0\">Oficialii Grupului Globus au transmis pozi\u021bia oficial\u0103, la solicitarea de confirmare din partea Mediafax, dup\u0103 ce Profit.ro a relatat c\u0103 grupul german de retail, av\u00e2nd \u00een portofoliu re\u021beaua de hipermarketuri Globus Markthallen \u0219i magazinele de bricolaj Globus Baumarkt, tatoneaz\u0103 intrarea pe pia\u021ba din Rom\u00e2nia.<\/p>\n<p id=\"p-1\">Matthias Bruch, Managing Director, Globus Holding, a venit deja \u00een Rom\u00e2nia pentru a explora oportunit\u0103\u021bi de investi\u021bie, conform surselor <a href=\"https:\/\/www.profit.ro\/povesti-cu-profit\/retail\/exclusiv-surpriza-rival-al-lidl-si-kaufland-ia-in-calcul-romania-gigantul-globus-cu-zeci-de-hipermarketuri-a-venit-deja-la-bucuresti-sa-discute-cu-guvernul-foto-22646612\" target=\"_blank\" rel=\"noopener\">Profit.ro<\/a>, care au ar\u0103tat c\u0103 acesta a avut discu\u021bii \u0219i cu reprezentan\u021bi ai Guvernului, fiind abordate aspecte legate de oportunit\u0103\u021bile de afaceri pe care le prezint\u0103 economia Rom\u00e2niei.<\/p>\n<h2 id=\"chapter-0\">Pozi\u021bia oficial\u0103<\/h2>\n<p id=\"p-2\">Informa\u021biile Mediafax din pia\u021b\u0103 arat\u0103 c\u0103 \u0219tirea Profit.ro a st\u00e2rnit interesul principalilor actori de pe pia\u021ba local\u0103, interesa\u021bi s\u0103 afle concluziile \u00eent\u00e2lnirilor la nivelul Executivului.<\/p>\n<blockquote readability=\"13\">\n<p id=\"p-3\">\u201eCa parte a evalu\u0103rii noastre continue a pie\u021bei interna\u021bionale, examin\u0103m continuu pie\u021bele \u0219i oportunit\u0103\u021bile poten\u021biale. Cu toate acestea, \u00een prezent nu exist\u0103 planuri concrete de intrare pe pia\u021ba rom\u00e2neasc\u0103\u201d, a declarat Isabel del Alcazar von Buchwald, purt\u0103tor de cuv\u00e2nt al Grupului GLOBUS, \u00eentr-un r\u0103spuns la solicitarea reporterului Mediafax.<\/p>\n<\/blockquote>\n<p id=\"p-4\">Grupul Globus, care opereaz\u0103 zeci de hipermarketuri mari \u0219i centre de bricolaj cu re\u021bele alimentare \u0219i de bricolaj \u00een Germania \u0219i Cehia, este concurent direct al <a href=\"https:\/\/www.mediafax.ro\/economic\/prima-reactie-a-grupului-schwarz-din-germania-dupa-ce-consiliului-concurentei-a-transmis-public-ingrijorarile-privind-preluarea-magazinelor-la-cocos-23637779\">grupului Schwarz<\/a>, prezent \u00een Rom\u00e2nia cu brandurile Lidl \u0219i Kaufland, lider al retailului local.<\/p>\n<p id=\"p-5\">Grupul Schwarz a preluat \u00een Rom\u00e2nia \u0219i magazinele La Coco\u0219 \u00een prima parte anului, achizi\u021bie <a href=\"https:\/\/www.mediafax.ro\/economic\/achizitionarea-la-cocos-de-catre-grupul-schwarz-ce-are-kaufland-si-lidl-aprobata-conditionat-de-consiliul-concurentei-23692161\">aprobat\u0103 condi\u021bionat de Consiliul Concuren\u021bei<\/a>, dup\u0103 angajamentele luate de grupul german, a\u0219a cum precizaser\u0103 \u00eentr-un r\u0103spuns pentru Mediafax \u00een noiembrie anul trecut.<\/p>\n<blockquote>\n<p id=\"p-6\">&nbsp;<\/p>\n<\/blockquote>\n<p id=\"p-7\">&nbsp;<\/p>\n<\/p><\/div>\n","protected":false},"excerpt":{"rendered":"<p>Oficialii Grupului Globus au transmis pozi\u021bia oficial\u0103, la solicitarea de confirmare din partea Mediafax, dup\u0103 ce Profit.ro a relatat c\u0103 grupul german de retail, av\u00e2nd \u00een portofoliu re\u021beaua de hipermarketuri &hellip; <a href=\"https:\/\/microscopemedia.com\/?p=711261\" class=\"more-link\">Read More<\/a><\/p>\n","protected":false},"author":1,"featured_media":711262,"comment_status":"closed","ping_status":"closed","sticky":false,"template":"Default","format":"standard","meta":[],"categories":[1],"tags":[],"_links":{"self":[{"href":"https:\/\/microscopemedia.com\/index.php?rest_route=\/wp\/v2\/posts\/711261"}],"collection":[{"href":"https:\/\/microscopemedia.com\/index.php?rest_route=\/wp\/v2\/posts"}],"about":[{"href":"https:\/\/microscopemedia.com\/index.php?rest_route=\/wp\/v2\/types\/post"}],"author":[{"embeddable":true,"href":"https:\/\/microscopemedia.com\/index.php?rest_route=\/wp\/v2\/users\/1"}],"replies":[{"embeddable":true,"href":"https:\/\/microscopemedia.com\/index.php?rest_route=%2Fwp%2Fv2%2Fcomments&post=711261"}],"version-history":[{"count":0,"href":"https:\/\/microscopemedia.com\/index.php?rest_route=\/wp\/v2\/posts\/711261\/revisions"}],"wp:featuredmedia":[{"embeddable":true,"href":"https:\/\/microscopemedia.com\/index.php?rest_route=\/wp\/v2\/media\/711262"}],"wp:attachment":[{"href":"https:\/\/microscopemedia.com\/index.php?rest_route=%2Fwp%2Fv2%2Fmedia&parent=711261"}],"wp:term":[{"taxonomy":"category","embeddable":true,"href":"https:\/\/microscopemedia.com\/index.php?rest_route=%2Fwp%2Fv2%2Fcategories&post=711261"},{"taxonomy":"post_tag","embeddable":true,"href":"https:\/\/microscopemedia.com\/index.php?rest_route=%2Fwp%2Fv2%2Ftags&post=711261"}],"curies":[{"name":"wp","href":"https:\/\/api.w.org\/{rel}","templated":true}]}}