{"id":711271,"date":"2026-09-02T16:26:03","date_gmt":"2026-09-02T16:26:03","guid":{"rendered":"https:\/\/microscopemedia.com\/?p=711271"},"modified":"2026-09-02T16:26:03","modified_gmt":"2026-09-02T16:26:03","slug":"restrictii-de-circulatie-in-bulgaria-ce-soferi-sunt-vizati-in-perioada-minivacantei-de-ziua-reunificarii","status":"publish","type":"post","link":"https:\/\/microscopemedia.com\/?p=711271","title":{"rendered":"Restric\u021bii de circula\u021bie \u00een Bulgaria. Ce \u0219oferi sunt viza\u021bi \u00een perioada minivacan\u021bei de Ziua Reunific\u0103rii"},"content":{"rendered":"<div class=\"sgb-google-buttons\">\n<div class=\"display-flex justify-center google-logo\"><img decoding=\"async\" loading=\"lazy\" class=\"mg-x-auto\" width=\"30\" height=\"30\" src=\"https:\/\/microscopemedia.com\/wp-content\/uploads\/2026\/09\/restrictii-de-circulatie-in-bulgaria-ce-soferi-sunt-vizati-in-perioada-minivacantei-de-ziua-reunificarii.png\" alt><\/div>\n<\/p><\/div>\n<p id=\"p-0\">Ministerul Afacerilor Externe (MAE) \u00eei informeaz\u0103 pe cet\u0103\u021benii rom\u00e2ni care se afl\u0103, tranziteaz\u0103 sau inten\u021bioneaz\u0103 s\u0103 c\u0103l\u0103toreasc\u0103 \u00een Bulgaria c\u0103 restric\u021biile au fost instituite pentru cre\u0219terea siguran\u021bei rutiere, fluidizarea traficului \u0219i prevenirea ambuteiajelor.<\/p>\n<h2 id=\"chapter-0\">C\u00e2nd sunt restric\u021bionate camioanele<\/h2>\n<p id=\"p-1\">Restric\u021biile se aplic\u0103 vineri, 4 septembrie, \u00eentre orele 15:00 \u0219i 20:00, pe sensul de ie\u0219ire din Sofia. Vehiculele care circul\u0103 c\u0103tre capitala Bulgariei nu sunt afectate de aceast\u0103 m\u0103sur\u0103.<\/p>\n<p id=\"p-2\">S\u00e2mb\u0103t\u0103, 5 septembrie, \u00eentre orele 09:00 \u0219i 14:00, restric\u021bia se aplic\u0103 vehiculelor de mare tonaj care pleac\u0103 din Sofia.<\/p>\n<p id=\"p-3\">Luni, 7 septembrie, \u00eentre orele 12:00 \u0219i 20:00, restric\u021bia este instituit\u0103 pe sensul de circula\u021bie c\u0103tre Sofia. Camioanele care p\u0103r\u0103sesc capitala pot circula f\u0103r\u0103 restric\u021bii.<\/p>\n<p id=\"p-4\">M\u0103surile vizeaz\u0103 autostr\u0103zile \u201eTrakia\u201d, \u201eHemus\u201d \u0219i \u201eStruma\u201d, precum \u0219i drumul I-1 din districtul Blagoevgrad.<\/p>\n<h2 id=\"chapter-1\">Ce sectoare sunt afectate<\/h2>\n<p id=\"p-5\">Pe autostrada \u201eHemus\u201d, restric\u021biile se aplic\u0103 pe tronsonul dintre Sofia \u0219i leg\u0103tura rutier\u0103 cu sensul giratoriu \u0219i drumul I-4.<\/p>\n<p id=\"p-6\">De asemenea, traficul este restric\u021bionat pe autostrada \u201eStruma\u201d \u0219i pe drumul I-1, \u00een zona dintre Simitli \u0219i Kresna.<\/p>\n<p id=\"p-7\">Pe drumul I-1, \u00een zona Simitli, spre Bansko \u0219i complexele turistice, va fi introdus \u0219i un regim de circula\u021bie reversibil\u0103.<\/p>\n<p id=\"p-8\">\u00cen zilele de 4 \u0219i 5 septembrie, vehiculele care circul\u0103 spre Kulata vor avea la dispozi\u021bie dou\u0103 benzi, iar cele care se deplaseaz\u0103 spre Sofia vor circula pe o singur\u0103 band\u0103.<\/p>\n<p id=\"p-9\">Pe 7 septembrie, situa\u021bia se inverseaz\u0103: vor fi disponibile dou\u0103 benzi spre Sofia \u0219i una spre Kulata.<\/p>\n<h2 id=\"chapter-2\">Ce vehicule sunt exceptate<\/h2>\n<p id=\"p-10\">De la restric\u021bii sunt exceptate autobuzele pentru transportul public de persoane, vehiculele care transport\u0103 m\u0103rfuri periculoase \u00een regim ADR, animale vii, produse perisabile sau m\u0103rfuri care necesit\u0103 transport \u00een regim termic, precum \u0219i camioanele specializate pentru transportul de carcase.<\/p>\n<p id=\"p-11\">Pe autostrada \u201eTrakia\u201d, m\u0103sura nu se aplic\u0103 transportului public de persoane.<\/p>\n<p id=\"p-12\">Totodat\u0103, pe sensul c\u0103tre Sofia, transportul de m\u0103rfuri periculoase nu va fi restric\u021bionat pe tronsonul dintre intersec\u021biile rutiere Ihtiman \u0219i Vakarel.<\/p>\n<h2 id=\"chapter-3\">Recomand\u0103rile MAE pentru \u0219oferi<\/h2>\n<p id=\"p-13\">MAE le recomand\u0103 \u0219oferilor s\u0103 \u00ee\u0219i planifice din timp deplas\u0103rile prin Bulgaria \u0219i s\u0103 respecte regulile de circula\u021bie \u0219i limitele de vitez\u0103.<\/p>\n<p id=\"p-14\">De asemenea, autorit\u0103\u021bile rom\u00e2ne recomand\u0103 evitarea dep\u0103\u0219irilor riscante \u0219i a utiliz\u0103rii benzii de urgen\u021b\u0103, pentru a nu \u00eempiedica trecerea vehiculelor cu regim special.<\/p>\n<p id=\"p-15\">Pentru monitorizarea traficului \u00een timp real, Agen\u021bia \u201eInfrastructura Rutier\u0103\u201d din Bulgaria pune la dispozi\u021bie o hart\u0103 interactiv\u0103 care indic\u0103 num\u0103rul de vehicule \u0219i fluxul de trafic pe diferite sectoare de drum.<\/p>\n<p id=\"p-16\">MAE le recomand\u0103 cet\u0103\u021benilor rom\u00e2ni s\u0103 verifice informa\u021biile privind starea drumurilor \u0219i situa\u021bia traficului \u00eenainte de plecare \u0219i s\u0103 consulte aplica\u021bia \u201eC\u0103l\u0103tore\u0219te informat\u201d, disponibil\u0103 gratuit pentru telefoanele mobile.<\/p>\n","protected":false},"excerpt":{"rendered":"<p>Ministerul Afacerilor Externe (MAE) \u00eei informeaz\u0103 pe cet\u0103\u021benii rom\u00e2ni care se afl\u0103, tranziteaz\u0103 sau inten\u021bioneaz\u0103 s\u0103 c\u0103l\u0103toreasc\u0103 \u00een Bulgaria c\u0103 restric\u021biile au fost instituite pentru cre\u0219terea siguran\u021bei rutiere, fluidizarea traficului &hellip; <a href=\"https:\/\/microscopemedia.com\/?p=711271\" class=\"more-link\">Read More<\/a><\/p>\n","protected":false},"author":1,"featured_media":711272,"comment_status":"closed","ping_status":"closed","sticky":false,"template":"Default","format":"standard","meta":[],"categories":[1],"tags":[],"_links":{"self":[{"href":"https:\/\/microscopemedia.com\/index.php?rest_route=\/wp\/v2\/posts\/711271"}],"collection":[{"href":"https:\/\/microscopemedia.com\/index.php?rest_route=\/wp\/v2\/posts"}],"about":[{"href":"https:\/\/microscopemedia.com\/index.php?rest_route=\/wp\/v2\/types\/post"}],"author":[{"embeddable":true,"href":"https:\/\/microscopemedia.com\/index.php?rest_route=\/wp\/v2\/users\/1"}],"replies":[{"embeddable":true,"href":"https:\/\/microscopemedia.com\/index.php?rest_route=%2Fwp%2Fv2%2Fcomments&post=711271"}],"version-history":[{"count":0,"href":"https:\/\/microscopemedia.com\/index.php?rest_route=\/wp\/v2\/posts\/711271\/revisions"}],"wp:featuredmedia":[{"embeddable":true,"href":"https:\/\/microscopemedia.com\/index.php?rest_route=\/wp\/v2\/media\/711272"}],"wp:attachment":[{"href":"https:\/\/microscopemedia.com\/index.php?rest_route=%2Fwp%2Fv2%2Fmedia&parent=711271"}],"wp:term":[{"taxonomy":"category","embeddable":true,"href":"https:\/\/microscopemedia.com\/index.php?rest_route=%2Fwp%2Fv2%2Fcategories&post=711271"},{"taxonomy":"post_tag","embeddable":true,"href":"https:\/\/microscopemedia.com\/index.php?rest_route=%2Fwp%2Fv2%2Ftags&post=711271"}],"curies":[{"name":"wp","href":"https:\/\/api.w.org\/{rel}","templated":true}]}}