{"id":711275,"date":"2026-09-02T16:57:03","date_gmt":"2026-09-02T16:57:03","guid":{"rendered":"https:\/\/microscopemedia.com\/?p=711275"},"modified":"2026-09-02T16:57:03","modified_gmt":"2026-09-02T16:57:03","slug":"un-primar-din-hunedoara-a-murit-intr-un-accident-cu-tractorul-damian-dinis-se-afla-la-al-saptelea-mandat","status":"publish","type":"post","link":"https:\/\/microscopemedia.com\/?p=711275","title":{"rendered":"Un primar din Hunedoara a murit \u00eentr-un accident cu tractorul. Damian Dini\u0219 se afla la al \u0219aptelea mandat"},"content":{"rendered":"<div readability=\"41.363221016562\">\n<div class=\"sgb-google-buttons\">\n<div class=\"display-flex justify-center google-logo\"><img decoding=\"async\" loading=\"lazy\" class=\"mg-x-auto\" width=\"30\" height=\"30\" src=\"https:\/\/microscopemedia.com\/wp-content\/uploads\/2026\/09\/un-primar-din-hunedoara-a-murit-intr-un-accident-cu-tractorul-damian-dinis-se-afla-la-al-saptelea-mandat.png\" alt><\/div>\n<\/p><\/div>\n<p class=\"isSelectedEnd\" id=\"p-0\">Potrivit primelor informa\u021bii furnizate de Poli\u021bie, utilajul s-ar fi r\u0103sturnat pe un teren din afara drumurilor publice, iar edilul a r\u0103mas prins sub acesta, relateaz\u0103 publica\u021bia <a href=\"https:\/\/servuspress.ro\/damian-dinis-primarul-comunei-baita-a-decedat-in-urma-unui-tragic-accident_347412.html\" target=\"_blank\" rel=\"noopener\">Servus Hunedoara<\/a>.<\/p>\n<p class=\"isSelectedEnd\" id=\"p-1\">Incidentul a avut loc miercuri dup\u0103-amiaz\u0103, cu pu\u021bin timp \u00eenainte de ora 17:00, \u00een comuna B\u0103i\u021ba.<\/p>\n<p class=\"isSelectedEnd\" id=\"p-2\">Inspectoratul de Poli\u021bie Jude\u021bean Hunedoara a anun\u021bat c\u0103 poli\u021bi\u0219tii din Deva au fost sesiza\u021bi \u00een jurul orei 16:40 cu privire la producerea unui eveniment \u00een urma c\u0103ruia un b\u0103rbat de 58 de ani \u0219i-ar fi pierdut via\u021ba.<\/p>\n<p class=\"isSelectedEnd\" id=\"p-3\">Din verific\u0103rile preliminare a rezultat c\u0103 b\u0103rbatul se afla pe un teren situat \u00een afara drumurilor publice, unde tractorul pe care \u00eel folosea s-ar fi r\u0103sturnat. Victima a r\u0103mas prins\u0103 sub utilaj.<\/p>\n<p class=\"isSelectedEnd\" id=\"p-4\">Echipajele de interven\u021bie ajunse la fa\u021ba locului nu au mai putut s\u0103 \u00eei salveze via\u021ba, fiind constatat decesul.<\/p>\n<p class=\"isSelectedEnd\" id=\"p-5\">Poli\u021bi\u0219tii continu\u0103 cercet\u0103rile pentru a stabili cu exactitate circumstan\u021bele \u00een care s-a produs accidentul.<\/p>\n<h2 id=\"chapter-0\">Conducea comuna B\u0103i\u021ba de peste un sfert de secol<\/h2>\n<p class=\"isSelectedEnd\" id=\"p-6\">Damian Dini\u0219 se num\u0103ra printre primarii cu cea mai mare vechime din jude\u021bul Hunedoara. Acesta conducea administra\u021bia local\u0103 din B\u0103i\u021ba ne\u00eentrerupt din anul 2000.<\/p>\n<p class=\"isSelectedEnd\" id=\"p-7\">La alegerile locale din 2024, Dini\u0219 a ob\u021binut un nou mandat, cel de-al \u0219aptelea consecutiv \u00een fruntea comunei.<\/p>\n<p class=\"isSelectedEnd\" id=\"p-8\">Edilul ocupa \u0219i func\u021bia de pre\u0219edinte al Filialei Jude\u021bene Hunedoara a Asocia\u021biei Comunelor din Rom\u00e2nia (ACoR).<\/p>\n<p id=\"p-9\">Ancheta Poli\u021biei urmeaz\u0103 s\u0103 stabileasc\u0103 mecanismul exact al accidentului \u0219i \u00eemprejur\u0103rile \u00een care tractorul s-a r\u0103sturnat.<\/p>\n<\/p><\/div>\n","protected":false},"excerpt":{"rendered":"<p>Potrivit primelor informa\u021bii furnizate de Poli\u021bie, utilajul s-ar fi r\u0103sturnat pe un teren din afara drumurilor publice, iar edilul a r\u0103mas prins sub acesta, relateaz\u0103 publica\u021bia Servus Hunedoara. Incidentul a &hellip; <a href=\"https:\/\/microscopemedia.com\/?p=711275\" class=\"more-link\">Read More<\/a><\/p>\n","protected":false},"author":1,"featured_media":711276,"comment_status":"closed","ping_status":"closed","sticky":false,"template":"Default","format":"standard","meta":[],"categories":[1],"tags":[],"_links":{"self":[{"href":"https:\/\/microscopemedia.com\/index.php?rest_route=\/wp\/v2\/posts\/711275"}],"collection":[{"href":"https:\/\/microscopemedia.com\/index.php?rest_route=\/wp\/v2\/posts"}],"about":[{"href":"https:\/\/microscopemedia.com\/index.php?rest_route=\/wp\/v2\/types\/post"}],"author":[{"embeddable":true,"href":"https:\/\/microscopemedia.com\/index.php?rest_route=\/wp\/v2\/users\/1"}],"replies":[{"embeddable":true,"href":"https:\/\/microscopemedia.com\/index.php?rest_route=%2Fwp%2Fv2%2Fcomments&post=711275"}],"version-history":[{"count":0,"href":"https:\/\/microscopemedia.com\/index.php?rest_route=\/wp\/v2\/posts\/711275\/revisions"}],"wp:featuredmedia":[{"embeddable":true,"href":"https:\/\/microscopemedia.com\/index.php?rest_route=\/wp\/v2\/media\/711276"}],"wp:attachment":[{"href":"https:\/\/microscopemedia.com\/index.php?rest_route=%2Fwp%2Fv2%2Fmedia&parent=711275"}],"wp:term":[{"taxonomy":"category","embeddable":true,"href":"https:\/\/microscopemedia.com\/index.php?rest_route=%2Fwp%2Fv2%2Fcategories&post=711275"},{"taxonomy":"post_tag","embeddable":true,"href":"https:\/\/microscopemedia.com\/index.php?rest_route=%2Fwp%2Fv2%2Ftags&post=711275"}],"curies":[{"name":"wp","href":"https:\/\/api.w.org\/{rel}","templated":true}]}}