{"id":711281,"date":"2026-09-02T17:37:03","date_gmt":"2026-09-02T17:37:03","guid":{"rendered":"https:\/\/microscopemedia.com\/?p=711281"},"modified":"2026-09-02T17:37:03","modified_gmt":"2026-09-02T17:37:03","slug":"cnsu-a-decis-noi-masuri-pentru-asigurarea-debitului-de-apa-necesar-racirii-reactoarelor-nucleare-de-la-cernavoda-nivelului-dunarii-este-asteptat-sa-scada-de-joi","status":"publish","type":"post","link":"https:\/\/microscopemedia.com\/?p=711281","title":{"rendered":"CNSU a decis noi m\u0103suri pentru asigurarea debitului de ap\u0103 necesar r\u0103cirii reactoarelor nucleare de la Cernavod\u0103. Nivelului Dun\u0103rii este a\u0219teptat s\u0103 scad\u0103 de joi"},"content":{"rendered":"<div readability=\"46.277260273973\">\n<div class=\"sgb-google-buttons\">\n<div class=\"display-flex justify-center google-logo\"><img decoding=\"async\" loading=\"lazy\" class=\"mg-x-auto\" width=\"30\" height=\"30\" src=\"https:\/\/microscopemedia.com\/wp-content\/uploads\/2026\/09\/cnsu-a-decis-noi-masuri-pentru-asigurarea-debitului-de-apa-necesar-racirii-reactoarelor-nucleare-de-la-cernavoda-nivelului-dunarii-este-asteptat-sa-scada-de-joi.png\" alt><\/div>\n<\/p><\/div>\n<p id=\"p-0\">M\u0103surile aprobate de CNSU permit adaptarea interven\u021biei la evolu\u021bia nivelului Dun\u0103rii \u0219i urm\u0103resc s\u0103 asigure resursele de ap\u0103 necesare pentru men\u021binerea CNE Cernavod\u0103 \u00een condi\u021bii de siguran\u021b\u0103 pe durata perioadei caracterizate de debite extrem de sc\u0103zute ale Dun\u0103rii, a transmis Executivul miercuri seara.<\/p>\n<ul>\n<li>Rom\u00e2nia este \u00een <span><a href=\"https:\/\/www.mediafax.ro\/economic\/consumul-de-energie-a-depasit-usor-nivelul-prognozat-in-ultimele-zile-iar-estimarile-sunt-de-crestere-pana-spre-finalul-anului-in-ce-saptamana-este-asteptat-varful-de-consum-23793023\">stare de alert\u0103 energetic\u0103<\/a><\/span>, din 1 august, dup\u0103 oprirea primului reactor de la Cernavod\u0103 (700 MW), din cauza debitelor foarte sc\u0103zute ale Dun\u0103rii, care au dus \u0219i la \u00eenjum\u0103t\u0103\u021birea produc\u021biei celor dou\u0103 hidrocentrale de pe fluviu de la intrarea \u00een \u021bar\u0103, cu o cot\u0103 de 10-15% din totalul generat la nivel multianual.<\/li>\n<li>Pe 13 august a fost oprit \u0219i al doilea reactor al centralei care asigur\u0103, \u00een condi\u021bii normale de func\u021bionare, aproximativ 20% din produc\u021bia na\u021bional\u0103 de energie. Centrala de la Cernavod\u0103 este operat\u0103 de Nuclearelectrica, o companie controlat\u0103 de stat, prin Ministerul Energiei, cu 82,49% din ac\u021biuni.<\/li>\n<li>Comitetul Na\u021bional pentru Situa\u021bii de Urgen\u021b\u0103 (CNSU) a aprobat, pe 22 august, noi m\u0103suri de urgen\u021b\u0103 pentru asigurarea debitului de ap\u0103 necesar sistemelor de r\u0103cire ale Centralei nucleare de la Cernavod\u0103. \u201ePentru a suplimenta debitul Dun\u0103rii, Ministerul Energiei \u0219i compania Hidroelectrica vor \u00eencepe de ast\u0103zi, 22 august 2026, s\u0103 elibereze ap\u0103 din acumul\u0103rile de pe r\u00e2ul Olt cu o rat\u0103 suplimentar\u0103 zilnic\u0103 medie de 50 mc\/s, timp de 5 zile. Aceast\u0103 cantitate suplimentar\u0103 de ap\u0103 va fi folosit\u0103 \u0219i pentru a produce o cantitate suplimentar\u0103 de energie electric\u0103. Apa din canalul Dun\u0103re \u2013 Marea Neagr\u0103 se constituie ca rezerv\u0103 opera\u021bional\u0103, iar Administra\u021bia Canalelor Navigabile, la solicitarea CNE Cernavod\u0103, va asigura eliberarea unui volum de ap\u0103 c\u0103tre priza de ap\u0103 a CNE Cernavod\u0103\u201d, transmitea Guvernul.<\/li>\n<li>Starea de alert\u0103 s-a prelungit pentru 30 de zile \u00eencep\u00e2nd din 30 august 2026, prin Hot\u0103r\u00e2rea nr. 21 din 28 august 2026, dup\u0103 ce s-a constatat &nbsp;\u201emen\u0163inerea condi\u0163iilor care au determinat declararea st\u0103rii de alert\u0103 la nivel na\u0163ional prin raportare la debitul Dun\u0103rii la intrarea \u00een \u0163ar\u0103, acesta fiind la Bazia\u015f de aproximativ 1.350 mc\/s \u015fi, de\u015fi este <span><a href=\"https:\/\/www.mediafax.ro\/economic\/debitul-dunarii-incepe-sa-creasca-la-intrarea-in-tara-cand-se-va-resimti-acest-avans-in-apropierea-centralei-nucleare-de-la-cernavoda-23795634\">prognozat\u0103 o cre\u015ftere temporar\u0103<\/a><\/span> p\u00e2n\u0103 la aproximativ 1.600 mc\/s \u00een perioada 30 \u2013 31 august, aceast\u0103 valoare r\u0103m\u00e2ne mult sub media multianual\u0103 a perioadei cu o probabilitate ridicat\u0103 de reluare a sc\u0103derii \u00een prima decad\u0103 a lunii septembrie, \u00een lipsa unor precipita\u0163ii semnificative \u00een bazinul Dun\u0103rii\u201d.<\/li>\n<\/ul>\n<p id=\"p-1\">Interven\u021bia este necesar\u0103 \u00een condi\u021biile \u00een care <a href=\"https:\/\/www.mediafax.ro\/economic\/comisia-europeana-confirma-ca-a-primit-plangeri-privind-bratul-bala-de-la-un-ong-de-mediu-care-e-pozitia-bruxellesului-23797710\">debitul Dun\u0103rii este prognozat s\u0103 \u00eenregistreze noi sc\u0103deri<\/a> \u00eencep\u00e2nd de joi, 10 septembrie, a precizat Palatul Victoria.<\/p>\n<p id=\"p-2\">Hot\u0103r\u00e2rea CNSU prevede realizarea unui sistem de interven\u021bie temporar, modular, etapizat \u0219i reversibil. Acesta va fi implementat \u00een zona confluen\u021bei de la Cernavod\u0103 a bra\u021bului Dun\u0103rea Veche cu intrarea \u00een Canalul Dun\u0103re-Marea Neagr\u0103, \u00een vederea asigur\u0103rii resursei de ap\u0103 necesare pentru central\u0103.<\/p>\n<h2 id=\"chapter-0\">Etapele interven\u021biei<\/h2>\n<p id=\"p-3\">Potrivit Guvernului, <a href=\"https:\/\/www.mediafax.ro\/economic\/cand-ar-trebui-suplimentat-debitul-pe-bratul-bala-chiar-din-canalul-dunare-marea-neagra-pentru-racirea-reactoarelor-nucleare-de-la-cernavoda-explicatiile-presedintelui-cncan-23799829\">planul de interven\u021bie<\/a> va fi declan\u0219at dac\u0103 nivelul apei scade p\u00e2n\u0103 la cota de 1,58 metri \u00een bazinul prizei de ap\u0103 al CNE Cernavod\u0103 \u0219i prevede mai multe etape, \u00een func\u021bie de evolu\u021bia situa\u021biei.<\/p>\n<ul>\n<li>Astfel, \u00eentr-o prim\u0103 etap\u0103, mai multe nave \u0219i\/sau barje \u00eenc\u0103rcate vor fi amplasate pe un aliniament cu o lungime de aproximativ 600 de metri, astfel \u00eenc\u00e2t fluxul pe bra\u021bul Dun\u0103rii Vechi s\u0103 direc\u021bioneze un volum mai mare de ap\u0103 c\u0103tre intrarea \u00een Canalul Dun\u0103re-Marea Neagr\u0103 \u0219i, implicit, c\u0103tre priza de ap\u0103 a centralei.<\/li>\n<li>\u00cen a doua etap\u0103 se va realiza o \u00eenchidere modular\u0103 cu pontoane \u0219i hidrobaraje pe o sec\u021biune de aproximativ 170 de metri, \u00een zona canalului de racord al centralei. Ca variant\u0103 de rezerv\u0103, acest sistem poate fi \u00eenlocuit cu un baraj temporar realizat din piatr\u0103.<\/li>\n<\/ul>\n<p id=\"p-4\">\u00cen cazul \u00een care ac\u021biunile de interven\u021bie din primele dou\u0103 etape nu vor asigura efectul necesar, Administra\u021bia Na\u021bional\u0103 \u201eApele Rom\u00e2ne\u201d \u0219i Nuclearelectrica vor pune \u00een func\u021biune pompe de mare capacitate, care s\u0103 asigure pomparea de ap\u0103 suplimentar\u0103 c\u0103tre priza de ap\u0103 pentru r\u0103cire a centralei.<\/p>\n<p id=\"p-5\">\u201eLucr\u0103rile realizate de Administra\u021bia Na\u021bional\u0103 \u201eApele Rom\u00e2ne\u201d \u00een baza acestui plan vor fi finan\u021bate prin suplimentarea bugetului Ministerului Mediului, Apelor \u0219i P\u0103durilor din Fondul de rezerv\u0103 la dispozi\u0163ia Guvernului. Cheltuielile efectuate de celelalte institu\u021bii \u0219i de operatorii implica\u021bi \u00een aplicarea m\u0103surilor vor fi suportate din bugetele proprii \u0219i din alte surse constituite potrivit competen\u021belor \u0219i responsabilit\u0103\u021bilor acestora\u201d, au anun\u021bat oficialii.<\/p>\n<p id=\"p-6\"><strong>DOCUMENT: Hot\u0103r\u00e2rea nr. 22 \/ 1 septembrie 2026 privind aprobarea unor m\u0103suri \u0219i lucr\u0103ri de interven\u021bie pentru asigurarea debitelor \u0219i nivelurilor necesare Centralei Nuclearoelectrice Cernavod\u0103 \u00een perioada st\u0103rii de alert\u0103 declarate prin Hot\u0103r\u00e2rea Comitetului Na\u021bional pentru Situa\u021bii de Urgen\u021b\u0103 nr. 15\/2026 \u0219i prelungite prin Hot\u0103r\u00e2rea Comitetului Na\u021bional pentru Situa\u021bii de Urgen\u021b\u0103 nr. 21\/2026<\/strong>, <span><strong><a href=\"https:\/\/www.mediafax.ro\/wp-content\/uploads\/2026\/09\/monitorul-oficial-partea-i-nr-741.pdf\">AICI.<\/a><\/strong><\/span><\/p>\n<\/p><\/div>\n","protected":false},"excerpt":{"rendered":"<p>M\u0103surile aprobate de CNSU permit adaptarea interven\u021biei la evolu\u021bia nivelului Dun\u0103rii \u0219i urm\u0103resc s\u0103 asigure resursele de ap\u0103 necesare pentru men\u021binerea CNE Cernavod\u0103 \u00een condi\u021bii de siguran\u021b\u0103 pe durata perioadei &hellip; <a href=\"https:\/\/microscopemedia.com\/?p=711281\" class=\"more-link\">Read More<\/a><\/p>\n","protected":false},"author":1,"featured_media":711282,"comment_status":"closed","ping_status":"closed","sticky":false,"template":"Default","format":"standard","meta":[],"categories":[1],"tags":[],"_links":{"self":[{"href":"https:\/\/microscopemedia.com\/index.php?rest_route=\/wp\/v2\/posts\/711281"}],"collection":[{"href":"https:\/\/microscopemedia.com\/index.php?rest_route=\/wp\/v2\/posts"}],"about":[{"href":"https:\/\/microscopemedia.com\/index.php?rest_route=\/wp\/v2\/types\/post"}],"author":[{"embeddable":true,"href":"https:\/\/microscopemedia.com\/index.php?rest_route=\/wp\/v2\/users\/1"}],"replies":[{"embeddable":true,"href":"https:\/\/microscopemedia.com\/index.php?rest_route=%2Fwp%2Fv2%2Fcomments&post=711281"}],"version-history":[{"count":0,"href":"https:\/\/microscopemedia.com\/index.php?rest_route=\/wp\/v2\/posts\/711281\/revisions"}],"wp:featuredmedia":[{"embeddable":true,"href":"https:\/\/microscopemedia.com\/index.php?rest_route=\/wp\/v2\/media\/711282"}],"wp:attachment":[{"href":"https:\/\/microscopemedia.com\/index.php?rest_route=%2Fwp%2Fv2%2Fmedia&parent=711281"}],"wp:term":[{"taxonomy":"category","embeddable":true,"href":"https:\/\/microscopemedia.com\/index.php?rest_route=%2Fwp%2Fv2%2Fcategories&post=711281"},{"taxonomy":"post_tag","embeddable":true,"href":"https:\/\/microscopemedia.com\/index.php?rest_route=%2Fwp%2Fv2%2Ftags&post=711281"}],"curies":[{"name":"wp","href":"https:\/\/api.w.org\/{rel}","templated":true}]}}