{"id":711283,"date":"2026-09-02T17:57:02","date_gmt":"2026-09-02T17:57:02","guid":{"rendered":"https:\/\/microscopemedia.com\/?p=711283"},"modified":"2026-09-02T17:57:02","modified_gmt":"2026-09-02T17:57:02","slug":"uta-arad-anunta-oficial-imprumutul-lui-omar-el-sawy-de-la-rapid-pana-la-finalul-sezonului","status":"publish","type":"post","link":"https:\/\/microscopemedia.com\/?p=711283","title":{"rendered":"UTA Arad anun\u021b\u0103 oficial \u00eemprumutul lui Omar El Sawy de la Rapid p\u00e2n\u0103 la finalul sezonului"},"content":{"rendered":"<div readability=\"28\">\n<div class=\"sgb-google-buttons\">\n<div class=\"display-flex justify-center google-logo\"><img decoding=\"async\" loading=\"lazy\" class=\"mg-x-auto\" width=\"30\" height=\"30\" src=\"https:\/\/microscopemedia.com\/wp-content\/uploads\/2026\/09\/uta-arad-anunta-oficial-imprumutul-lui-omar-el-sawy-de-la-rapid-pana-la-finalul-sezonului.png\" alt><\/div>\n<\/p><\/div>\n<p id=\"p-0\">\u00cen v\u00e2rst\u0103 de 22 de ani, El Sawy va \u00eembr\u0103ca tricoul forma\u021biei ar\u0103dene pe durata actualei stagiuni, dup\u0103 acordul \u00eencheiat \u00eentre cele dou\u0103 cluburi.<\/p>\n<p id=\"p-1\">Interna\u021bional rom\u00e2n la toate nivelurile de juniori, de la U17 p\u00e2n\u0103 la U21, Omar El Sawy are deja experien\u021b\u0103 \u00een Superliga Rom\u00e2niei, dup\u0103 perioadele petrecute la Rapid Bucure\u0219ti, Sepsi OSK \u0219i Universitatea Cluj.<\/p>\n<p id=\"p-2\">\u00cemprumutul vine la scurt timp dup\u0103 ce antrenorul Rapidului, Daniel Pancu, a confirmat plecarea juc\u0103torului. Tehnicianul a explicat c\u0103 El Sawy nu avea suficient spa\u021biu \u00een lotul giule\u0219tenilor, \u00een condi\u021biile \u00een care Rapid are numeroase solu\u021bii pe posturile din ofensiv\u0103.<\/p>\n<p id=\"p-3\">UTA a c\u00e2\u0219tigat miercuri primul meci din Cupa Rom\u00e2niei, forma\u021bia preg\u0103tit\u0103 de Adrian Mihalcea c\u00e2\u0219tig\u00e2nd cu 3-0 pe terenul lui Minerul Lupeni.<\/p>\n<p id=\"p-4\">\u00cen Superliga, echipa ar\u0103dean\u0103 a ob\u021binut numai \u0219ase puncte dup\u0103 primele \u0219apte etape. A bifat un singur succes, chiar \u00een runda precedent\u0103, pe terenul lui FCSB, scor 3-1.<\/p>\n<\/p><\/div>\n","protected":false},"excerpt":{"rendered":"<p>\u00cen v\u00e2rst\u0103 de 22 de ani, El Sawy va \u00eembr\u0103ca tricoul forma\u021biei ar\u0103dene pe durata actualei stagiuni, dup\u0103 acordul \u00eencheiat \u00eentre cele dou\u0103 cluburi. Interna\u021bional rom\u00e2n la toate nivelurile de &hellip; <a href=\"https:\/\/microscopemedia.com\/?p=711283\" class=\"more-link\">Read More<\/a><\/p>\n","protected":false},"author":1,"featured_media":711284,"comment_status":"closed","ping_status":"closed","sticky":false,"template":"Default","format":"standard","meta":[],"categories":[1],"tags":[],"_links":{"self":[{"href":"https:\/\/microscopemedia.com\/index.php?rest_route=\/wp\/v2\/posts\/711283"}],"collection":[{"href":"https:\/\/microscopemedia.com\/index.php?rest_route=\/wp\/v2\/posts"}],"about":[{"href":"https:\/\/microscopemedia.com\/index.php?rest_route=\/wp\/v2\/types\/post"}],"author":[{"embeddable":true,"href":"https:\/\/microscopemedia.com\/index.php?rest_route=\/wp\/v2\/users\/1"}],"replies":[{"embeddable":true,"href":"https:\/\/microscopemedia.com\/index.php?rest_route=%2Fwp%2Fv2%2Fcomments&post=711283"}],"version-history":[{"count":0,"href":"https:\/\/microscopemedia.com\/index.php?rest_route=\/wp\/v2\/posts\/711283\/revisions"}],"wp:featuredmedia":[{"embeddable":true,"href":"https:\/\/microscopemedia.com\/index.php?rest_route=\/wp\/v2\/media\/711284"}],"wp:attachment":[{"href":"https:\/\/microscopemedia.com\/index.php?rest_route=%2Fwp%2Fv2%2Fmedia&parent=711283"}],"wp:term":[{"taxonomy":"category","embeddable":true,"href":"https:\/\/microscopemedia.com\/index.php?rest_route=%2Fwp%2Fv2%2Fcategories&post=711283"},{"taxonomy":"post_tag","embeddable":true,"href":"https:\/\/microscopemedia.com\/index.php?rest_route=%2Fwp%2Fv2%2Ftags&post=711283"}],"curies":[{"name":"wp","href":"https:\/\/api.w.org\/{rel}","templated":true}]}}