{"id":711289,"date":"2026-09-02T18:37:02","date_gmt":"2026-09-02T18:37:02","guid":{"rendered":"https:\/\/microscopemedia.com\/?p=711289"},"modified":"2026-09-02T18:37:02","modified_gmt":"2026-09-02T18:37:02","slug":"alexandru-nazare-reforma-nu-mai-este-o-notiune-abstracta-ce-s-a-schimbat-la-anaf","status":"publish","type":"post","link":"https:\/\/microscopemedia.com\/?p=711289","title":{"rendered":"Alexandru Nazare: \u201eReforma nu mai este o no\u021biune abstract\u0103\u201d. Ce s-a schimbat la ANAF"},"content":{"rendered":"<div class=\"sgb-google-buttons\">\n<div class=\"display-flex justify-center google-logo\"><img decoding=\"async\" loading=\"lazy\" class=\"mg-x-auto\" width=\"30\" height=\"30\" src=\"https:\/\/microscopemedia.com\/wp-content\/uploads\/2026\/09\/alexandru-nazare-reforma-nu-mai-este-o-notiune-abstracta-ce-s-a-schimbat-la-anaf.png\" alt><\/div>\n<\/p><\/div>\n<p id=\"p-0\">\u201eAm auzit de at\u00e2t de multe ori cuv\u00e2ntul \u00abreform\u0103\u00bb, \u00eenc\u00e2t no\u021biunea aproape \u015fi-a pierdut sensul de baz\u0103 \u015fi a devenit un termen abstract\u201d, a transmis Nazare, miercuri seara, pe <a href=\"https:\/\/www.facebook.com\/photo?fbid=1649283336758686&amp;set=a.433978261622539&amp;locale=ro_RO\" target=\"_blank\" rel=\"noopener\">Facebook<\/a>.<\/p>\n<p id=\"p-1\">\u201eEu cred \u00een cifre \u015fi fapte, iar \u00een ultimul an avem dou\u0103 realit\u0103\u021bi concrete care m\u0103soar\u0103 reforma \u2013 sau transformarea radical\u0103 de abordare \u00een managementul banilor publici: reducerea deficitului \u021b\u0103rii \u00een \u021bintele asumate, dup\u0103 ani de dezechilibre acumulate \u015fi reconstruc\u021bia din temelii a modului \u00een care func\u021bioneaz\u0103 ANAF\u201d, a ad\u0103ugat ministrul interimar.<\/p>\n<h2 id=\"chapter-0\">Deficit mai mic \u0219i venituri bugetare mai mari<\/h2>\n<p id=\"p-2\">Potrivit lui Nazare, \u00een primele \u0219apte luni din 2026, deficitul a fost redus cu 28,36 miliarde de lei fa\u021b\u0103 de aceea\u0219i perioad\u0103 din 2025, \u00een timp ce veniturile bugetare au crescut cu 11,2%.<\/p>\n<p id=\"p-3\">Ministrul interimar al Finan\u021belor afirm\u0103 c\u0103 evolu\u021bia colect\u0103rii a fost vizibil\u0103 \u00eenc\u0103 din 2025.<\/p>\n<p id=\"p-4\">\u201e\u00cen perioada august \u2013 decembrie 2025, ANAF a colectat 215,18 mld. lei, cu 10,2%, respectiv 19,86 mld. lei, mai mult dec\u00e2t \u00een aceea\u015fi perioad\u0103 din 2024. \u00cen continuare, \u00een primele 6 luni din 2026, colectarea a ajuns la 267,6 mld. lei, cu 22,4 mld. lei peste primul semestru din 2025\u201d, a precizat acesta.<\/p>\n<p id=\"p-5\">Nazare a men\u021bionat \u0219i \u00eendeplinirea \u021bintei PNRR privind cre\u0219terea cu 2,5 puncte procentuale a veniturilor curente \u00een 2025 fa\u021b\u0103 de nivelul de baz\u0103 din 2019.<\/p>\n<p id=\"p-6\">\u201eNu este un rezultat exclusiv ANAF, dar este un indicator important c\u0103 schimbarea politicii fiscale \u0219i a administra\u021biei veniturilor \u00eencepe s\u0103 produc\u0103 efecte m\u0103surabile. Pentru mine, aceasta este diferen\u021ba dintre a vorbi despre reform\u0103 \u0219i a putea ar\u0103ta efectele ei \u00een cifre\u201d, a spus ministrul interimar.<\/p>\n<h2 id=\"chapter-1\">Accent pe analiza de risc<\/h2>\n<p id=\"p-7\">Potrivit lui Nazare, transformarea ANAF nu \u00eenseamn\u0103 doar colectare mai bun\u0103, ci \u0219i digitalizare, combaterea fraudei \u0219i schimbarea modului \u00een care sunt selectate controalele fiscale.<\/p>\n<p id=\"p-8\">\u201eDar reforma nu \u00eenseamn\u0103 doar colectare mai bun\u0103. \u00censeamn\u0103 digitalizare, analiz\u0103 de risc bazat\u0103 pe AI, combaterea fraudei \u015fi o rela\u021bie \u00eembun\u0103t\u0103\u021bit\u0103 cu cet\u0103\u021benii \u0219i companiile\u201d, a afirmat Alexandru Nazare.<\/p>\n<p id=\"p-9\">Ministrul a enumerat printre m\u0103surile introduse \u00een ultimul an Declara\u021bia Unic\u0103 digital\u0103 precompletat\u0103, platforma eLicita\u021biiANAF, aplica\u021bia iBon \u0219i noi instrumente de raportare digital\u0103. Nazare mai precizeaz\u0103 c\u0103 \u201e\u00een acela\u015fi timp, noul SPV \u0219i noul portal ANAF sunt \u00een curs de finalizare, iar RO e-Factura \u0219i SAF-T permit deja confruntatea datelor fiscale cu realitatea economic\u0103 \u015fi direc\u021bionarea controalelor c\u0103tre riscul fiscal real\u201d.<\/p>\n<p id=\"p-10\">\u201eCe am f\u0103cut de fapt? Am mutat gradual accentul controlului fiscal de la volum c\u0103tre analiz\u0103 de risc bazat\u0103 pe date \u015fi ac\u021biuni \u021bintite, acolo unde riscul fiscal este real \u015fi pericliteaz\u0103 nu doar finan\u021bele publice, ci \u015fi siguran\u021ba social\u0103\u201d, a transmis Nazare.<\/p>\n<h2 id=\"chapter-2\">Din 2027, performan\u021ba inspectorilor va fi m\u0103surat\u0103 prin KPI<\/h2>\n<p id=\"p-11\">Nazare spune c\u0103 urm\u0103toarea etap\u0103 a reformei va \u00eencepe \u00een 2027, c\u00e2nd vor fi introdu\u0219i indicatori de performan\u021b\u0103 \u0219i instrumente de evaluare clare \u0219i verificabile.<\/p>\n<p id=\"p-12\">\u201eIar din 2027 trecem la urm\u0103toarea etap\u0103: KPI \u015fi instrumente de evaluare clare, m\u0103surabile \u0219i verificabile. Acesta este, de fapt, unul dintre elementele centrale ale noului jalon PNRR: nu doar s\u0103 cump\u0103r\u0103m sisteme informatice sau s\u0103 adopt\u0103m acte normative, ci s\u0103 schimb\u0103m stimulentele din interiorul administra\u021biei fiscale. Un ANAF modern trebuie s\u0103 poat\u0103 m\u0103sura cine produce rezultate, c\u00e2t de solide sunt aceste rezultate \u0219i dac\u0103 ele contribuie efectiv la cre\u0219terea conform\u0103rii \u0219i a veniturilor statului\u201d, a spus ministrul.<\/p>\n<p id=\"p-13\">Acesta a explicat c\u0103 evaluarea inspectorilor nu ar trebui s\u0103 se bazeze doar pe num\u0103rul de controale efectuate sau pe sumele stabilite ini\u021bial.<\/p>\n<p id=\"p-14\">\u201eNu va conta doar c\u00e2te controale a f\u0103cut un inspector ANAF sau ce sume a stabilit ini\u021bial. Va conta dac\u0103 a identificat corect riscul, dac\u0103 a \u021bintit corect controlul \u0219i dac\u0103 decizia este una just\u0103 \u0219i sustenabil\u0103. \u00cen sf\u00e2r\u015fit, ANAF devine o institu\u021bie evaluat\u0103 dup\u0103 performan\u021b\u0103, structura activit\u0103\u021bii \u015fi modul de lucru al fiec\u0103rui angajat\u201d, a afirmat Nazare.<\/p>\n<h2 id=\"chapter-3\">Reduceri salariale pentru neperforman\u021b\u0103<\/h2>\n<p id=\"p-15\">Ministrul sus\u021bine c\u0103 o hot\u0103r\u00e2re adoptat\u0103 de Guvern s\u0103pt\u0103m\u00e2na aceasta introduce consecin\u021be concrete pentru neperforman\u021b\u0103 \u00een cadrul ANAF.<\/p>\n<p id=\"p-16\">\u201ePrin noua Hot\u0103r\u00e2re adoptat\u0103 \u00een Guvern s\u0103pt\u0103m\u00e2na aceasta, neperforman\u021ba la ANAF va avea consecin\u021be concrete (reduceri salariale), iar performan\u021ba va fi atent evaluat\u0103, m\u0103surat\u0103 \u015fi recompensat\u0103, dup\u0103 modelele din privat\u201d, a transmis Nazare.<\/p>\n<p id=\"p-17\">Ministrul interimar consider\u0103 c\u0103 rezultatele institu\u021biei, ale structurilor \u0219i contribu\u021bia individual\u0103 a angaja\u021bilor trebuie s\u0103 poat\u0103 fi m\u0103surate separat.<\/p>\n<h2 id=\"chapter-4\">Controale care au dus la stabilirea unor sume suplimentare<\/h2>\n<p id=\"p-18\">Nazare a prezentat \u0219i c\u00e2teva rezultate recente ale controalelor fiscale.<\/p>\n<p id=\"p-19\">Potrivit ministrului interimar al Finan\u021belor, ANAF a stabilit 87 de milioane de lei TVA suplimentar \u00eentr-un caz privind comer\u021bul cu utilaje agricole, dup\u0103 corelarea facturilor, comenzilor, codurilor de TVA \u0219i documentelor de transport.<\/p>\n<p id=\"p-20\">\u00centr-un alt caz, ar fi fost identificat un prejudiciu de peste 26 de milioane de lei \u00eentr-un mecanism transfrontalier de fraudare a TVA, prin care au fost introduse \u00een Rom\u00e2nia peste 2.000 de autoturisme second-hand.<\/p>\n<p id=\"p-21\">De asemenea, la un <a href=\"https:\/\/www.mediafax.ro\/social\/salarii-de-43-milioane-de-lei-platite-la-negru-intr-un-complex-turistic-din-valcea-23793414\">complex turistic<\/a> au fost identificate, potrivit lui Nazare, salarii nefiscalizate \u00een valoare de 4,3 milioane de lei, cu obliga\u021bii suplimentare de 1,88 milioane de lei achitate integral la buget.<\/p>\n<h2 id=\"chapter-5\">\u201eNu putem cere disciplin\u0103 mediului privat\u201d<\/h2>\n<p id=\"p-22\">Ministrul sus\u021bine c\u0103 eficientizarea administra\u021biei fiscale trebuie s\u0103 fie \u00eenso\u021bit\u0103 de disciplin\u0103 \u00een interiorul institu\u021biilor statului.<\/p>\n<p id=\"p-23\">\u201eNu putem cere disciplin\u0103 mediului privat f\u0103r\u0103 s\u0103 demonstr\u0103m disciplin\u0103 institu\u021bional\u0103. Acesta este principiul care trebuie s\u0103 stea la baza perioadei urm\u0103toare\u201d, a afirmat Nazare.<\/p>\n<p id=\"p-24\">Acesta a argumentat c\u0103 reforma fiscal\u0103 are efecte dincolo de reducerea deficitului.<\/p>\n<p id=\"p-25\">\u201eConsolidarea fiscal\u0103 nu este un scop \u00een sine \u0219i nici un exerci\u021biu contabil, ci condi\u021bia nevesar\u0103 pentru o economie mai stabil\u0103, costuri de finan\u021bare mai reduse \u0219i un mediu de afaceri mai competitiv\u201d, a transmis ministrul interimar.<\/p>\n<p id=\"p-26\">\u00cen opinia sa, antreprenorii au nevoie de reguli clare \u0219i predictibilitate \u0219i \u201ede un stat care \u00ee\u0219i respect\u0103 propriile angajamente. La fel cum companiile sunt obligate s\u0103 \u00ee\u0219i gestioneze responsabil resursele \u0219i s\u0103 \u00ee\u0219i pl\u0103teasc\u0103 obliga\u021biile \u0219i statul trebuie s\u0103 devin\u0103 eficient \u0219i s\u0103 foloseasc\u0103 fiecare leu public cu responsabilitate\u201d.<\/p>\n<p id=\"p-27\">\u201eReforma nu mai este, deci, o no\u021biune abstract\u0103 \u015fi nici subiect de demagogie. La Finan\u021be restructur\u0103m complet \u015fi cu rezultate concrete un sistem pe care se sprijin\u0103 direct \u00eentreaga economie \u015fi societate\u201d, a conchis Alexandru Nazare.<\/p>\n","protected":false},"excerpt":{"rendered":"<p>\u201eAm auzit de at\u00e2t de multe ori cuv\u00e2ntul \u00abreform\u0103\u00bb, \u00eenc\u00e2t no\u021biunea aproape \u015fi-a pierdut sensul de baz\u0103 \u015fi a devenit un termen abstract\u201d, a transmis Nazare, miercuri seara, pe Facebook. &hellip; <a href=\"https:\/\/microscopemedia.com\/?p=711289\" class=\"more-link\">Read More<\/a><\/p>\n","protected":false},"author":1,"featured_media":711290,"comment_status":"closed","ping_status":"closed","sticky":false,"template":"Default","format":"standard","meta":[],"categories":[1],"tags":[],"_links":{"self":[{"href":"https:\/\/microscopemedia.com\/index.php?rest_route=\/wp\/v2\/posts\/711289"}],"collection":[{"href":"https:\/\/microscopemedia.com\/index.php?rest_route=\/wp\/v2\/posts"}],"about":[{"href":"https:\/\/microscopemedia.com\/index.php?rest_route=\/wp\/v2\/types\/post"}],"author":[{"embeddable":true,"href":"https:\/\/microscopemedia.com\/index.php?rest_route=\/wp\/v2\/users\/1"}],"replies":[{"embeddable":true,"href":"https:\/\/microscopemedia.com\/index.php?rest_route=%2Fwp%2Fv2%2Fcomments&post=711289"}],"version-history":[{"count":0,"href":"https:\/\/microscopemedia.com\/index.php?rest_route=\/wp\/v2\/posts\/711289\/revisions"}],"wp:featuredmedia":[{"embeddable":true,"href":"https:\/\/microscopemedia.com\/index.php?rest_route=\/wp\/v2\/media\/711290"}],"wp:attachment":[{"href":"https:\/\/microscopemedia.com\/index.php?rest_route=%2Fwp%2Fv2%2Fmedia&parent=711289"}],"wp:term":[{"taxonomy":"category","embeddable":true,"href":"https:\/\/microscopemedia.com\/index.php?rest_route=%2Fwp%2Fv2%2Fcategories&post=711289"},{"taxonomy":"post_tag","embeddable":true,"href":"https:\/\/microscopemedia.com\/index.php?rest_route=%2Fwp%2Fv2%2Ftags&post=711289"}],"curies":[{"name":"wp","href":"https:\/\/api.w.org\/{rel}","templated":true}]}}