{"id":711293,"date":"2026-09-02T19:07:03","date_gmt":"2026-09-02T19:07:03","guid":{"rendered":"https:\/\/microscopemedia.com\/?p=711293"},"modified":"2026-09-02T19:07:03","modified_gmt":"2026-09-02T19:07:03","slug":"universitatea-craiova-l-a-prezentat-oficial-pe-portughezul-joao-lameira-transferat-de-la-otelul","status":"publish","type":"post","link":"https:\/\/microscopemedia.com\/?p=711293","title":{"rendered":"Universitatea Craiova l-a prezentat oficial pe portughezul Joao Lameira, transferat de la O\u021belul"},"content":{"rendered":"<div readability=\"23.0175\">\n<div class=\"sgb-google-buttons\">\n<div class=\"display-flex justify-center google-logo\"><img decoding=\"async\" loading=\"lazy\" class=\"mg-x-auto\" width=\"30\" height=\"30\" src=\"https:\/\/microscopemedia.com\/wp-content\/uploads\/2026\/09\/universitatea-craiova-l-a-prezentat-oficial-pe-portughezul-joao-lameira-transferat-de-la-otelul.png\" alt><\/div>\n<\/p><\/div>\n<p id=\"p-0\">Lameira, care a fost c\u0103pitanul forma\u021biei g\u0103l\u0103\u021bene, a evoluat la O\u021belul din ianuarie 2024 \u0219i a devenit unul dintre juc\u0103torii importan\u021bi ai echipei. \u00cen actualul sezon de Superliga a \u00eenscris dou\u0103 goluri \u00een primele \u0219apte partide, fiind al doilea marcator al echipei g\u0103l\u0103\u021bene.<\/p>\n<p id=\"p-1\">Portughezul a marcat \u00een victoriile O\u021belului cu CFR Cluj, scor 2-1, \u00een prima etap\u0103, \u0219i cu FC Arge\u0219, scor 1-0, \u00een etapa a \u0219asea.<\/p>\n<p id=\"p-2\">Transferul la Universitatea Craiova vine dup\u0103 plecarea mijloca\u0219ului Anzor Mekvabishvili la Chicago Fire, campioana Rom\u00e2niei c\u0103ut\u00e2nd un \u00eenlocuitor pentru interna\u021bionalul georgian.<\/p>\n<p id=\"p-3\">\u201eJoao Lameira a intrat \u00een familia leilor din B\u0103nie!\u201d, a transmis Universitatea Craiova pe pagina oficial\u0103 de Facebook, ur\u00e2ndu-i portughezului succes \u00een tricoul alb-albastru.<\/p>\n<p id=\"p-4\">Lameira este produs al academiei FC Porto \u0219i a fost interna\u021bional de juniori al Portugaliei.<\/p>\n<\/p><\/div>\n","protected":false},"excerpt":{"rendered":"<p>Lameira, care a fost c\u0103pitanul forma\u021biei g\u0103l\u0103\u021bene, a evoluat la O\u021belul din ianuarie 2024 \u0219i a devenit unul dintre juc\u0103torii importan\u021bi ai echipei. \u00cen actualul sezon de Superliga a \u00eenscris &hellip; <a href=\"https:\/\/microscopemedia.com\/?p=711293\" class=\"more-link\">Read More<\/a><\/p>\n","protected":false},"author":1,"featured_media":711294,"comment_status":"closed","ping_status":"closed","sticky":false,"template":"Default","format":"standard","meta":[],"categories":[1],"tags":[],"_links":{"self":[{"href":"https:\/\/microscopemedia.com\/index.php?rest_route=\/wp\/v2\/posts\/711293"}],"collection":[{"href":"https:\/\/microscopemedia.com\/index.php?rest_route=\/wp\/v2\/posts"}],"about":[{"href":"https:\/\/microscopemedia.com\/index.php?rest_route=\/wp\/v2\/types\/post"}],"author":[{"embeddable":true,"href":"https:\/\/microscopemedia.com\/index.php?rest_route=\/wp\/v2\/users\/1"}],"replies":[{"embeddable":true,"href":"https:\/\/microscopemedia.com\/index.php?rest_route=%2Fwp%2Fv2%2Fcomments&post=711293"}],"version-history":[{"count":0,"href":"https:\/\/microscopemedia.com\/index.php?rest_route=\/wp\/v2\/posts\/711293\/revisions"}],"wp:featuredmedia":[{"embeddable":true,"href":"https:\/\/microscopemedia.com\/index.php?rest_route=\/wp\/v2\/media\/711294"}],"wp:attachment":[{"href":"https:\/\/microscopemedia.com\/index.php?rest_route=%2Fwp%2Fv2%2Fmedia&parent=711293"}],"wp:term":[{"taxonomy":"category","embeddable":true,"href":"https:\/\/microscopemedia.com\/index.php?rest_route=%2Fwp%2Fv2%2Fcategories&post=711293"},{"taxonomy":"post_tag","embeddable":true,"href":"https:\/\/microscopemedia.com\/index.php?rest_route=%2Fwp%2Fv2%2Ftags&post=711293"}],"curies":[{"name":"wp","href":"https:\/\/api.w.org\/{rel}","templated":true}]}}