{"id":711299,"date":"2026-09-02T19:46:03","date_gmt":"2026-09-02T19:46:03","guid":{"rendered":"https:\/\/microscopemedia.com\/?p=711299"},"modified":"2026-09-02T19:46:03","modified_gmt":"2026-09-02T19:46:03","slug":"tanczos-barna-despre-scandalul-din-camera-deputatilor-csoma-botond-a-aflat-cu-un-minut-inainte-de-vot-ca-exista-o-noua-majoritate","status":"publish","type":"post","link":"https:\/\/microscopemedia.com\/?p=711299","title":{"rendered":"Tanczos Barna, despre scandalul din Camera Deputa\u021bilor: \u201eCsoma Botond a aflat cu un minut \u00eenainte de vot c\u0103 exist\u0103 o nou\u0103 majoritate\u201d"},"content":{"rendered":"<div class=\"sgb-google-buttons\">\n<div class=\"display-flex justify-center google-logo\"><img decoding=\"async\" loading=\"lazy\" class=\"mg-x-auto\" width=\"30\" height=\"30\" src=\"https:\/\/microscopemedia.com\/wp-content\/uploads\/2026\/09\/tanczos-barna-despre-scandalul-din-camera-deputatilor-csoma-botond-a-aflat-cu-un-minut-inainte-de-vot-ca-exista-o-noua-majoritate.png\" alt><\/div>\n<\/p><\/div>\n<p id=\"p-0\">Invitat miercuri seara la Euronews, Tanczos Barna a vorbit despre noua sesiune Parlamentar\u0103 \u0219i noua majoritate din Camera Deputa\u021bilor.<\/p>\n<h2 id=\"chapter-0\">Majoritatea, \u201ela fel de suprinz\u0103toare \u0219i pentru noi\u201d<\/h2>\n<p id=\"p-1\">\u201eAm p\u0103strat o func\u021bie \u00een conducerea Camerei Deputa\u021bilor. La fel de surprinz\u0103toare a fost \u0219i pentru noi aceast\u0103 majoritate, ca pentru ceilal\u021bi colegi din PNL sau din USR sau pentru restul lumii care afla de la televizor\u201d, a transmis vicepremierul interimar al Rom\u00e2niei.<\/p>\n<p id=\"p-2\">Tanczos a men\u021bionat c\u0103 \u201eLiderul nostru de grup din camer\u0103, Csoma Botond, a aflat cu un minut \u00eenainte de vot, sau cu c\u00e2teva minute \u00eenainte, c\u0103 exist\u0103 o nou\u0103 r\u00e2nduire, o nou\u0103 majoritate, un nou acord semnat. Inclusiv de minorit\u0103\u021bile na\u021bionale, de grupul minorit\u0103\u021bilor, pentru o nou\u0103 formul\u0103 de \u00eemp\u0103r\u021bire a acestor func\u021bii\u201d.<\/p>\n<p id=\"p-3\">Potrivit acestuia, nu a fost vorba despre o colaborare cu partidul AUR.<\/p>\n<p id=\"p-4\">\u201eA fost un vot pentru a p\u0103stra postul pe care l-am avut \u0219i p\u00e2n\u0103 acum \u00een conducerea Camerei Deputa\u021bilor \u0219i pe care \u00eel avem de zeci de ani de zile, o pozi\u021bie de chestori \u00een conducerea Camerei, cu procentele noastre pe care le avem \u00een Parlament de 36-37 de ani de zile\u201d, continu\u0103 Tanczos.<\/p>\n<h2 id=\"chapter-1\">UDMR nu va avea \u201eniciodat\u0103\u201d discu\u021bii cu AUR<\/h2>\n<p id=\"p-5\">De asemenea, vicepremierul interimar a ad\u0103ugat c\u0103 \u201ee<span class=\"cursor-pointer group\" title=\"Reda\u021bi \u00eencep\u00e2nd de la 1:59\"><span class=\"group-hover:bg-base-200 rounded p-0.5 -m-0.5\" data-start=\"119020\" data-end=\"122880\">ste o situa\u021bie de analizat \u0219i pentru noi. Este o situa\u021bie total nou\u0103.<\/span><\/span>&nbsp;<span class=\"cursor-pointer group\" title=\"Reda\u021bi \u00eencep\u00e2nd de la 2:04\"><span class=\"group-hover:bg-base-200 rounded p-0.5 -m-0.5\" data-start=\"123580\" data-end=\"129699\">Nu am avut discu\u021bii pe aceast\u0103 tem\u0103 cu PSD-ul sau cu altele, mai ales cu AUR n-o s\u0103 avem niciodat\u0103\u201d.<\/span><\/span><\/p>\n<p id=\"p-6\">\u201eNici n-o s\u0103 vede\u021bi niciodat\u0103 o coali\u021bie sau o majoritate \u00een care s\u0103 fie \u0219i AUR \u0219i UDMR. A fost o for\u021bare a notei din partea PSD, AUR, SOS \u0219i din partea celorlalte forma\u021biuni\u201d, potrivit acestuia.<\/p>\n<p id=\"p-7\">Tanczos men\u021bioneaz\u0103, totodat\u0103, c\u0103 \u201ecel mai important lucru este demarca\u021bia foarte clar\u0103, linia ro\u0219ie, \u00eentre noi \u0219i AUR. Cu siguran\u021b\u0103, UDMR se va delimita de fiecare dat\u0103, de orice majoritate care se formeaz\u0103 \u00eempreun\u0103 cu sau cu ajutorul AUR\u201d.<\/p>\n<p id=\"p-8\">Vicepremierul interimar a asigurat c\u0103 UDMR se va delimita \u201eindiferent dac\u0103 din acea majoritate face parte PSD, PNL, oricine altcineva, care&nbsp; mai negociaz\u0103 cu AUR\u201d.<\/p>\n","protected":false},"excerpt":{"rendered":"<p>Invitat miercuri seara la Euronews, Tanczos Barna a vorbit despre noua sesiune Parlamentar\u0103 \u0219i noua majoritate din Camera Deputa\u021bilor. Majoritatea, \u201ela fel de suprinz\u0103toare \u0219i pentru noi\u201d \u201eAm p\u0103strat o &hellip; <a href=\"https:\/\/microscopemedia.com\/?p=711299\" class=\"more-link\">Read More<\/a><\/p>\n","protected":false},"author":1,"featured_media":711300,"comment_status":"closed","ping_status":"closed","sticky":false,"template":"Default","format":"standard","meta":[],"categories":[1],"tags":[],"_links":{"self":[{"href":"https:\/\/microscopemedia.com\/index.php?rest_route=\/wp\/v2\/posts\/711299"}],"collection":[{"href":"https:\/\/microscopemedia.com\/index.php?rest_route=\/wp\/v2\/posts"}],"about":[{"href":"https:\/\/microscopemedia.com\/index.php?rest_route=\/wp\/v2\/types\/post"}],"author":[{"embeddable":true,"href":"https:\/\/microscopemedia.com\/index.php?rest_route=\/wp\/v2\/users\/1"}],"replies":[{"embeddable":true,"href":"https:\/\/microscopemedia.com\/index.php?rest_route=%2Fwp%2Fv2%2Fcomments&post=711299"}],"version-history":[{"count":0,"href":"https:\/\/microscopemedia.com\/index.php?rest_route=\/wp\/v2\/posts\/711299\/revisions"}],"wp:featuredmedia":[{"embeddable":true,"href":"https:\/\/microscopemedia.com\/index.php?rest_route=\/wp\/v2\/media\/711300"}],"wp:attachment":[{"href":"https:\/\/microscopemedia.com\/index.php?rest_route=%2Fwp%2Fv2%2Fmedia&parent=711299"}],"wp:term":[{"taxonomy":"category","embeddable":true,"href":"https:\/\/microscopemedia.com\/index.php?rest_route=%2Fwp%2Fv2%2Fcategories&post=711299"},{"taxonomy":"post_tag","embeddable":true,"href":"https:\/\/microscopemedia.com\/index.php?rest_route=%2Fwp%2Fv2%2Ftags&post=711299"}],"curies":[{"name":"wp","href":"https:\/\/api.w.org\/{rel}","templated":true}]}}