{"id":711303,"date":"2026-09-02T20:07:03","date_gmt":"2026-09-02T20:07:03","guid":{"rendered":"https:\/\/microscopemedia.com\/?p=711303"},"modified":"2026-09-02T20:07:03","modified_gmt":"2026-09-02T20:07:03","slug":"brexitul-o-miscare-gresita-pentru-marea-britanie-ce-cred-acum-majoritatea-britanicilor","status":"publish","type":"post","link":"https:\/\/microscopemedia.com\/?p=711303","title":{"rendered":"Brexitul, \u201eo mi\u0219care gre\u0219it\u0103\u201d pentru Marea Britanie? Ce cred acum majoritatea britanicilor"},"content":{"rendered":"<div class=\"sgb-google-buttons\">\n<div class=\"display-flex justify-center google-logo\"><img decoding=\"async\" loading=\"lazy\" class=\"mg-x-auto\" width=\"30\" height=\"30\" src=\"https:\/\/microscopemedia.com\/wp-content\/uploads\/2026\/09\/brexitul-o-miscare-gresita-pentru-marea-britanie-ce-cred-acum-majoritatea-britanicilor.png\" alt><\/div>\n<\/p><\/div>\n<p id=\"p-0\">Majoritatea britanicilor sunt de acord cu Andy Burnham c\u0103 \u021bara a f\u0103cut o \u201emi\u0219care gre\u0219it\u0103\u201d atunci c\u00e2nd a p\u0103r\u0103sit Uniunea European\u0103, \u00eens\u0103 opiniile sunt \u00eemp\u0103r\u021bite \u00een privin\u021ba afirma\u021biei sale c\u0103 guvernarea lui Margaret Thatcher a pus \u021bara pe un drum gre\u0219it, potrivit<a href=\"https:\/\/www.independent.co.uk\/news\/uk\/politics\/andy-burnham-brexit-eu-margaret-thatcher-b3043683.html\" target=\"_blank\" rel=\"noopener\"> The Independent<\/a>.<\/p>\n<p id=\"p-1\">\u00cen primul s\u0103u discurs \u00een calitate de premier \u00een Camera Comunelor, fostul primar al Greater Manchester a criticat dezindustrializarea \u0219i privatiz\u0103rile din anii 1980, precum \u0219i efectele austerit\u0103\u021bii \u0219i ale Brexitului asupra regiunilor din Regatul Unit aflate \u00een afara sud-estului Angliei \u0219i Londrei.<\/p>\n<p id=\"p-2\">El a enumerat \u201eseria de mi\u0219c\u0103ri gre\u0219ite\u201d pe care Regatul Unit le-a f\u0103cut \u00een ultimii 40 de ani \u0219i a avertizat c\u0103 Brexitul a agravat problemele din ultimul deceniu.<\/p>\n<p id=\"p-3\">Burnham le-a spus parlamentarilor: \u201e\u00cencep\u00e2nd cu anii 1980, aceast\u0103 \u021bar\u0103 a f\u0103cut o serie de mi\u0219c\u0103ri gre\u0219ite. Puterea politic\u0103 a fost centralizat\u0103, iar puterea economic\u0103 a fost privatizat\u0103. \u021aara s-a dezindustrializat. A urmat austeritatea, care a sl\u0103bit administra\u021biile locale \u0219i le-a lipsit de capacitatea de a ac\u021biona pentru a schimba aceast\u0103 situa\u021bie, iar apoi Brexitul a agravat problemele, aduc\u00e2nd un deceniu de cre\u0219tere economic\u0103 sc\u0103zut\u0103 \u0219i de stagnare a regener\u0103rii\u201d\/<\/p>\n<h2 id=\"chapter-0\">Majoritatea britanicilor consider\u0103 Brexitul o gre\u0219eal\u0103<\/h2>\n<p id=\"p-4\">Potrivit unui nou sondaj YouGov, 55% dintre britanici sunt de acord cu premierul c\u0103 Brexitul a fost o \u201emi\u0219care gre\u0219it\u0103\u201d, \u00een timp ce 21% nu sunt de acord. Alte 11% au spus c\u0103 nu consider\u0103 c\u0103 a fost nici o mi\u0219care bun\u0103, nici una gre\u0219it\u0103, iar 13% nu au \u0219tiut ce s\u0103 r\u0103spund\u0103.<\/p>\n<p id=\"p-5\">\u00cen r\u00e2ndul aleg\u0103torilor laburi\u0219ti de la alegerile generale din 2024, 78% au considerat Brexitul o mi\u0219care gre\u0219it\u0103. \u00cen schimb, 59% dintre aleg\u0103torii Reform UK au spus c\u0103 a fost o mi\u0219care corect\u0103.<\/p>\n<p id=\"p-6\">Declara\u021biile lui Burnham au fost salutate de militan\u021bii pro-UE, la doar c\u00e2teva zile dup\u0103 ce The Independent a relatat c\u0103 Brexitul a provocat pierderi de 11,7 miliarde de lire sterline pe an la exporturile companiilor britanice. Un alt sondaj arat\u0103 c\u0103 98,2% dintre companii vor ca Regatul Unit s\u0103 revin\u0103 \u00een pia\u021ba unic\u0103.<\/p>\n<p id=\"p-7\">Naomi Smith, directoarea executiv\u0103 a organiza\u021biei Best for Britain, a declarat c\u0103 este \u201eextrem de binevenit\u201d ca un premier s\u0103 spun\u0103 clar, \u00een Camera Comunelor, c\u0103 Brexitul a afectat Marea Britanie.<\/p>\n<p id=\"p-8\">Ea a sus\u021binut c\u0103 Brexitul, \u00een loc s\u0103 redea controlul \u021b\u0103rii, \u201ene-a mic\u0219orat economia, ne-a l\u0103sat mai s\u0103raci, mai slabi, mai pu\u021bin \u00een siguran\u021b\u0103 \u0219i mai diviza\u021bi\u201d.<\/p>\n<h2 id=\"chapter-1\">Britanicii sunt \u00eemp\u0103r\u021bi\u021bi \u00een privin\u021ba lui Margaret Thatcher<\/h2>\n<p id=\"p-9\">\u00cen ceea ce o prive\u0219te pe Margaret Thatcher, care a fost premier \u00eentre 1979 \u0219i 1990 \u0219i a avut cea mai lung\u0103 perioad\u0103 ne\u00eentrerupt\u0103 la conducerea unui guvern britanic \u00een secolul XX, 35% dintre britanici consider\u0103 c\u0103 mandatul s\u0103u a reprezentat o mi\u0219care gre\u0219it\u0103 pentru \u021bar\u0103.<\/p>\n<p id=\"p-10\">28% au spus c\u0103 a fost mai degrab\u0103 o mi\u0219care corect\u0103, 14% au r\u0103spuns \u201eniciuna\u201d, iar 23% nu au \u0219tiut.<\/p>\n<p id=\"p-11\">\u00cen r\u00e2ndul aleg\u0103torilor conservatori din 2024, 60% au considerat perioada Thatcher o mi\u0219care corect\u0103, la fel ca 57% dintre aleg\u0103torii Reform UK. \u00cen schimb, 58% dintre aleg\u0103torii laburi\u0219ti au considerat-o o mi\u0219care gre\u0219it\u0103.<\/p>\n<p id=\"p-12\">\u00cen ceea ce prive\u0219te privatizarea \u0219i centralizarea puterii, elemente importante ale perioadei Thatcher \u0219i ale mo\u0219tenirii acesteia, Burnham a afirmat c\u0103 acestea au reprezentat un \u201emodel economic e\u0219uat\u201d.<\/p>\n<p id=\"p-13\">El a spus c\u0103 acest model a dus la apari\u021bia unor zone comerciale pustii \u00een \u00eentreaga \u021bar\u0103 \u0219i a descris industria britanic\u0103 a apei drept \u201eun monument care se scurge\u201d al acestei abord\u0103ri, \u00eentr-o \u021bar\u0103 administrat\u0103 \u00een interesul privat, nu al celui public.<\/p>\n<p id=\"p-14\">\u201ePentru mult timp, \u021bara nu a avut ambi\u021bii pentru regiunile sale din afara Londrei \u2013 s-a vorbit chiar despre declinul gestionat al ora\u0219ului Liverpool\u201d, le-a spus premierul parlamentarilor.<\/p>\n<p id=\"p-15\">Burnham a sus\u021binut c\u0103 transferul puterii c\u0103tre regiunile marilor ora\u0219e le-a permis acestora s\u0103 \u00ee\u0219i stabileasc\u0103 propriile obiective \u0219i a spus c\u0103 vrea ca toate regiunile \u0219i na\u021biunile Regatului Unit s\u0103 poat\u0103 face acela\u0219i lucru, \u201ecre\u00e2nd condi\u021biile pentru o cre\u0219tere economic\u0103 solid\u0103 \u00een fiecare zon\u0103\u201d.<\/p>\n","protected":false},"excerpt":{"rendered":"<p>Majoritatea britanicilor sunt de acord cu Andy Burnham c\u0103 \u021bara a f\u0103cut o \u201emi\u0219care gre\u0219it\u0103\u201d atunci c\u00e2nd a p\u0103r\u0103sit Uniunea European\u0103, \u00eens\u0103 opiniile sunt \u00eemp\u0103r\u021bite \u00een privin\u021ba afirma\u021biei sale c\u0103 &hellip; <a href=\"https:\/\/microscopemedia.com\/?p=711303\" class=\"more-link\">Read More<\/a><\/p>\n","protected":false},"author":1,"featured_media":711304,"comment_status":"closed","ping_status":"closed","sticky":false,"template":"Default","format":"standard","meta":[],"categories":[1],"tags":[],"_links":{"self":[{"href":"https:\/\/microscopemedia.com\/index.php?rest_route=\/wp\/v2\/posts\/711303"}],"collection":[{"href":"https:\/\/microscopemedia.com\/index.php?rest_route=\/wp\/v2\/posts"}],"about":[{"href":"https:\/\/microscopemedia.com\/index.php?rest_route=\/wp\/v2\/types\/post"}],"author":[{"embeddable":true,"href":"https:\/\/microscopemedia.com\/index.php?rest_route=\/wp\/v2\/users\/1"}],"replies":[{"embeddable":true,"href":"https:\/\/microscopemedia.com\/index.php?rest_route=%2Fwp%2Fv2%2Fcomments&post=711303"}],"version-history":[{"count":0,"href":"https:\/\/microscopemedia.com\/index.php?rest_route=\/wp\/v2\/posts\/711303\/revisions"}],"wp:featuredmedia":[{"embeddable":true,"href":"https:\/\/microscopemedia.com\/index.php?rest_route=\/wp\/v2\/media\/711304"}],"wp:attachment":[{"href":"https:\/\/microscopemedia.com\/index.php?rest_route=%2Fwp%2Fv2%2Fmedia&parent=711303"}],"wp:term":[{"taxonomy":"category","embeddable":true,"href":"https:\/\/microscopemedia.com\/index.php?rest_route=%2Fwp%2Fv2%2Fcategories&post=711303"},{"taxonomy":"post_tag","embeddable":true,"href":"https:\/\/microscopemedia.com\/index.php?rest_route=%2Fwp%2Fv2%2Ftags&post=711303"}],"curies":[{"name":"wp","href":"https:\/\/api.w.org\/{rel}","templated":true}]}}