{"id":711311,"date":"2026-09-02T21:06:06","date_gmt":"2026-09-02T21:06:06","guid":{"rendered":"https:\/\/microscopemedia.com\/?p=711311"},"modified":"2026-09-02T21:06:06","modified_gmt":"2026-09-02T21:06:06","slug":"tanczos-barna-udmr-ar-putea-sustine-inclusiv-un-guvern-minoritar-condus-de-psd-responsabilitatea-de-a-da-un-guvern-este-extraordinar-de-importanta","status":"publish","type":"post","link":"https:\/\/microscopemedia.com\/?p=711311","title":{"rendered":"Tanczos Barna: UDMR ar putea sus\u021bine inclusiv un guvern minoritar condus de PSD. \u201eResponsabilitatea de a da un guvern este extraordinar de important\u0103\u201d"},"content":{"rendered":"<div class=\"sgb-google-buttons\">\n<div class=\"display-flex justify-center google-logo\"><img decoding=\"async\" loading=\"lazy\" class=\"mg-x-auto\" width=\"30\" height=\"30\" src=\"https:\/\/microscopemedia.com\/wp-content\/uploads\/2026\/09\/tanczos-barna-udmr-ar-putea-sustine-inclusiv-un-guvern-minoritar-condus-de-psd-responsabilitatea-de-a-da-un-guvern-este-extraordinar-de-importanta.png\" alt><\/div>\n<\/p><\/div>\n<p class=\"isSelectedEnd\" id=\"p-0\">Singura variant\u0103 exclus\u0103 categoric este, potrivit acestuia, participarea AUR la majoritatea care ar sus\u021bine viitorul Cabinet.<\/p>\n<p class=\"isSelectedEnd\" id=\"p-1\">Tanczos Barna a avertizat c\u0103 prelungirea actualei perioade de interimat afecteaz\u0103 func\u021bionarea Executivului \u0219i a f\u0103cut apel la partidele parlamentare s\u0103 g\u0103seasc\u0103 rapid o formul\u0103 capabil\u0103 s\u0103 asigure o majoritate.<\/p>\n<p class=\"isSelectedEnd\" id=\"p-2\">\u201eCert este c\u0103 aceast\u0103 situa\u021bie nu trebuie continuat\u0103 mai departe. Eu, \u00een calitate de ministru interimar la Agricultur\u0103, v\u0103 spun c\u0103 nu se poate guverna a\u0219a. Nu se poate lucra eficient a\u0219a. \u0218i aceast\u0103 stare de guvernare prin interimare \u0219i prin mini\u0219tri interimari trebuie s\u0103 \u00eenceteze \u00een cel mai scurt timp posibil \u0219i cineva trebuie s\u0103 formeze o majoritate\u201d, a declarat Tanczos Barna la Euronews.<\/p>\n<p class=\"isSelectedEnd\" id=\"p-3\">Acesta a apreciat c\u0103 Rom\u00e2nia se confrunt\u0103 cu o situa\u021bie politic\u0103 nou\u0103 pentru \u021bar\u0103, dar \u00eent\u00e2lnit\u0103 deja \u00een alte state europene, unde fragmentarea Parlamentului a f\u0103cut dificil\u0103 construirea \u0219i men\u021binerea unor coali\u021bii stabile.<\/p>\n<h2 id=\"chapter-0\">Tanczos Barna: O majoritate cu AUR, \u201ecel mai greu compromis posibil\u201d<\/h2>\n<p class=\"isSelectedEnd\" id=\"p-4\">\u00cen ceea ce prive\u0219te variantele aflate \u00een discu\u021bie pentru formarea unei majorit\u0103\u021bi, reprezentantul UDMR a indicat c\u0103 partidul s\u0103u este dispus la compromisuri, dar nu \u0219i la o formul\u0103 \u00een care AUR s\u0103 participe la majoritate.<\/p>\n<p class=\"isSelectedEnd\" id=\"p-5\">\u201eAcum, care este compromisul mai mic? Un acord \u00eentre PNL-PSD? Sau un compromis \u00eentre PNL \u0219i alte forma\u021biuni? Sau PSD-USR? Cu siguran\u021b\u0103 compromisul cel mai mare este s\u0103 accept\u0103m noi o majoritate \u00eempreun\u0103 cu AUR. Deci acesta este cel mai greu compromis posibil\u201d, a afirmat Tanczos Barna.<\/p>\n<p class=\"isSelectedEnd\" id=\"p-6\">\u00centrebat dac\u0103 o asemenea variant\u0103 este imposibil\u0103, ministrul interimar a r\u0103spuns: \u201eImposibil. Eu cred c\u0103 orice altceva este posibil pentru a asigura o guvernare pentru aceast\u0103 \u021bar\u0103.\u201d<\/p>\n<p class=\"isSelectedEnd\" id=\"p-7\">Tanczos a exclus \u0219i scenariul \u00een care UDMR ar accepta o formul\u0103 bazat\u0103 pe parlamentari desprinsi din AUR.<\/p>\n<h2 id=\"chapter-1\">UDMR a\u0219teapt\u0103 nominalizarea premierului<\/h2>\n<p class=\"isSelectedEnd\" id=\"p-8\">Ministrul a explicat c\u0103 UDMR nu a luat \u00eenc\u0103 o decizie definitiv\u0103 privind formula politic\u0103 pe care o va sus\u021bine, deoarece este necesar s\u0103 fie cunoscut mai \u00eent\u00e2i candidatul desemnat pentru func\u021bia de premier.<\/p>\n<p class=\"isSelectedEnd\" id=\"p-9\">\u201e\u00cen primul \u0219i \u00een primul r\u00e2nd ar trebui s\u0103 vedem un premier. S\u0103 \u0219tim \u00een jurul c\u0103rui partid, \u00een jurul c\u0103rei persoane se coaguleaz\u0103 aceast\u0103 majoritate. Am discutat, nu e un secret, ieri mai multe variante la \u0219edin\u021ba grupurilor reunite. Neav\u00e2nd o nominalizare, nu am luat nicio decizie\u201d, a declarat Tanczos Barna.<\/p>\n<p class=\"isSelectedEnd\" id=\"p-10\">El a reiterat \u00eens\u0103 disponibilitatea UDMR de a analiza aproape toate formulele politice care ar putea produce o majoritate parlamentar\u0103.<\/p>\n<p class=\"isSelectedEnd\" id=\"p-11\">\u201eDar, \u00eenc\u0103 o dat\u0103, suntem dispu\u0219i s\u0103 sus\u021binem aproape orice combina\u021bie \u00eentre partide, \u00eentre forma\u021biunile politice, cu excep\u021bia variantei \u00een care \u0219i AUR face parte din acea majoritate\u201d, a spus el.<\/p>\n<p class=\"isSelectedEnd\" id=\"p-12\">\u00cen discu\u021bie a fost adus\u0103 \u0219i posibilitatea unui guvern construit \u00een jurul PSD, inclusiv unul condus de Sorin Grindeanu, precum \u0219i varianta unui premier tehnocrat sau independent. Tanczos Barna a indicat c\u0103 un asemenea scenariu este posibil, f\u0103r\u0103 a anun\u021ba \u00eens\u0103 o decizie a UDMR.<\/p>\n<h2 id=\"chapter-2\">\u201eAm putea sus\u021bine un guvern minoritar\u201d condus de PSD<\/h2>\n<p class=\"isSelectedEnd\" id=\"p-13\">O alt\u0103 variant\u0103 luat\u0103 \u00een calcul este instalarea unui Executiv minoritar condus de PSD, f\u0103r\u0103 ca UDMR s\u0103 intre obligatoriu la guvernare.<\/p>\n<p class=\"isSelectedEnd\" id=\"p-14\">\u201eAm putea sus\u021bine, de exemplu, o variant\u0103 de guvern minoritar, teoretic, dac\u0103 se str\u00e2ng suficiente voturi, f\u0103r\u0103 AUR, pentru a instala un guvern condus de PSD. Este o variant\u0103\u201d, a afirmat Tanczos Barna.<\/p>\n<p class=\"isSelectedEnd\" id=\"p-15\">El a precizat c\u0103 UDMR nu exclude nici trecerea \u00een opozi\u021bie \u0219i a f\u0103cut distinc\u021bia \u00eentre participarea efectiv\u0103 la guvernare \u0219i acordarea voturilor necesare pentru \u00eenvestirea unui Executiv minoritar.<\/p>\n<p class=\"isSelectedEnd\" id=\"p-16\">\u201eSus\u021binerea unui guvern minoritar este o formul\u0103 politic\u0103 aplicat\u0103 de foarte multe ori \u00een Parlament \u0219i \u00een Rom\u00e2nia \u0219i \u00een alte \u021b\u0103ri. Nu \u00eenseamn\u0103 c\u0103 e\u0219ti la guvernare. \u00censeamn\u0103 c\u0103 nu-\u021bi asumi guvernarea \u0219i nu e\u0219ti 100% cu acea echip\u0103\u201d, a explicat acesta.<\/p>\n<p class=\"isSelectedEnd\" id=\"p-17\">Tanczos Barna a ar\u0103tat c\u0103, \u00eentr-un asemenea scenariu, UDMR ar putea ulterior s\u0103 decid\u0103 de la caz la caz dac\u0103 voteaz\u0103 proiectele \u0219i politicile promovate de Executiv.<\/p>\n<p class=\"isSelectedEnd\" id=\"p-18\">\u201ePo\u021bi s\u0103 sus\u021bii punctual anumite propuneri ale guvernului sau po\u021bi s\u0103 le critici \u0219i s\u0103 votezi \u00eempotriv\u0103. Asta \u00eenseamn\u0103 c\u0103 sus\u021bii \u00eenvestirea. Responsabilitatea de a da un guvern ast\u0103zi este una extraordinar de important\u0103\u201d, a declarat ministrul.<\/p>\n<h2 id=\"chapter-3\">\u201eDac\u0103 putem s\u0103 ajut\u0103m la formarea unui guvern, cu siguran\u021b\u0103 vom fi acolo\u201d<\/h2>\n<p class=\"isSelectedEnd\" id=\"p-19\">Tanczos Barna a insistat c\u0103 prioritatea imediat\u0103 este ie\u0219irea din actuala situa\u021bie de interimat, chiar dac\u0103 solu\u021bia va fi un Executiv care nu dispune de o majoritate politic\u0103 proprie \u00een Parlament.<\/p>\n<p class=\"isSelectedEnd\" id=\"p-20\">\u201eDac\u0103 vedem c\u0103 putem s\u0103 ajut\u0103m la formarea unui guvern, chiar dac\u0103 este minoritar, cu siguran\u021b\u0103 vom fi acolo ca s\u0103 se formeze acel guvern, ca s\u0103 se \u00eenvesteasc\u0103 acel guvern, ca s\u0103 ie\u0219im din aceast\u0103 situa\u021bie total atipic\u0103 \u0219i neproductiv\u0103 de guvern interimar\u201d, a declarat Tanczos Barna.<\/p>\n<p class=\"isSelectedEnd\" id=\"p-21\">Ulterior, a explicat acesta, sprijinul parlamentar ar putea fi negociat punctual, \u00een func\u021bie de proiectele de lege, ini\u021biativele \u0219i politicile publice propuse de noul Executiv.<\/p>\n<p id=\"p-22\">Mesajul transmis de ministru indic\u0103 astfel c\u0103 UDMR nu condi\u021bioneaz\u0103 sprijinul pentru viitorul guvern de participarea sa efectiv\u0103 la Cabinet \u0219i las\u0103 deschis\u0103 inclusiv posibilitatea sus\u021binerii la \u00eenvestire a unui Executiv minoritar construit \u00een jurul PSD. Condi\u021bia politic\u0103 exprimat\u0103 categoric de Tanczos Barna este ca AUR s\u0103 nu fac\u0103 parte din majoritatea respectiv\u0103.<\/p>\n","protected":false},"excerpt":{"rendered":"<p>Singura variant\u0103 exclus\u0103 categoric este, potrivit acestuia, participarea AUR la majoritatea care ar sus\u021bine viitorul Cabinet. Tanczos Barna a avertizat c\u0103 prelungirea actualei perioade de interimat afecteaz\u0103 func\u021bionarea Executivului \u0219i &hellip; <a href=\"https:\/\/microscopemedia.com\/?p=711311\" class=\"more-link\">Read More<\/a><\/p>\n","protected":false},"author":1,"featured_media":711312,"comment_status":"closed","ping_status":"closed","sticky":false,"template":"Default","format":"standard","meta":[],"categories":[1],"tags":[],"_links":{"self":[{"href":"https:\/\/microscopemedia.com\/index.php?rest_route=\/wp\/v2\/posts\/711311"}],"collection":[{"href":"https:\/\/microscopemedia.com\/index.php?rest_route=\/wp\/v2\/posts"}],"about":[{"href":"https:\/\/microscopemedia.com\/index.php?rest_route=\/wp\/v2\/types\/post"}],"author":[{"embeddable":true,"href":"https:\/\/microscopemedia.com\/index.php?rest_route=\/wp\/v2\/users\/1"}],"replies":[{"embeddable":true,"href":"https:\/\/microscopemedia.com\/index.php?rest_route=%2Fwp%2Fv2%2Fcomments&post=711311"}],"version-history":[{"count":0,"href":"https:\/\/microscopemedia.com\/index.php?rest_route=\/wp\/v2\/posts\/711311\/revisions"}],"wp:featuredmedia":[{"embeddable":true,"href":"https:\/\/microscopemedia.com\/index.php?rest_route=\/wp\/v2\/media\/711312"}],"wp:attachment":[{"href":"https:\/\/microscopemedia.com\/index.php?rest_route=%2Fwp%2Fv2%2Fmedia&parent=711311"}],"wp:term":[{"taxonomy":"category","embeddable":true,"href":"https:\/\/microscopemedia.com\/index.php?rest_route=%2Fwp%2Fv2%2Fcategories&post=711311"},{"taxonomy":"post_tag","embeddable":true,"href":"https:\/\/microscopemedia.com\/index.php?rest_route=%2Fwp%2Fv2%2Ftags&post=711311"}],"curies":[{"name":"wp","href":"https:\/\/api.w.org\/{rel}","templated":true}]}}