{"id":711315,"date":"2026-09-02T22:27:03","date_gmt":"2026-09-02T22:27:03","guid":{"rendered":"https:\/\/microscopemedia.com\/?p=711315"},"modified":"2026-09-02T22:27:03","modified_gmt":"2026-09-02T22:27:03","slug":"ue-sustine-reformarea-onu-dreptul-de-veto-al-marilor-puteri-ar-putea-fi-limitat-in-cazurile-atrocitatilor-in-masa","status":"publish","type":"post","link":"https:\/\/microscopemedia.com\/?p=711315","title":{"rendered":"UE sus\u021bine reformarea ONU. Dreptul de veto al marilor puteri ar putea fi limitat \u00een cazurile atrocit\u0103\u021bilor \u00een mas\u0103"},"content":{"rendered":"<div class=\"sgb-google-buttons\">\n<div class=\"display-flex justify-center google-logo\"><img decoding=\"async\" loading=\"lazy\" class=\"mg-x-auto\" width=\"30\" height=\"30\" src=\"https:\/\/microscopemedia.com\/wp-content\/uploads\/2026\/09\/ue-sustine-reformarea-onu-dreptul-de-veto-al-marilor-puteri-ar-putea-fi-limitat-in-cazurile-atrocitatilor-in-masa.png\" alt><\/div>\n<\/p><\/div>\n<p id=\"p-0\">Propunerea privind veto-ul face parte din declara\u021bia \u201e\u00cen sprijinul unui multilateralism eficient\u201d, adoptat\u0103 miercuri de UE \u0219i statele membre la Wicklow, \u00een Irlanda, \u00eentr-un moment \u00een care tensiunile geopolitice \u0219i \u00eenc\u0103lc\u0103rile dreptului interna\u021bional pun tot mai mult la \u00eencercare capacitatea ONU de a interveni \u00een marile crize.<\/p>\n<p id=\"p-1\">Potrivit Serviciului European de Ac\u021biune Extern\u0103 (<a href=\"https:\/\/www.eeas.europa.eu\/eeas\/declaration-eu-and-its-member-states-support-effective-multilateralism_en?fbclid=IwY2xjawUFXrpwZG9mBWV4dG4DYWVtAjExAHNydGMGYXBwX2lkEDIyMjAzOTE3ODgyMDA4OTIAAR4aRx578oBwcMZfZ117vuIBnuqQ8n-9JwBbd07eqI0SPjuLUg7pbJJA8XfJfQ_aem_EFQCmlvTgQkr60wHLQhtmw\" target=\"_blank\" rel=\"noopener\">EEAS<\/a>), serviciul diplomatic al Uniunii Europene, europenii sus\u021bin ini\u021biativa lansat\u0103 de Fran\u021ba \u0219i Mexic pentru reglementarea utiliz\u0103rii dreptului de veto \u00een Consiliul de Securitate, \u00een situa\u021biile \u00een care au loc atrocit\u0103\u021bi \u00een mas\u0103.<\/p>\n<p id=\"p-2\">\u00cen prezent, oricare dintre cei cinci membri permanen\u021bi ai Consiliului de Securitate \u2013 SUA, Rusia, China, Fran\u021ba \u0219i Regatul Unit \u2013 poate bloca prin veto o rezolu\u021bie, chiar dac\u0103 ceilal\u021bi membri o sus\u021bin.<\/p>\n<h2 id=\"chapter-0\">Veto-ul, una dintre marile probleme ale Consiliului de Securitate<\/h2>\n<p id=\"p-3\">Ini\u021biativa franco-mexican\u0103 urm\u0103re\u0219te ca membrii permanen\u021bi s\u0103 se ab\u021bin\u0103 de la folosirea veto-ului atunci c\u00e2nd sunt comise atrocit\u0103\u021bi \u00een mas\u0103. O asemenea schimbare ar reduce posibilitatea ca un singur membru permanent s\u0103 paralizeze ac\u021biunea Consiliului de Securitate \u00eentr-o astfel de situa\u021bie.<\/p>\n<p id=\"p-4\">Dreptul de veto este unul dintre subiectele abordate \u00een declara\u021bia comun\u0103, care are \u00een vedere \u0219i reformarea mai ampl\u0103 a sistemului ONU. Uniunea European\u0103 vrea o organiza\u021bie mai eficient\u0103, mai reprezentativ\u0103 \u0219i capabil\u0103 s\u0103 r\u0103spund\u0103 mai bine crizelor interna\u021bionale.<\/p>\n<p id=\"p-5\">Europenii sus\u021bin \u0219i continuarea procesului de reform\u0103 \u00eenceput prin ini\u021biativa UN80, lansat\u0103 \u00een 2025, la 80 de ani de la \u00eenfiin\u021barea ONU, care urm\u0103re\u0219te simplificarea modului de func\u021bionare a organiza\u021biei \u0219i reducerea costurilor.<\/p>\n<h2 id=\"chapter-1\">UE cere protejarea instan\u021belor interna\u021bionale<\/h2>\n<p id=\"p-6\">Un alt punct al documentului prive\u0219te instan\u021bele interna\u021bionale \u0219i persoanele care lucreaz\u0103 sau coopereaz\u0103 cu acestea. UE cere ca acestea s\u0103 fie protejate de presiuni, intimid\u0103ri \u0219i ingerin\u021be.<\/p>\n<p id=\"p-7\">Sunt men\u021bionate explicit Curtea Interna\u021bional\u0103 de Justi\u021bie, care solu\u021bioneaz\u0103 litigii \u00eentre state, \u0219i Curtea Penal\u0103 Interna\u021bional\u0103, care judec\u0103 persoane acuzate de unele dintre cele mai grave crime interna\u021bionale.<\/p>\n<p id=\"p-8\">Declara\u021bia face referire \u0219i la problema finan\u021b\u0103rii ONU. Statele membre trebuie s\u0103 \u00ee\u0219i achite integral \u0219i la timp contribu\u021biile stabilite, plata acestora fiind o obliga\u021bie prev\u0103zut\u0103 de Carta ONU.<\/p>\n<p id=\"p-9\">\u00cen acela\u0219i document, europenii cer respectarea Conven\u021biei ONU asupra dreptului m\u0103rii \u0219i a regulilor interna\u021bionale privind utilizarea m\u0103rilor \u0219i oceanelor.<\/p>\n<p id=\"p-10\">Reforma ONU va continua \u0219i sub viitorul secretar general, care va prelua func\u021bia la 1 ianuarie 2027, dup\u0103 \u00eencheierea mandatului lui Ant\u00f3nio Guterres. UE spune c\u0103 este preg\u0103tit\u0103 s\u0103 colaboreze cu viitorul \u0219ef al organiza\u021biei pentru continuarea reformelor.<\/p>\n","protected":false},"excerpt":{"rendered":"<p>Propunerea privind veto-ul face parte din declara\u021bia \u201e\u00cen sprijinul unui multilateralism eficient\u201d, adoptat\u0103 miercuri de UE \u0219i statele membre la Wicklow, \u00een Irlanda, \u00eentr-un moment \u00een care tensiunile geopolitice \u0219i &hellip; <a href=\"https:\/\/microscopemedia.com\/?p=711315\" class=\"more-link\">Read More<\/a><\/p>\n","protected":false},"author":1,"featured_media":711316,"comment_status":"closed","ping_status":"closed","sticky":false,"template":"Default","format":"standard","meta":[],"categories":[1],"tags":[],"_links":{"self":[{"href":"https:\/\/microscopemedia.com\/index.php?rest_route=\/wp\/v2\/posts\/711315"}],"collection":[{"href":"https:\/\/microscopemedia.com\/index.php?rest_route=\/wp\/v2\/posts"}],"about":[{"href":"https:\/\/microscopemedia.com\/index.php?rest_route=\/wp\/v2\/types\/post"}],"author":[{"embeddable":true,"href":"https:\/\/microscopemedia.com\/index.php?rest_route=\/wp\/v2\/users\/1"}],"replies":[{"embeddable":true,"href":"https:\/\/microscopemedia.com\/index.php?rest_route=%2Fwp%2Fv2%2Fcomments&post=711315"}],"version-history":[{"count":0,"href":"https:\/\/microscopemedia.com\/index.php?rest_route=\/wp\/v2\/posts\/711315\/revisions"}],"wp:featuredmedia":[{"embeddable":true,"href":"https:\/\/microscopemedia.com\/index.php?rest_route=\/wp\/v2\/media\/711316"}],"wp:attachment":[{"href":"https:\/\/microscopemedia.com\/index.php?rest_route=%2Fwp%2Fv2%2Fmedia&parent=711315"}],"wp:term":[{"taxonomy":"category","embeddable":true,"href":"https:\/\/microscopemedia.com\/index.php?rest_route=%2Fwp%2Fv2%2Fcategories&post=711315"},{"taxonomy":"post_tag","embeddable":true,"href":"https:\/\/microscopemedia.com\/index.php?rest_route=%2Fwp%2Fv2%2Ftags&post=711315"}],"curies":[{"name":"wp","href":"https:\/\/api.w.org\/{rel}","templated":true}]}}