{"id":711319,"date":"2026-09-02T23:26:03","date_gmt":"2026-09-02T23:26:03","guid":{"rendered":"https:\/\/microscopemedia.com\/?p=711319"},"modified":"2026-09-02T23:26:03","modified_gmt":"2026-09-02T23:26:03","slug":"spania-zguduita-de-proteste-din-cauza-crizei-din-ceuta-50-000-de-oameni-au-iesit-in-strada-la-madrid","status":"publish","type":"post","link":"https:\/\/microscopemedia.com\/?p=711319","title":{"rendered":"Spania, zguduit\u0103 de proteste din cauza crizei din Ceuta. 50.000 de oameni au ie\u0219it \u00een strad\u0103 la Madrid"},"content":{"rendered":"<div class=\"sgb-google-buttons\">\n<div class=\"display-flex justify-center google-logo\"><img decoding=\"async\" loading=\"lazy\" class=\"mg-x-auto\" width=\"30\" height=\"30\" src=\"https:\/\/microscopemedia.com\/wp-content\/uploads\/2026\/09\/spania-zguduita-de-proteste-din-cauza-crizei-din-ceuta-50-000-de-oameni-au-iesit-in-strada-la-madrid.png\" alt><\/div>\n<\/p><\/div>\n<p id=\"p-0\">Numai la Madrid, autorit\u0103\u021bile estimeaz\u0103 c\u0103 aproximativ 50.000 de oameni au participat la manifesta\u021bie. Potrivit <a href=\"https:\/\/apnews.com\/article\/spain-migration-ceuta-protest-holiday-dcc8fcac0897320c50d3bed6f7b6ebbb\" target=\"_blank\" rel=\"noopener\">Associated Press<\/a>, proteste importante au avut loc \u0219i la Barcelona, Valencia \u0219i Sevilla, iar manifesta\u021bii au fost organizate \u00een peste 200 de ora\u0219e \u0219i localit\u0103\u021bi din \u021bar\u0103.<\/p>\n<p id=\"p-1\">La Madrid, dup\u0103 \u00eencheierea protestului, s-au auzit focuri \u0219i explozii. Poli\u021bia a folosit gloan\u021be de cauciuc \u0219i gaze lacrimogene pentru dispersarea mul\u021bimii, a relatat presa spaniol\u0103.<\/p>\n<p id=\"p-2\">Manifestan\u021bii, mul\u021bi dintre ei purt\u00e2nd steaguri ale Spaniei, au scandat mesaje \u00eempotriva premierului Pedro S\u00e1nchez \u0219i a migran\u021bilor r\u0103ma\u0219i \u00een Ceuta.<\/p>\n<h2 id=\"chapter-0\">Aproximativ 5.000 de migran\u021bi se afl\u0103 \u00eenc\u0103 \u00een Ceuta<\/h2>\n<p id=\"p-3\">Criza a izbucnit la sf\u00e2r\u0219itul lunii iulie, c\u00e2nd aproximativ 72.000 de persoane au ajuns \u00eenot, s-au c\u0103\u021b\u0103rat sau au for\u021bat trecerea \u00een Ceuta, enclava spaniol\u0103 de la grani\u021ba cu Marocul. Cel pu\u021bin 90 au murit \u00een \u00eencercarea de a ajunge pe teritoriul european.<\/p>\n<p id=\"p-4\">Cei mai mul\u021bi dintre migran\u021bi s-au \u00eentors sau au fost trimi\u0219i \u00eenapoi peste grani\u021b\u0103, \u00eens\u0103 aproximativ 5.000, inclusiv 1.200 de minori, se afl\u0103 \u00eenc\u0103 \u00een Ceuta, potrivit guvernului spaniol. Autorit\u0103\u021bile locale estimeaz\u0103 \u00eens\u0103 c\u0103 num\u0103rul acestora este mai mare.<\/p>\n<p id=\"p-5\">Afluxul a pus o presiune puternic\u0103 asupra Ceutei, care are aproximativ 84.000 de locuitori.<\/p>\n<h2 id=\"chapter-1\">\u201eA fost \u00eenc\u0103lcat\u0103 integritatea teritorial\u0103 a Spaniei\u201d<\/h2>\n<p id=\"p-6\">Autorit\u0103\u021bile locale acuz\u0103 guvernul central c\u0103 a ignorat semnalele de avertizare \u00eenainte de trecerea masiv\u0103 a frontierei.&nbsp;\u201eCeea ce ni s-a \u00eent\u00e2mplat nu a fost o criz\u0103 migratorie. Ceea ce s-a \u00eent\u00e2mplat a fost \u00eenc\u0103lcarea integrit\u0103\u021bii teritoriale a Spaniei\u201d, a declarat miercuri liderul regional al Ceutei, Juan Jes\u00fas Vivas.<\/p>\n<p id=\"p-7\">Vivas este membru al Partidului Popular (PP), principala forma\u021biune conservatoare din Spania. Partidul Popular \u0219i partidul de extrem\u0103 dreapta Vox au transformat criza din Ceuta \u00eentr-o tem\u0103 major\u0103 a confrunt\u0103rii cu guvernul de st\u00e2nga condus de Pedro S\u00e1nchez.<\/p>\n<p id=\"p-8\">Protestele de miercuri au fost organizate oficial de Federa\u021bia Spaniol\u0103 a Municipalit\u0103\u021bilor \u0219i Provinciilor, prezentat\u0103 drept o organiza\u021bie nepartizan\u0103, dar au fost promovate intens de cele dou\u0103 forma\u021biuni politice.<\/p>\n<p id=\"p-9\">Ministrul spaniol al politicii teritoriale, \u00c1ngel V\u00edctor Torres, sus\u021bine c\u0103 manifesta\u021biile au fost motivate politic.<\/p>\n","protected":false},"excerpt":{"rendered":"<p>Numai la Madrid, autorit\u0103\u021bile estimeaz\u0103 c\u0103 aproximativ 50.000 de oameni au participat la manifesta\u021bie. Potrivit Associated Press, proteste importante au avut loc \u0219i la Barcelona, Valencia \u0219i Sevilla, iar manifesta\u021bii &hellip; <a href=\"https:\/\/microscopemedia.com\/?p=711319\" class=\"more-link\">Read More<\/a><\/p>\n","protected":false},"author":1,"featured_media":711320,"comment_status":"closed","ping_status":"closed","sticky":false,"template":"Default","format":"standard","meta":[],"categories":[1],"tags":[],"_links":{"self":[{"href":"https:\/\/microscopemedia.com\/index.php?rest_route=\/wp\/v2\/posts\/711319"}],"collection":[{"href":"https:\/\/microscopemedia.com\/index.php?rest_route=\/wp\/v2\/posts"}],"about":[{"href":"https:\/\/microscopemedia.com\/index.php?rest_route=\/wp\/v2\/types\/post"}],"author":[{"embeddable":true,"href":"https:\/\/microscopemedia.com\/index.php?rest_route=\/wp\/v2\/users\/1"}],"replies":[{"embeddable":true,"href":"https:\/\/microscopemedia.com\/index.php?rest_route=%2Fwp%2Fv2%2Fcomments&post=711319"}],"version-history":[{"count":0,"href":"https:\/\/microscopemedia.com\/index.php?rest_route=\/wp\/v2\/posts\/711319\/revisions"}],"wp:featuredmedia":[{"embeddable":true,"href":"https:\/\/microscopemedia.com\/index.php?rest_route=\/wp\/v2\/media\/711320"}],"wp:attachment":[{"href":"https:\/\/microscopemedia.com\/index.php?rest_route=%2Fwp%2Fv2%2Fmedia&parent=711319"}],"wp:term":[{"taxonomy":"category","embeddable":true,"href":"https:\/\/microscopemedia.com\/index.php?rest_route=%2Fwp%2Fv2%2Fcategories&post=711319"},{"taxonomy":"post_tag","embeddable":true,"href":"https:\/\/microscopemedia.com\/index.php?rest_route=%2Fwp%2Fv2%2Ftags&post=711319"}],"curies":[{"name":"wp","href":"https:\/\/api.w.org\/{rel}","templated":true}]}}