{"id":711337,"date":"2026-09-03T04:17:05","date_gmt":"2026-09-03T04:17:05","guid":{"rendered":"https:\/\/microscopemedia.com\/?p=711337"},"modified":"2026-09-03T04:17:05","modified_gmt":"2026-09-03T04:17:05","slug":"presedintele-consiliului-european-vine-astazi-in-romania-antonio-costa-se-va-intalni-cu-nicusor-dan","status":"publish","type":"post","link":"https:\/\/microscopemedia.com\/?p=711337","title":{"rendered":"Pre\u0219edintele Consiliului European vine ast\u0103zi \u00een Rom\u00e2nia. Antonio Costa se va \u00eent\u00e2lni cu Nicu\u0219or Dan"},"content":{"rendered":"<div readability=\"43.110585452395\">\n<div class=\"sgb-google-buttons\">\n<div class=\"display-flex justify-center google-logo\"><img decoding=\"async\" loading=\"lazy\" class=\"mg-x-auto\" width=\"30\" height=\"30\" src=\"https:\/\/microscopemedia.com\/wp-content\/uploads\/2026\/09\/presedintele-consiliului-european-vine-astazi-in-romania-antonio-costa-se-va-intalni-cu-nicusor-dan.png\" alt><\/div>\n<\/p><\/div>\n<p id=\"p-0\">Ant\u00f3nio Costa va fi primit joi, la ora 09:30, la Palatul Cotroceni, potrivit programului anun\u021bat de Administra\u021bia Preziden\u021bial\u0103.<\/p>\n<p id=\"p-1\">Cei doi oficiali vor avea mai \u00eent\u00e2i convorbiri t\u00eate-\u00e0-t\u00eate, urmate de convorbiri oficiale. Nicu\u0219or Dan \u0219i Ant\u00f3nio Costa vor sus\u021bine apoi declara\u021bii comune de pres\u0103, programate \u00een jurul orei 11:00.<\/p>\n<p id=\"p-2\">Vizita la Bucure\u0219ti face parte din turneul pre\u0219edintelui Consiliului European prin capitalele statelor membre, \u00een cadrul c\u0103ruia Ant\u00f3nio Costa discut\u0103 cu liderii europeni despre principalele priorit\u0103\u021bi ale UE \u0219i despre temele care vor fi abordate la viitoarele reuniuni ale Consiliului European.<\/p>\n<p id=\"p-3\">Una dintre temele importante ale discu\u021biilor din acest an este viitorul buget multianual al Uniunii Europene pentru perioada 2028-2034. Negocierile privind cadrul financiar multianual vor stabili principalele priorit\u0103\u021bi de cheltuieli ale UE pentru urm\u0103torii \u0219apte ani \u0219i nivelul fondurilor alocate diferitelor politici europene.<\/p>\n<p id=\"p-4\">Miercuri, Ant\u00f3nio Costa are programate vizite la Luxemburg, Zagreb \u0219i Budapesta, unde se \u00eent\u00e2lne\u0219te cu premierul Luxemburgului, Luc Frieden, premierul Croa\u021biei, Andrej Plenkovi\u0107, \u0219i premierul Ungariei, P\u00e9ter Magyar.<\/p>\n<p id=\"p-5\">Joi, dup\u0103 \u00eent\u00e2lnirea cu Nicu\u0219or Dan de la Bucure\u0219ti, pre\u0219edintele Consiliului European va merge la Sofia pentru discu\u021bii cu premierul Bulgariei, Rumen Radev, iar apoi la Atena, unde se va \u00eent\u00e2lni cu premierul Greciei, Kyriakos Mitsotakis.<\/p>\n<\/p><\/div>\n","protected":false},"excerpt":{"rendered":"<p>Ant\u00f3nio Costa va fi primit joi, la ora 09:30, la Palatul Cotroceni, potrivit programului anun\u021bat de Administra\u021bia Preziden\u021bial\u0103. Cei doi oficiali vor avea mai \u00eent\u00e2i convorbiri t\u00eate-\u00e0-t\u00eate, urmate de convorbiri &hellip; <a href=\"https:\/\/microscopemedia.com\/?p=711337\" class=\"more-link\">Read More<\/a><\/p>\n","protected":false},"author":1,"featured_media":711338,"comment_status":"closed","ping_status":"closed","sticky":false,"template":"Default","format":"standard","meta":[],"categories":[1],"tags":[],"_links":{"self":[{"href":"https:\/\/microscopemedia.com\/index.php?rest_route=\/wp\/v2\/posts\/711337"}],"collection":[{"href":"https:\/\/microscopemedia.com\/index.php?rest_route=\/wp\/v2\/posts"}],"about":[{"href":"https:\/\/microscopemedia.com\/index.php?rest_route=\/wp\/v2\/types\/post"}],"author":[{"embeddable":true,"href":"https:\/\/microscopemedia.com\/index.php?rest_route=\/wp\/v2\/users\/1"}],"replies":[{"embeddable":true,"href":"https:\/\/microscopemedia.com\/index.php?rest_route=%2Fwp%2Fv2%2Fcomments&post=711337"}],"version-history":[{"count":0,"href":"https:\/\/microscopemedia.com\/index.php?rest_route=\/wp\/v2\/posts\/711337\/revisions"}],"wp:featuredmedia":[{"embeddable":true,"href":"https:\/\/microscopemedia.com\/index.php?rest_route=\/wp\/v2\/media\/711338"}],"wp:attachment":[{"href":"https:\/\/microscopemedia.com\/index.php?rest_route=%2Fwp%2Fv2%2Fmedia&parent=711337"}],"wp:term":[{"taxonomy":"category","embeddable":true,"href":"https:\/\/microscopemedia.com\/index.php?rest_route=%2Fwp%2Fv2%2Fcategories&post=711337"},{"taxonomy":"post_tag","embeddable":true,"href":"https:\/\/microscopemedia.com\/index.php?rest_route=%2Fwp%2Fv2%2Ftags&post=711337"}],"curies":[{"name":"wp","href":"https:\/\/api.w.org\/{rel}","templated":true}]}}