{"id":711341,"date":"2026-09-03T04:46:04","date_gmt":"2026-09-03T04:46:04","guid":{"rendered":"https:\/\/microscopemedia.com\/?p=711341"},"modified":"2026-09-03T04:46:04","modified_gmt":"2026-09-03T04:46:04","slug":"mirabela-gradinaru-participa-astazi-la-chisinau-alaturi-de-maia-sandu-la-o-conferinta-despre-siguranta-copiilor-pe-internet","status":"publish","type":"post","link":"https:\/\/microscopemedia.com\/?p=711341","title":{"rendered":"Mirabela Gr\u0103dinaru particip\u0103 ast\u0103zi, la Chi\u0219in\u0103u, al\u0103turi de Maia Sandu, la o conferin\u021b\u0103 despre siguran\u021ba copiilor pe internet"},"content":{"rendered":"<div readability=\"28.856459330144\">\n<div class=\"sgb-google-buttons\">\n<div class=\"display-flex justify-center google-logo\"><img decoding=\"async\" loading=\"lazy\" class=\"mg-x-auto\" width=\"30\" height=\"30\" src=\"https:\/\/microscopemedia.com\/wp-content\/uploads\/2026\/09\/mirabela-gradinaru-participa-astazi-la-chisinau-alaturi-de-maia-sandu-la-o-conferinta-despre-siguranta-copiilor-pe-internet.png\" alt><\/div>\n<\/p><\/div>\n<p id=\"p-0\">Partenera pre\u015fedintelui Nicu\u015for Dan, Mirabela Gr\u0103dinaru, particip\u0103 joi la conferin\u0163a interna\u0163ional\u0103 \u201eSiguran\u0163a online \u015fi determinan\u0163ii digitali ai s\u0103n\u0103t\u0103\u0163ii mintale \u015fi bun\u0103st\u0103rii emo\u0163ionale a copiilor \u015fi adolescen\u0163ilor\u201d. Evenimentul va avea loc la Chi\u0219in\u0103u.<\/p>\n<p id=\"p-1\">Potrivit anun\u021bului Administra\u021biei Preziden\u021biale, la conferin\u021b\u0103 vor participa pre\u015fedinta Republicii Moldova, Maia Sandu, ambasadoarea Uniunii Europene \u00een R. Moldova, Iwona Piorko, precum \u015fi reprezentan\u0163i ai Organiza\u0163iei Mondiale a S\u0103n\u0103t\u0103\u0163ii (OMS), ai Fondului Na\u0163iunilor Unite pentru Popula\u0163ie (UNFPA) \u015fi ai UNICEF.<\/p>\n<p id=\"p-2\">Evenimentul este programat s\u0103 \u00eenceap\u0103 la ora 9:00.<\/p>\n<p id=\"p-3\">Prezen\u021ba Mirabelei Gr\u0103dinaru la Chi\u0219in\u0103u la o astfel de conferin\u021b\u0103 vine are loc \u00een contextul preocup\u0103rilor din ce \u00een ce mai mari ale statelor europene \u00een leg\u0103tur\u0103 cu impactul digital asupra copiilor \u0219i adolescen\u021bilor, inclusiv asupra s\u0103n\u0103t\u0103\u021bii mintale \u0219i bun\u0103st\u0103rii emo\u021bionale a acestora.<\/p>\n<p id=\"p-4\">Recent, Mirabela Gr\u0103dinaru <span><a href=\"https:\/\/www.mediafax.ro\/externe\/cu-ce-oficiali-a-dat-mana-mirabela-gradinaru-la-kiev-prima-doamna-o-prezenta-impresionanta-23795085\">a fost \u00een Kiev<\/a><\/span>, la invita\u0163ia Primei Doamne a Ucrainei, Olena Zelenska, la cel de-al \u015faselea Summit al Primelor Doamne \u015fi al Primilor Domni.<\/p>\n<\/p><\/div>\n","protected":false},"excerpt":{"rendered":"<p>Partenera pre\u015fedintelui Nicu\u015for Dan, Mirabela Gr\u0103dinaru, particip\u0103 joi la conferin\u0163a interna\u0163ional\u0103 \u201eSiguran\u0163a online \u015fi determinan\u0163ii digitali ai s\u0103n\u0103t\u0103\u0163ii mintale \u015fi bun\u0103st\u0103rii emo\u0163ionale a copiilor \u015fi adolescen\u0163ilor\u201d. Evenimentul va avea loc &hellip; <a href=\"https:\/\/microscopemedia.com\/?p=711341\" class=\"more-link\">Read More<\/a><\/p>\n","protected":false},"author":1,"featured_media":711342,"comment_status":"closed","ping_status":"closed","sticky":false,"template":"Default","format":"standard","meta":[],"categories":[1],"tags":[],"_links":{"self":[{"href":"https:\/\/microscopemedia.com\/index.php?rest_route=\/wp\/v2\/posts\/711341"}],"collection":[{"href":"https:\/\/microscopemedia.com\/index.php?rest_route=\/wp\/v2\/posts"}],"about":[{"href":"https:\/\/microscopemedia.com\/index.php?rest_route=\/wp\/v2\/types\/post"}],"author":[{"embeddable":true,"href":"https:\/\/microscopemedia.com\/index.php?rest_route=\/wp\/v2\/users\/1"}],"replies":[{"embeddable":true,"href":"https:\/\/microscopemedia.com\/index.php?rest_route=%2Fwp%2Fv2%2Fcomments&post=711341"}],"version-history":[{"count":0,"href":"https:\/\/microscopemedia.com\/index.php?rest_route=\/wp\/v2\/posts\/711341\/revisions"}],"wp:featuredmedia":[{"embeddable":true,"href":"https:\/\/microscopemedia.com\/index.php?rest_route=\/wp\/v2\/media\/711342"}],"wp:attachment":[{"href":"https:\/\/microscopemedia.com\/index.php?rest_route=%2Fwp%2Fv2%2Fmedia&parent=711341"}],"wp:term":[{"taxonomy":"category","embeddable":true,"href":"https:\/\/microscopemedia.com\/index.php?rest_route=%2Fwp%2Fv2%2Fcategories&post=711341"},{"taxonomy":"post_tag","embeddable":true,"href":"https:\/\/microscopemedia.com\/index.php?rest_route=%2Fwp%2Fv2%2Ftags&post=711341"}],"curies":[{"name":"wp","href":"https:\/\/api.w.org\/{rel}","templated":true}]}}