{"id":711351,"date":"2026-09-03T05:36:03","date_gmt":"2026-09-03T05:36:03","guid":{"rendered":"https:\/\/microscopemedia.com\/?p=711351"},"modified":"2026-09-03T05:36:03","modified_gmt":"2026-09-03T05:36:03","slug":"un-senator-usr-de-galati-pleaca-din-partid-mai-pot-sa-mi-pastrez-integritatea-daca-raman","status":"publish","type":"post","link":"https:\/\/microscopemedia.com\/?p=711351","title":{"rendered":"Un senator USR de Gala\u021bi pleac\u0103 din partid: \u201eMai pot s\u0103-mi p\u0103strez integritatea dac\u0103 r\u0103m\u00e2n?\u201d"},"content":{"rendered":"<div readability=\"45.154892496709\">\n<div class=\"sgb-google-buttons\">\n<div class=\"display-flex justify-center google-logo\"><img decoding=\"async\" loading=\"lazy\" class=\"mg-x-auto\" width=\"30\" height=\"30\" src=\"https:\/\/microscopemedia.com\/wp-content\/uploads\/2026\/09\/un-senator-usr-de-galati-pleaca-din-partid-mai-pot-sa-mi-pastrez-integritatea-daca-raman.png\" alt><\/div>\n<\/p><\/div>\n<p id=\"p-0\">Gheorghe \u0218tef\u0103nache, senator USR de Gala\u021bi, pleac\u0103 din partidul pe listele c\u0103ruia a fost ales reprezentant \u00een Parlamentul Rom\u00e2niei. Acesta a motivat c\u0103 valorile sale nu se mai conformau cu deciziile partidului din care f\u0103cea parte.<\/p>\n<p id=\"p-1\">\u201eDemisia mea este o form\u0103 de fidelitate fa\u021b\u0103 de valorile mele \u0219i ale familiei mele, dar mai ales fa\u021b\u0103 de g\u0103l\u0103\u021benii c\u0103rora le-am promis c\u0103 le voi schimba via\u021ba \u00een bine dac\u0103 m\u0103 vor investi cu votul lor \u0219i c\u0103rora le sunt dator s\u0103 r\u0103m\u00e2n pe baricadele luptei cu psd-ismul la Gala\u021bi\u201d, a declarat Gheorghe \u0218tef\u0103nache, \u00eentr-o postare pe re\u021belele de socializare.<\/p>\n<h2 id=\"chapter-0\">Nemul\u021bumiri la adresa USR Gala\u021bi<\/h2>\n<p id=\"p-2\">Problema principal\u0103 ar fi fost la nivel local, la Gala\u021bi. \u0218tef\u0103nache repro\u0219eaz\u0103 structurii USR de acolo c\u0103 era inactiv\u0103, asumat.<\/p>\n<p id=\"p-3\">\u201eOric\u00e2t de ata\u0219at a\u0219 fi de activitatea partidului la nivel central \u0219i parlamentar, nu pot accepta inactivitatea \u201easumat\u0103\u201d a structurii politice locale din care deja am f\u0103cut parte\u201d, a motivat senatorul.<\/p>\n<h2 id=\"chapter-1\">Senatorul, \u00een dezacord cu liderii partidului<\/h2>\n<p dir=\"auto\" id=\"p-4\">De\u0219i ini\u021bial a crezut \u00een \u201elupta cu sistemul\u201d sau \u00een cea cu PSD, el critic\u0103 acum liderii partidului \u0219i spune c\u0103 nu \u00eei a\u0219teapt\u0103 la Gala\u021bi, \u00een nicio func\u021bie local\u0103 sau jude\u021bean\u0103.<\/p>\n<p dir=\"auto\" id=\"p-5\">\u201eCei care poart\u0103 stindardul luptei cu sistemul \u2013 m\u0103 refer aici \u00een principal la Dominic Fritz, nu vor candida niciodat\u0103 la Prim\u0103ria Gala\u021bi. Iar Diana Buzoianu, Oana \u021aoiu, Irineu Dar\u0103u \u0219i Radu Miru\u021b\u0103 nu vor fi prezen\u021bi niciodat\u0103 pe listele pentru Consiliul Local \u0219i Consiliul Jude\u021bean Gala\u021bi. La Gala\u021bi, din partea USR Gala\u021bi vor trebui s\u0103 candideze useri\u0219ti g\u0103l\u0103\u021beni, dar nu doar pentru a \u00eenc\u0103rca listele electorale\u201d, a ad\u0103ugat \u0218tef\u0103nache.<\/p>\n<p dir=\"auto\" id=\"p-6\">Ata\u0219at de deciziile pentru g\u0103l\u0103\u021beni, senatorul USR \u00ee\u0219i va continua drumul ca independent. Spune c\u0103 nu se va afilia niciunui grup parlamentar \u0219i c\u0103 drumul s\u0103u \u201eva continua acolo poate r\u0103m\u00e2ne autentic, lucid \u0219i util pentru Gala\u021bi\u201d.<\/p>\n<\/p><\/div>\n","protected":false},"excerpt":{"rendered":"<p>Gheorghe \u0218tef\u0103nache, senator USR de Gala\u021bi, pleac\u0103 din partidul pe listele c\u0103ruia a fost ales reprezentant \u00een Parlamentul Rom\u00e2niei. Acesta a motivat c\u0103 valorile sale nu se mai conformau cu &hellip; <a href=\"https:\/\/microscopemedia.com\/?p=711351\" class=\"more-link\">Read More<\/a><\/p>\n","protected":false},"author":1,"featured_media":711352,"comment_status":"closed","ping_status":"closed","sticky":false,"template":"Default","format":"standard","meta":[],"categories":[1],"tags":[],"_links":{"self":[{"href":"https:\/\/microscopemedia.com\/index.php?rest_route=\/wp\/v2\/posts\/711351"}],"collection":[{"href":"https:\/\/microscopemedia.com\/index.php?rest_route=\/wp\/v2\/posts"}],"about":[{"href":"https:\/\/microscopemedia.com\/index.php?rest_route=\/wp\/v2\/types\/post"}],"author":[{"embeddable":true,"href":"https:\/\/microscopemedia.com\/index.php?rest_route=\/wp\/v2\/users\/1"}],"replies":[{"embeddable":true,"href":"https:\/\/microscopemedia.com\/index.php?rest_route=%2Fwp%2Fv2%2Fcomments&post=711351"}],"version-history":[{"count":0,"href":"https:\/\/microscopemedia.com\/index.php?rest_route=\/wp\/v2\/posts\/711351\/revisions"}],"wp:featuredmedia":[{"embeddable":true,"href":"https:\/\/microscopemedia.com\/index.php?rest_route=\/wp\/v2\/media\/711352"}],"wp:attachment":[{"href":"https:\/\/microscopemedia.com\/index.php?rest_route=%2Fwp%2Fv2%2Fmedia&parent=711351"}],"wp:term":[{"taxonomy":"category","embeddable":true,"href":"https:\/\/microscopemedia.com\/index.php?rest_route=%2Fwp%2Fv2%2Fcategories&post=711351"},{"taxonomy":"post_tag","embeddable":true,"href":"https:\/\/microscopemedia.com\/index.php?rest_route=%2Fwp%2Fv2%2Ftags&post=711351"}],"curies":[{"name":"wp","href":"https:\/\/api.w.org\/{rel}","templated":true}]}}