{"id":711353,"date":"2026-09-03T05:47:03","date_gmt":"2026-09-03T05:47:03","guid":{"rendered":"https:\/\/microscopemedia.com\/?p=711353"},"modified":"2026-09-03T05:47:03","modified_gmt":"2026-09-03T05:47:03","slug":"atac-rusesc-asupra-unei-cladiri-rezidentiale-din-odesa-opt-persoane-au-fost-ranite","status":"publish","type":"post","link":"https:\/\/microscopemedia.com\/?p=711353","title":{"rendered":"Atac rusesc asupra unei cl\u0103diri reziden\u021biale din Odesa. Opt persoane au fost r\u0103nite"},"content":{"rendered":"<div readability=\"25.331174089069\">\n<div class=\"sgb-google-buttons\">\n<div class=\"display-flex justify-center google-logo\"><img decoding=\"async\" loading=\"lazy\" class=\"mg-x-auto\" width=\"30\" height=\"30\" src=\"https:\/\/microscopemedia.com\/wp-content\/uploads\/2026\/09\/atac-rusesc-asupra-unei-cladiri-rezidentiale-din-odesa-opt-persoane-au-fost-ranite.png\" alt><\/div>\n<\/p><\/div>\n<p id=\"p-0\">Un atac aerian rusesc a lovit \u00een timpul nop\u021bii o cl\u0103dire reziden\u021bial\u0103 cu mai multe etaje din Odesa, iar opt persoane au fost r\u0103nite, au anun\u021bat autorit\u0103\u021bile locale joi diminea\u021b\u0103, potrivit Kyiv Post.<\/p>\n<p class=\"isSelectedEnd\" id=\"p-1\">Serhii Lysak, \u0219eful Administra\u021biei Militare a ora\u0219ului Odesa, a declarat pe Telegram c\u0103 opt persoane din cl\u0103dire au fost r\u0103nite. Serviciile de urgen\u021b\u0103 se afl\u0103 la fa\u021ba locului \u0219i acord\u0103 ajutor persoanelor r\u0103nite, a precizat acesta.<\/p>\n<p class=\"isSelectedEnd\" id=\"p-2\">Atacul a avut loc la o noapte dup\u0103 un alt atac rusesc masiv asupra Odesei, \u00een urma c\u0103ruia au fost r\u0103nite opt persoane, inclusiv un copil. Atunci, o cl\u0103dire reziden\u021bial\u0103 cu 24 de etaje, cl\u0103diri de birouri, dou\u0103 institu\u021bii de \u00eenv\u0103\u021b\u0103m\u00e2nt \u0219i alte obiective de infrastructur\u0103 au fost avariate.<\/p>\n<p id=\"p-3\">For\u021bele ruse\u0219ti au vizat \u00een mod repetat Odesa \u0219i regiunea din jurul ora\u0219ului cu drone \u0219i rachete. Atacurile au afectat zone reziden\u021biale, infrastructura civil\u0103 \u0219i energetic\u0103.<\/p>\n<\/p><\/div>\n","protected":false},"excerpt":{"rendered":"<p>Un atac aerian rusesc a lovit \u00een timpul nop\u021bii o cl\u0103dire reziden\u021bial\u0103 cu mai multe etaje din Odesa, iar opt persoane au fost r\u0103nite, au anun\u021bat autorit\u0103\u021bile locale joi diminea\u021b\u0103, &hellip; <a href=\"https:\/\/microscopemedia.com\/?p=711353\" class=\"more-link\">Read More<\/a><\/p>\n","protected":false},"author":1,"featured_media":711354,"comment_status":"closed","ping_status":"closed","sticky":false,"template":"Default","format":"standard","meta":[],"categories":[1],"tags":[],"_links":{"self":[{"href":"https:\/\/microscopemedia.com\/index.php?rest_route=\/wp\/v2\/posts\/711353"}],"collection":[{"href":"https:\/\/microscopemedia.com\/index.php?rest_route=\/wp\/v2\/posts"}],"about":[{"href":"https:\/\/microscopemedia.com\/index.php?rest_route=\/wp\/v2\/types\/post"}],"author":[{"embeddable":true,"href":"https:\/\/microscopemedia.com\/index.php?rest_route=\/wp\/v2\/users\/1"}],"replies":[{"embeddable":true,"href":"https:\/\/microscopemedia.com\/index.php?rest_route=%2Fwp%2Fv2%2Fcomments&post=711353"}],"version-history":[{"count":0,"href":"https:\/\/microscopemedia.com\/index.php?rest_route=\/wp\/v2\/posts\/711353\/revisions"}],"wp:featuredmedia":[{"embeddable":true,"href":"https:\/\/microscopemedia.com\/index.php?rest_route=\/wp\/v2\/media\/711354"}],"wp:attachment":[{"href":"https:\/\/microscopemedia.com\/index.php?rest_route=%2Fwp%2Fv2%2Fmedia&parent=711353"}],"wp:term":[{"taxonomy":"category","embeddable":true,"href":"https:\/\/microscopemedia.com\/index.php?rest_route=%2Fwp%2Fv2%2Fcategories&post=711353"},{"taxonomy":"post_tag","embeddable":true,"href":"https:\/\/microscopemedia.com\/index.php?rest_route=%2Fwp%2Fv2%2Ftags&post=711353"}],"curies":[{"name":"wp","href":"https:\/\/api.w.org\/{rel}","templated":true}]}}