{"id":711355,"date":"2026-09-03T06:07:04","date_gmt":"2026-09-03T06:07:04","guid":{"rendered":"https:\/\/microscopemedia.com\/?p=711355"},"modified":"2026-09-03T06:07:04","modified_gmt":"2026-09-03T06:07:04","slug":"fost-soldat-israelian-acuzat-ca-se-pregatea-sa-lupte-pentru-isis-in-siria-sau-africa","status":"publish","type":"post","link":"https:\/\/microscopemedia.com\/?p=711355","title":{"rendered":"Fost soldat israelian, acuzat c\u0103 se preg\u0103tea s\u0103 lupte pentru ISIS \u00een Siria sau Africa"},"content":{"rendered":"<div class=\"sgb-google-buttons\">\n<div class=\"display-flex justify-center google-logo\"><img decoding=\"async\" loading=\"lazy\" class=\"mg-x-auto\" width=\"30\" height=\"30\" src=\"https:\/\/microscopemedia.com\/wp-content\/uploads\/2026\/09\/fost-soldat-israelian-acuzat-ca-se-pregatea-sa-lupte-pentru-isis-in-siria-sau-africa.png\" alt><\/div>\n<\/p><\/div>\n<p data-start=\"334\" data-end=\"693\" id=\"p-0\">Khamis Su\u2019ad, \u00een v\u00e2rst\u0103 de 30 de ani, este un cet\u0103\u021bean arab-israelian din Huseiniya, \u00een Galileea.<\/p>\n<p data-start=\"334\" data-end=\"693\" id=\"p-1\">B\u0103rbatul a fost arestat pe 2 august, \u00een urma unei anchete desf\u0103\u0219urate de Shin Bet \u0219i Poli\u021bia Israelian\u0103. Procuratura a depus actul de acuzare la Tribunalul de Prim\u0103 Instan\u021b\u0103 din Haifa \u0219i a solicitat men\u021binerea acestuia \u00een arest preventiv pe durata procedurilor, scrie <a href=\"https:\/\/www.jpost.com\/israel-news\/article-907315\" target=\"_blank\" rel=\"noopener\">Jerusalem Post<\/a>.<\/p>\n<h2 data-section-id=\"gdiroe\" data-start=\"695\" data-end=\"768\" id=\"chapter-0\">Fostul soldat israelian ar fi \u00eenceput s\u0103 manifeste interes pentru ISIS<\/h2>\n<p data-start=\"770\" data-end=\"988\" id=\"p-2\">Potrivit actului de acuzare, Su\u2019ad a servit \u00een IDF \u00eentre 2017 \u0219i 2019. \u00cencep\u00e2nd din 2023, acesta ar fi manifestat un interes tot mai mare fa\u021b\u0103 de ISIS \u0219i s-ar fi identificat cu activit\u0103\u021bile \u0219i obiectivele organiza\u021biei.<\/p>\n<p data-start=\"990\" data-end=\"1261\" id=\"p-3\">Procurorii sus\u021bin c\u0103 b\u0103rbatul accesa \u00een mod regulat site-uri \u0219i materiale de pe re\u021belele sociale asociate grup\u0103rii. \u00cen 2024, el ar fi decis s\u0103 c\u0103l\u0103toreasc\u0103 \u00een Siria sau Africa pentru a se al\u0103tura ISIS \u0219i a lupta \u00eempotriva celor considera\u021bi de organiza\u021bie \u201enecredincio\u0219i\u201d.<\/p>\n<p data-start=\"1263\" data-end=\"1406\" id=\"p-4\">Ulterior, Su\u2019ad ar fi \u00eenceput s\u0103 se preg\u0103teasc\u0103 pentru punerea \u00een aplicare a planului \u0219i s\u0103 economiseasc\u0103 bani pentru c\u0103l\u0103toria \u00een str\u0103in\u0103tate.<\/p>\n<h2 data-section-id=\"2o4pmy\" data-start=\"1408\" data-end=\"1474\" id=\"chapter-1\">Su\u2019ad ar fi urm\u0103rit videoclipuri \u0219i materiale de instruire ISIS<\/h2>\n<p data-start=\"1476\" data-end=\"1767\" id=\"p-5\">Conform procurorilor, fostul soldat israelian s-ar fi preg\u0103tit \u00een mai multe direc\u021bii. Acesta ar fi urm\u0103rit videoclipuri cu execu\u021bii \u0219i decapit\u0103ri pentru a se preg\u0103ti psihologic, materiale despre utilizarea armelor \u0219i tactici de lupt\u0103, precum \u0219i lec\u021bii religioase sus\u021binute de membri ai ISIS.<\/p>\n<p data-start=\"1769\" data-end=\"1983\" id=\"p-6\">\u00cen 2026, el ar fi desc\u0103rcat manuale \u0219i ar fi vizionat videoclipuri despre arme \u0219i tactici militare. Anchetatorii afirm\u0103 c\u0103 pe telefoanele sale au fost g\u0103site materiale care sus\u021bin acuza\u021biile formulate \u00eempotriva sa.<\/p>\n<p data-start=\"1985\" data-end=\"2173\" id=\"p-7\">Su\u2019ad este acuzat c\u0103 a primit instruire sau preg\u0103tire privind metode opera\u021bionale \u0219i arme, \u00een scopul promov\u0103rii activit\u0103\u021bilor unei organiza\u021bii teroriste sau al comiterii unui act terorist.<\/p>\n<p data-start=\"2175\" data-end=\"2382\" id=\"p-8\">Procurorii nu trebuie s\u0103 demonstreze c\u0103 b\u0103rbatul \u0219i-a dus la \u00eendeplinire planul de a pleca \u00een str\u0103in\u0103tate, ci c\u0103 materialele accesate constituiau instruire \u0219i c\u0103 acestea au fost primite \u00een scopuri teroriste.<\/p>\n<h2 data-section-id=\"1e7pgdd\" data-start=\"2384\" data-end=\"2428\" id=\"chapter-2\">Israelul, mai multe dosare legate de ISIS<\/h2>\n<p data-start=\"2430\" data-end=\"2587\" id=\"p-9\">Cazul fostului soldat israelian apare dup\u0103 alte dou\u0103 anchete privind presupuse activit\u0103\u021bi asociate ISIS, f\u0103cute publice de autorit\u0103\u021bile israeliene \u00een august.<\/p>\n<p data-start=\"2589\" data-end=\"2890\" id=\"p-10\">Pe 18 august, procurorii l-au acuzat pe Abdullah Gergawi, \u00een v\u00e2rst\u0103 de 20 de ani, c\u0103 ar fi planificat un atac asupra unui club de noapte din Beersheba cu ajutorul unui vehicul \u00eenc\u0103rcat cu explozibili. Autorit\u0103\u021bile au sus\u021binut c\u0103 acesta comunica cu sus\u021bin\u0103tori ai ISIS \u0219i inten\u021biona s\u0103 ajung\u0103 \u00een Siria.<\/p>\n<p data-start=\"2892\" data-end=\"3064\" id=\"p-11\">La 28 august, Poli\u021bia Israelian\u0103 \u0219i Shin Bet au anun\u021bat alte acuza\u021bii \u00eempotriva unui minor de 16 ani din Galileea \u0219i a lui Ibrahim Kaabiyya, \u00een v\u00e2rst\u0103 de 19 ani, din Haifa.<\/p>\n<p data-start=\"3066\" data-end=\"3236\" id=\"p-12\">\u00cen cazul lui Su\u2019ad, \u00eens\u0103, acuza\u021bia nu vizeaz\u0103 un atac planificat pe teritoriul Israelului, ci presupusa preg\u0103tire pentru a c\u0103l\u0103tori \u00een str\u0103in\u0103tate \u0219i a lupta pentru ISIS.<\/p>\n<p data-start=\"3238\" data-end=\"3409\" id=\"p-13\">Instan\u021ba urmeaz\u0103 s\u0103 decid\u0103 dac\u0103 fostul soldat va r\u0103m\u00e2ne \u00een arest preventiv pe durata procesului. Decizia privind arestarea este separat\u0103 de stabilirea vinov\u0103\u021biei acestuia.<\/p>\n","protected":false},"excerpt":{"rendered":"<p>Khamis Su\u2019ad, \u00een v\u00e2rst\u0103 de 30 de ani, este un cet\u0103\u021bean arab-israelian din Huseiniya, \u00een Galileea. B\u0103rbatul a fost arestat pe 2 august, \u00een urma unei anchete desf\u0103\u0219urate de Shin &hellip; <a href=\"https:\/\/microscopemedia.com\/?p=711355\" class=\"more-link\">Read More<\/a><\/p>\n","protected":false},"author":1,"featured_media":711356,"comment_status":"closed","ping_status":"closed","sticky":false,"template":"Default","format":"standard","meta":[],"categories":[1],"tags":[],"_links":{"self":[{"href":"https:\/\/microscopemedia.com\/index.php?rest_route=\/wp\/v2\/posts\/711355"}],"collection":[{"href":"https:\/\/microscopemedia.com\/index.php?rest_route=\/wp\/v2\/posts"}],"about":[{"href":"https:\/\/microscopemedia.com\/index.php?rest_route=\/wp\/v2\/types\/post"}],"author":[{"embeddable":true,"href":"https:\/\/microscopemedia.com\/index.php?rest_route=\/wp\/v2\/users\/1"}],"replies":[{"embeddable":true,"href":"https:\/\/microscopemedia.com\/index.php?rest_route=%2Fwp%2Fv2%2Fcomments&post=711355"}],"version-history":[{"count":0,"href":"https:\/\/microscopemedia.com\/index.php?rest_route=\/wp\/v2\/posts\/711355\/revisions"}],"wp:featuredmedia":[{"embeddable":true,"href":"https:\/\/microscopemedia.com\/index.php?rest_route=\/wp\/v2\/media\/711356"}],"wp:attachment":[{"href":"https:\/\/microscopemedia.com\/index.php?rest_route=%2Fwp%2Fv2%2Fmedia&parent=711355"}],"wp:term":[{"taxonomy":"category","embeddable":true,"href":"https:\/\/microscopemedia.com\/index.php?rest_route=%2Fwp%2Fv2%2Fcategories&post=711355"},{"taxonomy":"post_tag","embeddable":true,"href":"https:\/\/microscopemedia.com\/index.php?rest_route=%2Fwp%2Fv2%2Ftags&post=711355"}],"curies":[{"name":"wp","href":"https:\/\/api.w.org\/{rel}","templated":true}]}}