{"id":711359,"date":"2026-09-03T06:37:03","date_gmt":"2026-09-03T06:37:03","guid":{"rendered":"https:\/\/microscopemedia.com\/?p=711359"},"modified":"2026-09-03T06:37:03","modified_gmt":"2026-09-03T06:37:03","slug":"trecerea-cu-bacul-intre-isaccea-si-orlivka-a-fost-reluata-circulatia-se-desfasoara-fara-restrictii","status":"publish","type":"post","link":"https:\/\/microscopemedia.com\/?p=711359","title":{"rendered":"Trecerea cu bacul \u00eentre Isaccea \u0219i Orlivka a fost reluat\u0103. Circula\u021bia se desf\u0103\u0219oar\u0103 f\u0103r\u0103 restric\u021bii"},"content":{"rendered":"<div class=\"sgb-google-buttons\">\n<div class=\"display-flex justify-center google-logo\"><img decoding=\"async\" loading=\"lazy\" class=\"mg-x-auto\" width=\"30\" height=\"30\" src=\"https:\/\/microscopemedia.com\/wp-content\/uploads\/2026\/09\/trecerea-cu-bacul-intre-isaccea-si-orlivka-a-fost-reluata-circulatia-se-desfasoara-fara-restrictii.png\" alt><\/div>\n<\/p><\/div>\n<p id=\"p-0\">Garda de Coast\u0103 anun\u021b\u0103 reluarea traficului cu bacul la punctul de trecere a frontierei Isaccea-Orlivka.<\/p>\n<p id=\"p-1\">Trecerea cu bacul peste Dun\u0103re a \u00eenceput \u00een seara zilei de 2 septembrie 2026, la ora 19:00, \u0219i s-a f\u0103cut etapizat.<\/p>\n<p id=\"p-2\">\u201eGarda de Coast\u0103 informeaz\u0103 participan\u021bii la traficul transfrontalier c\u0103, \u00eencep\u00e2nd cu data de 02.09.2026, ora 19.00, traficul cu bacul peste fluviul Dun\u0103rea, la Punctul de Trecere a Frontierei Isaccea \u2013 Orlivka, a fost reluat etapizat desf\u0103\u0219ur\u00e2ndu-se \u00een condi\u021bii de fluen\u021b\u0103 pentru toate categoriile de autovehicule\u201d, transmite institu\u021bia.<\/p>\n<p id=\"p-3\">\u00cen prezent, traversarea Dun\u0103rii se desf\u0103\u0219oar\u0103 \u00een condi\u021bii normale \u0219i f\u0103r\u0103 restric\u021bii pentru toate categoriile de autovehicule.<\/p>\n<p id=\"p-4\">\u201e\u00cen acest moment, trecerea frontierei prin Punctul de Trecere a Frontierei Isaccea \u2013 Orlivka se desf\u0103\u0219oar\u0103 f\u0103r\u0103 restric\u021bii de circula\u021bie\u201d, a precizat Garda de Coast\u0103.<\/p>\n<h2 id=\"chapter-0\">Punctul de trecere Orlivka-Isaccea fusese \u00eenchis dup\u0103 un atac rusesc cu drone Shahed<\/h2>\n<p id=\"p-5\">Pe 1 septembrie, punctul de trecere pentru transportul cu feribotul \u201eOrlivka\u201d, situat la grani\u0163a Ucrainei cu Rom\u00e2nia, <span><a href=\"https:\/\/www.mediafax.ro\/externe\/punctul-de-trecere-orlivka-isaccea-inchis-dupa-un-atac-rusesc-cu-drone-shahed-23799617\">a fost \u00eenchis \u00een urma unui atac rusesc<\/a><\/span> cu drone Shahed.<\/p>\n<p id=\"p-6\">\u201eDin cauza unui atac inamic, punctul de control din Orlivka este \u00eenchis temporar. \u00cen timpul nop\u021bii, Rusia a atacat punctul de control interna\u021bional al feribotului din Orlivka, situat la grani\u021ba cu Rom\u00e2nia, cu drone de atac de tip Shahed. \u00cen urma atacului, s-au \u00eenregistrat lovituri asupra cl\u0103dirii \u0219i teritoriului punctului de control, au izbucnit incendii, care au fost localizate de echipele de interven\u021bie\u201d, a transmis, la momentul respectiv, Serviciul de Gr\u0103niceri al Ucrainei.<\/p>\n<p id=\"p-7\">\u00cen urma atacului, traficul a fost redirec\u021bionat c\u0103tre alte puncte de trecere a frontierei.<\/p>\n","protected":false},"excerpt":{"rendered":"<p>Garda de Coast\u0103 anun\u021b\u0103 reluarea traficului cu bacul la punctul de trecere a frontierei Isaccea-Orlivka. Trecerea cu bacul peste Dun\u0103re a \u00eenceput \u00een seara zilei de 2 septembrie 2026, la &hellip; <a href=\"https:\/\/microscopemedia.com\/?p=711359\" class=\"more-link\">Read More<\/a><\/p>\n","protected":false},"author":1,"featured_media":711360,"comment_status":"closed","ping_status":"closed","sticky":false,"template":"Default","format":"standard","meta":[],"categories":[1],"tags":[],"_links":{"self":[{"href":"https:\/\/microscopemedia.com\/index.php?rest_route=\/wp\/v2\/posts\/711359"}],"collection":[{"href":"https:\/\/microscopemedia.com\/index.php?rest_route=\/wp\/v2\/posts"}],"about":[{"href":"https:\/\/microscopemedia.com\/index.php?rest_route=\/wp\/v2\/types\/post"}],"author":[{"embeddable":true,"href":"https:\/\/microscopemedia.com\/index.php?rest_route=\/wp\/v2\/users\/1"}],"replies":[{"embeddable":true,"href":"https:\/\/microscopemedia.com\/index.php?rest_route=%2Fwp%2Fv2%2Fcomments&post=711359"}],"version-history":[{"count":0,"href":"https:\/\/microscopemedia.com\/index.php?rest_route=\/wp\/v2\/posts\/711359\/revisions"}],"wp:featuredmedia":[{"embeddable":true,"href":"https:\/\/microscopemedia.com\/index.php?rest_route=\/wp\/v2\/media\/711360"}],"wp:attachment":[{"href":"https:\/\/microscopemedia.com\/index.php?rest_route=%2Fwp%2Fv2%2Fmedia&parent=711359"}],"wp:term":[{"taxonomy":"category","embeddable":true,"href":"https:\/\/microscopemedia.com\/index.php?rest_route=%2Fwp%2Fv2%2Fcategories&post=711359"},{"taxonomy":"post_tag","embeddable":true,"href":"https:\/\/microscopemedia.com\/index.php?rest_route=%2Fwp%2Fv2%2Ftags&post=711359"}],"curies":[{"name":"wp","href":"https:\/\/api.w.org\/{rel}","templated":true}]}}