{"id":711365,"date":"2026-09-03T07:16:04","date_gmt":"2026-09-03T07:16:04","guid":{"rendered":"https:\/\/microscopemedia.com\/?p=711365"},"modified":"2026-09-03T07:16:04","modified_gmt":"2026-09-03T07:16:04","slug":"scolile-din-neamt-masuri-urgente-pentru-asigurarea-apei-potabile-si-menajere-inainte-de-inceperea-anului-scolar-program-special-aprobat","status":"publish","type":"post","link":"https:\/\/microscopemedia.com\/?p=711365","title":{"rendered":"\u0218colile din Neam\u021b, m\u0103suri urgente pentru asigurarea apei potabile \u0219i menajere \u00eenainte de \u00eenceperea anului \u0219colar. Program special aprobat"},"content":{"rendered":"<div class=\"sgb-google-buttons\">\n<div class=\"display-flex justify-center google-logo\"><img decoding=\"async\" loading=\"lazy\" class=\"mg-x-auto\" width=\"30\" height=\"30\" src=\"https:\/\/microscopemedia.com\/wp-content\/uploads\/2026\/09\/scolile-din-neamt-masuri-urgente-pentru-asigurarea-apei-potabile-si-menajere-inainte-de-inceperea-anului-scolar-program-special-aprobat.png\" alt><\/div>\n<\/p><\/div>\n<p class=\"isSelectedEnd\" id=\"p-0\">Institu\u021bia Prefectului, Jude\u021bul Neam\u021b, anun\u021b\u0103 m\u0103suri urgente pentru asigurarea apei potabile \u0219i menajere \u00een unit\u0103\u021bile de \u00eenv\u0103\u021b\u0103m\u00e2nt din jude\u021b, \u00een contextul secetei prelungite.<\/p>\n<p class=\"isSelectedEnd\" id=\"p-1\">Potrivit unui comunicat de pres\u0103, Comitetul Jude\u021bean pentru Situa\u021bii de Urgen\u021b\u0103 (CJSU) Neam\u021b s-a \u00eentrunit miercuri, 2 septembrie, \u0219i a aprobat Hot\u0103r\u00e2rea nr. 11, prin care a fost stabilit un program de m\u0103suri pentru asigurarea apei \u00een toate unit\u0103\u021bile de \u00eenv\u0103\u021b\u0103m\u00e2nt de pe raza jude\u021bului, odat\u0103 cu \u00eenceperea noului an \u0219colar 2026-2027.<\/p>\n<p class=\"isSelectedEnd\" id=\"p-2\">Decizia a fost luat\u0103 din cauza situa\u021biei considerate, la acest moment, critic\u0103, provocat\u0103 de seceta prelungit\u0103 \u0219i de problemele ap\u0103rute la re\u021beaua de alimentare.<\/p>\n<p class=\"isSelectedEnd\" id=\"p-3\">Potrivit Institu\u021biei Prefectului, nivelul p\u00e2nzei freatice a sc\u0103zut \u00een zona de captare Lunca, din comuna V\u00e2n\u0103tori-Neam\u021b, iar pe traseul magistralei de aduc\u021biune Preute\u0219ti, T\u00e2rgu Neam\u021b au avut loc mai multe avarii.<\/p>\n<p id=\"p-4\">Problemele afecteaz\u0103 alimentarea continu\u0103 cu ap\u0103 \u00een ora\u0219ul T\u00e2rgu Neam\u021b \u0219i \u00een comunele Agapia, B\u0103l\u021b\u0103te\u0219ti, Grum\u0103ze\u0219ti, R\u0103uce\u0219ti \u0219i V\u00e2n\u0103tori-Neam\u021b. Alte localit\u0103\u021bi din jude\u021b sunt \u0219i ele afectate, pentru c\u0103 nu dispun de re\u021bele autorizate pentru furnizarea apei potabile.<\/p>\n<h2 id=\"chapter-0\">Apa potabil\u0103, asigurat\u0103 \u00een \u0219colile din zonele afectate<\/h2>\n<p class=\"isSelectedEnd\" id=\"p-5\">Prima m\u0103sur\u0103 prevede asigurarea apei potabile pentru elevii din unit\u0103\u021bile de \u00eenv\u0103\u021b\u0103m\u00e2nt aflate \u00een localit\u0103\u021bile \u00een care Compania Jude\u021bean\u0103 ApaServ S.A. sau Compania de ap\u0103 ApaVital S.A. nu pot asigura alimentarea continu\u0103 cu ap\u0103.<\/p>\n<p id=\"p-6\">M\u0103sura se aplic\u0103 \u00een T\u00e2rgu Neam\u021b, Agapia, B\u0103l\u021b\u0103te\u0219ti, Grum\u0103ze\u0219ti, R\u0103uce\u0219ti, V\u00e2n\u0103tori-Neam\u021b \u0219i \u00een alte localit\u0103\u021bi care ar putea fi afectate.<\/p>\n<p class=\"isSelectedEnd\" id=\"p-7\">Asigurarea apei potabile va \u00eencepe din data de 7 septembrie 2026 \u0219i va continua p\u00e2n\u0103 la remedierea problemelor.<\/p>\n<p id=\"p-8\">O m\u0103sur\u0103 similar\u0103 se aplic\u0103 \u0219i \u00een \u0219colile care nu sunt alimentate de ApaServ S.A. sau ApaVital S.A. \u0219i ale c\u0103ror surse alternative de ap\u0103 au devenit indisponibile din cauza secetei.<\/p>\n<p id=\"p-9\">\u0218i \u00een aceste cazuri, directorii unit\u0103\u021bilor de \u00eenv\u0103\u021b\u0103m\u00e2nt \u0219i primarii sunt responsabili. M\u0103sura intr\u0103 \u00een vigoare din 7 septembrie \u0219i se men\u021bine p\u00e2n\u0103 la remedierea situa\u021biei.<\/p>\n<h2 id=\"chapter-1\">\u0218colile vor fi dotate cu rezervoare \u0219i sisteme de hidrofor<\/h2>\n<p class=\"isSelectedEnd\" id=\"p-10\">Pentru asigurarea apei menajere \u00een unit\u0103\u021bile de \u00eenv\u0103\u021b\u0103m\u00e2nt vizate, CJSU a decis montarea unor rezervoare de ap\u0103.<\/p>\n<p id=\"p-11\">Acestea vor fi dimensionate \u00een func\u021bie de num\u0103rul de elevi din fiecare \u0219coal\u0103, vor fi dotate cu hidrofor \u0219i vor fi racordate la re\u021beaua de ap\u0103 existent\u0103 a cl\u0103dirilor.<\/p>\n<p id=\"p-12\">\u0218i aceast\u0103 m\u0103sur\u0103 va fi aplicat\u0103 \u00eencep\u00e2nd cu 7 septembrie 2026 \u0219i va r\u0103m\u00e2ne \u00een vigoare p\u00e2n\u0103 la remedierea problemelor.<\/p>\n<h2 id=\"chapter-2\">ISU \u0219i serviciile voluntare vor transporta ap\u0103 c\u0103tre \u0219coli<\/h2>\n<p class=\"isSelectedEnd\" id=\"p-13\">\u00cen cazul unit\u0103\u021bilor de \u00eenv\u0103\u021b\u0103m\u00e2nt afectate, Inspectoratul pentru Situa\u021bii de Urgen\u021b\u0103 \u201ePetrodava\u201d al jude\u021bului Neam\u021b \u0219i Serviciile Voluntare pentru Situa\u021bii de Urgen\u021b\u0103 vor asigura transportul apei menajere c\u0103tre \u0219coli.<\/p>\n<p id=\"p-14\">Transportul se va face la solicitarea prim\u0103riilor, iar responsabili pentru aceast\u0103 m\u0103sur\u0103 sunt primarii localit\u0103\u021bilor \u0219i Inspectoratul pentru Situa\u021bii de Urgen\u021b\u0103 \u201ePetrodava\u201d al jude\u021bului Neam\u021b.<\/p>\n","protected":false},"excerpt":{"rendered":"<p>Institu\u021bia Prefectului, Jude\u021bul Neam\u021b, anun\u021b\u0103 m\u0103suri urgente pentru asigurarea apei potabile \u0219i menajere \u00een unit\u0103\u021bile de \u00eenv\u0103\u021b\u0103m\u00e2nt din jude\u021b, \u00een contextul secetei prelungite. Potrivit unui comunicat de pres\u0103, Comitetul Jude\u021bean &hellip; <a href=\"https:\/\/microscopemedia.com\/?p=711365\" class=\"more-link\">Read More<\/a><\/p>\n","protected":false},"author":1,"featured_media":711366,"comment_status":"closed","ping_status":"closed","sticky":false,"template":"Default","format":"standard","meta":[],"categories":[1],"tags":[],"_links":{"self":[{"href":"https:\/\/microscopemedia.com\/index.php?rest_route=\/wp\/v2\/posts\/711365"}],"collection":[{"href":"https:\/\/microscopemedia.com\/index.php?rest_route=\/wp\/v2\/posts"}],"about":[{"href":"https:\/\/microscopemedia.com\/index.php?rest_route=\/wp\/v2\/types\/post"}],"author":[{"embeddable":true,"href":"https:\/\/microscopemedia.com\/index.php?rest_route=\/wp\/v2\/users\/1"}],"replies":[{"embeddable":true,"href":"https:\/\/microscopemedia.com\/index.php?rest_route=%2Fwp%2Fv2%2Fcomments&post=711365"}],"version-history":[{"count":0,"href":"https:\/\/microscopemedia.com\/index.php?rest_route=\/wp\/v2\/posts\/711365\/revisions"}],"wp:featuredmedia":[{"embeddable":true,"href":"https:\/\/microscopemedia.com\/index.php?rest_route=\/wp\/v2\/media\/711366"}],"wp:attachment":[{"href":"https:\/\/microscopemedia.com\/index.php?rest_route=%2Fwp%2Fv2%2Fmedia&parent=711365"}],"wp:term":[{"taxonomy":"category","embeddable":true,"href":"https:\/\/microscopemedia.com\/index.php?rest_route=%2Fwp%2Fv2%2Fcategories&post=711365"},{"taxonomy":"post_tag","embeddable":true,"href":"https:\/\/microscopemedia.com\/index.php?rest_route=%2Fwp%2Fv2%2Ftags&post=711365"}],"curies":[{"name":"wp","href":"https:\/\/api.w.org\/{rel}","templated":true}]}}