{"id":711367,"date":"2026-09-03T07:26:04","date_gmt":"2026-09-03T07:26:04","guid":{"rendered":"https:\/\/microscopemedia.com\/?p=711367"},"modified":"2026-09-03T07:26:04","modified_gmt":"2026-09-03T07:26:04","slug":"zona-rosie-de-securitate-in-jurul-colosseumului-si-al-altor-monumente-din-roma-de-ce-a-fost-luata-decizia-si-ce-presupune-ea","status":"publish","type":"post","link":"https:\/\/microscopemedia.com\/?p=711367","title":{"rendered":"\u201eZon\u0103 ro\u0219ie\u201d de securitate \u00een jurul Colosseumului \u015fi al altor monumente din Roma. De ce a fost luat\u0103 decizia \u0219i ce presupune ea"},"content":{"rendered":"<div readability=\"47.52\">\n<div class=\"sgb-google-buttons\">\n<div class=\"display-flex justify-center google-logo\"><img decoding=\"async\" loading=\"lazy\" class=\"mg-x-auto\" width=\"30\" height=\"30\" src=\"https:\/\/microscopemedia.com\/wp-content\/uploads\/2026\/09\/zona-rosie-de-securitate-in-jurul-colosseumului-si-al-altor-monumente-din-roma-de-ce-a-fost-luata-decizia-si-ce-presupune-ea.png\" alt><\/div>\n<\/p><\/div>\n<p id=\"p-0\">Autorit\u0103\u021bile din Roma au declarat, la sf\u00e2r\u0219itul lunii august, \u201ezon\u0103 ro\u0219ie\u201d de securitate\u201d \u00een jurul Colosseumului \u0219i al altor monumente din ora\u0219. Decizia a fost luat\u0103 \u00een contextul unui val de infrac\u021biuni stradale \u00een zona istoric\u0103 a capitalei Italiei.<\/p>\n<p id=\"p-1\">Potrivit <span><a href=\"https:\/\/edition.cnn.com\/2026\/09\/02\/travel\/rome-declares-security-red-zone-around-the-colosseum-to-protect-tourists-amid-violent-crime-incidents\" target=\"_blank\" rel=\"noopener\">CNN<\/a><\/span>, au fost mobilizate for\u021be de securitate suplimentare, cu competen\u021be sporite, pentru a proteja at\u00e2t locuitorii, c\u00e2t \u0219i turi\u0219tii. M\u0103sura va va r\u0103m\u00e2ne \u00een vigoare p\u00e2n\u0103 pe 24 decembrie.<\/p>\n<p id=\"p-2\">Concret, \u00een noua zon\u0103 ro\u0219ie, prezen\u021ba poli\u021biei locale va fi \u00eent\u0103rit\u0103 non-stop, al\u0103turi de o prezen\u021b\u0103 militar\u0103.<\/p>\n<p id=\"p-3\">Colosseumul este una dintre cele mai populare atrac\u0163ii turistice din Roma \u015fi, ca atare, este \u015fi o \u0163int\u0103 pentru infractori.<\/p>\n<p id=\"p-4\">Lamberto Giannini, responsabilul cu securitatea din Roma, a declarat pentru CNN c\u0103 noua sta\u021bie de metrou de la Colosseum, care a f\u0103cut parte dintr-un proiect de 8,3 miliarde de dolari destinat \u00eembun\u0103t\u0103\u021birii re\u021belei de metrou a ora\u0219ului, este unul dintre factorii care stau la baza cre\u0219terii num\u0103rului de incidente.<\/p>\n<h2 id=\"chapter-0\">M\u0103suri suplimentare de securitate \u0219i \u00een alte p\u0103r\u021bi ale ora\u0219ului<\/h2>\n<p id=\"p-5\">Nu doar zona din apropierea Colosseumului este vizat\u0103 de noua m\u0103sur\u0103. Securitatea a fost \u00eent\u0103rit\u0103 \u0219i \u00een apropierea principalei g\u0103ri din ora\u0219, Roma Termini, a Bazilicii Sf\u00e2ntul Petru \u0219i a Bazilicii Santa Maria Maggiore, vizitat\u0103 \u00een num\u0103r foarte mare de c\u00e2nd Papa Francisc a fost \u00eenmorm\u00e2ntat acolo, \u00een aprilie 2025.<\/p>\n<p id=\"p-6\">\u00cen decursul acestei luni va fi publicat un raport care va detalia impactul instituirii zonei ro\u0219ii asupra gradului de infrac\u021bionalitate \u0219i criminalitate, a spus un purt\u0103tor de cuv\u00e2nt al prefecturii pentru CNN.<\/p>\n<\/p><\/div>\n","protected":false},"excerpt":{"rendered":"<p>Autorit\u0103\u021bile din Roma au declarat, la sf\u00e2r\u0219itul lunii august, \u201ezon\u0103 ro\u0219ie\u201d de securitate\u201d \u00een jurul Colosseumului \u0219i al altor monumente din ora\u0219. Decizia a fost luat\u0103 \u00een contextul unui val &hellip; <a href=\"https:\/\/microscopemedia.com\/?p=711367\" class=\"more-link\">Read More<\/a><\/p>\n","protected":false},"author":1,"featured_media":711368,"comment_status":"closed","ping_status":"closed","sticky":false,"template":"Default","format":"standard","meta":[],"categories":[1],"tags":[],"_links":{"self":[{"href":"https:\/\/microscopemedia.com\/index.php?rest_route=\/wp\/v2\/posts\/711367"}],"collection":[{"href":"https:\/\/microscopemedia.com\/index.php?rest_route=\/wp\/v2\/posts"}],"about":[{"href":"https:\/\/microscopemedia.com\/index.php?rest_route=\/wp\/v2\/types\/post"}],"author":[{"embeddable":true,"href":"https:\/\/microscopemedia.com\/index.php?rest_route=\/wp\/v2\/users\/1"}],"replies":[{"embeddable":true,"href":"https:\/\/microscopemedia.com\/index.php?rest_route=%2Fwp%2Fv2%2Fcomments&post=711367"}],"version-history":[{"count":0,"href":"https:\/\/microscopemedia.com\/index.php?rest_route=\/wp\/v2\/posts\/711367\/revisions"}],"wp:featuredmedia":[{"embeddable":true,"href":"https:\/\/microscopemedia.com\/index.php?rest_route=\/wp\/v2\/media\/711368"}],"wp:attachment":[{"href":"https:\/\/microscopemedia.com\/index.php?rest_route=%2Fwp%2Fv2%2Fmedia&parent=711367"}],"wp:term":[{"taxonomy":"category","embeddable":true,"href":"https:\/\/microscopemedia.com\/index.php?rest_route=%2Fwp%2Fv2%2Fcategories&post=711367"},{"taxonomy":"post_tag","embeddable":true,"href":"https:\/\/microscopemedia.com\/index.php?rest_route=%2Fwp%2Fv2%2Ftags&post=711367"}],"curies":[{"name":"wp","href":"https:\/\/api.w.org\/{rel}","templated":true}]}}