{"id":711381,"date":"2026-09-03T08:46:04","date_gmt":"2026-09-03T08:46:04","guid":{"rendered":"https:\/\/microscopemedia.com\/?p=711381"},"modified":"2026-09-03T08:46:04","modified_gmt":"2026-09-03T08:46:04","slug":"fjord-filmul-lui-cristian-mungiu-nominalizarea-romaniei-la-premiile-oscar-2027-decizia-luata-in-unanimitate","status":"publish","type":"post","link":"https:\/\/microscopemedia.com\/?p=711381","title":{"rendered":"\u201eFjord\u201d, filmul lui Cristian Mungiu, nominalizarea Rom\u00e2niei la Premiile Oscar 2027. Decizia, luat\u0103 \u00een unanimitate"},"content":{"rendered":"<div class=\"sgb-google-buttons\">\n<div class=\"display-flex justify-center google-logo\"><img decoding=\"async\" loading=\"lazy\" class=\"mg-x-auto\" width=\"30\" height=\"30\" src=\"https:\/\/microscopemedia.com\/wp-content\/uploads\/2026\/09\/fjord-filmul-lui-cristian-mungiu-nominalizarea-romaniei-la-premiile-oscar-2027-decizia-luata-in-unanimitate.png\" alt><\/div>\n<\/p><\/div>\n<p class=\"isSelectedEnd\" id=\"p-0\"><a href=\"https:\/\/www.festival-cannes.com\/en\/f\/fjord\/\">\u201eFjord\u201d<\/a>, noul film scris \u0219i regizat de <a href=\"https:\/\/www.mediafax.ro\/cultura-media\/cristian-mungiu-despre-noul-sau-film-fjord-lumea-nu-este-binara-iar-cinematografia-nu-trebuie-sa-fie-nici-ea-23791432\">Cristian Mungiu<\/a>, va fi propunerea Rom\u00e2niei pentru <strong>Premiile Oscar<\/strong> din 2027, la categoria <strong>\u201eCel mai bun lungmetraj interna\u021bional\u201d<\/strong>, anun\u021b\u0103 Centrul Na\u021bional al Cinematografiei (CNC) \u00eentr-un <a href=\"https:\/\/cnc.gov.ro\/?p=63434\">comunicat<\/a>.<\/p>\n<p class=\"isSelectedEnd\" id=\"p-1\">CNC precizeaz\u0103 c\u0103 decizia a fost luat\u0103 \u00een unanimitate de comisia de selec\u021bie.<\/p>\n<p id=\"p-2\">Actorul de origine rom\u00e2n\u0103 Sebastian Stan, nominalizat la Oscar anul trecut pentru interpretarea lui din \u201eThe Apprentice\u201d, joac\u0103 \u00een noul film al lui Cristian Mungiu rolul lui Mihai Gheorghiu, un inginer care s-a mutat \u00een Norvegia al\u0103turi de so\u021bia sa \u0219i cei cinci copii ai lor.<\/p>\n<p class=\"isSelectedEnd\" id=\"p-3\">Actri\u021ba norvegian\u0103 Renate Reinsve, nominalizat\u0103 la Premiul Oscar chiar anul acesta pentru interpretarea din filmul \u201eSentimental Value\u201d, o interpreteaz\u0103 pe Lisbet, so\u021bia lui Mihai Gheorghiu.<\/p>\n<p id=\"p-4\">Filmul, inspirat din cazul familiei Bodnariu, analizeaz\u0103 conflictul dintre mentalit\u0103\u021bile unor p\u0103rin\u021bi care aplic\u0103 inclusiv corec\u021bii fizice copiilor \u0219i realitatea societ\u0103\u021bii \u00een care ace\u0219tia s-au mutat.<\/p>\n<p id=\"p-5\">\u201eFjord\u201d este unul dintre pu\u021binele filme care pot st\u00e2rni conversa\u021bii, un film care \u00eei provoac\u0103 pe spectatori cu o \u00eentrebare la care pare mai greu de r\u0103spuns dec\u00e2t ar trebui \u00een zilele noastre: <span class=\"lg:[[data-style-disabled=&quot;false&quot;]_&amp;]:textStyle_heading.sm\">ai proteja drepturile cuiva cu care nu e\u0219ti deloc de acord?<\/span><\/p>\n<p id=\"p-6\">Filmul a avut premiera \u00een Competi\u021bia Oficial\u0103 a Festivalului de la Cannes, unde a c\u00e2\u0219tigat <a href=\"https:\/\/www.mediafax.ro\/life-entertaiment\/mungiu-dupa-castigarea-palme-dor-la-cannes-2026-starea-lumii-nu-este-cea-mai-buna-acest-film-este-un-angajament-impotriva-oricarei-forme-de-fundamentalism-23742514\">premiul Palme d\u2019Or pentru Cel mai bun film<\/a>, Premiul FIPRESCI, Premiul juriului ecumenic, Prix de la Citoyennet\u00e9 \u0219i Premiul Fran\u00e7ois Chalais.<\/p>\n<p class=\"isSelectedEnd\" id=\"p-7\">Acesta a fost lansat pe 19 august 2026 \u00een cinematografele din Fran\u021ba \u0219i urmeaz\u0103 s\u0103 fie lansat \u00een aceast\u0103 iarn\u0103 \u0219i \u00een cinematografele din Rom\u00e2nia.<\/p>\n<p id=\"p-8\">\u00cen luna iunie, \u201eFjord\u201d a avut parte de o <a href=\"https:\/\/www.mediafax.ro\/comunicate\/fjord-noul-palme-dor-semnat-de-cristian-mungiu-poate-fi-vazut-pe-13-iunie-la-cinemax-veranda-mall-biletele-se-pun-in-vanzare-pe-2-iunie-23748090\">avanpremier\u0103 de o zi<\/a> \u00een s\u0103lile de cinema din Rom\u00e2nia. Dup\u0103 succesul de la Cannes, Cristian Mungiu a spus c\u0103 \u0219i-a dorit ca rom\u00e2nii s\u0103 poat\u0103 vedea filmul \u00eenainte de premiera general\u0103.<\/p>\n<p class=\"isSelectedEnd\" id=\"p-9\">Lista scurt\u0103 pentru <strong>nominaliz\u0103rile la Oscar 2027<\/strong> va fi anun\u021bat\u0103 de Academia American\u0103 de Film pe <strong>15 decembrie<\/strong>, iar selec\u021bia final\u0103 va fi f\u0103cut\u0103 public\u0103 pe <strong>21 ianuarie 2027<\/strong>.<\/p>\n<p id=\"p-10\">Cea de-a 99-a gal\u0103 a Premiilor Academiei Americane de Film este programat\u0103 pentru 14 martie 2027, la Los Angeles.<\/p>\n<p class=\"isSelectedEnd\" id=\"p-11\">Noul lungmetraj era deja calificat la preselec\u021bia Premiilor Oscar datorit\u0103 unei noi reguli introduse recent de Academia American\u0103 a Artelor \u0219i \u0218tiin\u021belor Filmului.<\/p>\n<p id=\"p-12\">Pe l\u00e2ng\u0103 \u00eenscrierea unui film ca parte a selec\u021biei oficiale a unei \u021b\u0103ri sau regiuni, un film \u00eentr-o alt\u0103 limb\u0103 dec\u00e2t engleza poate fi acum \u00eenscris \u00een competi\u021bie dac\u0103 a c\u00e2\u0219tigat premiul pentru cel mai bun film la un festival de film important.<\/p>\n","protected":false},"excerpt":{"rendered":"<p>\u201eFjord\u201d, noul film scris \u0219i regizat de Cristian Mungiu, va fi propunerea Rom\u00e2niei pentru Premiile Oscar din 2027, la categoria \u201eCel mai bun lungmetraj interna\u021bional\u201d, anun\u021b\u0103 Centrul Na\u021bional al Cinematografiei &hellip; <a href=\"https:\/\/microscopemedia.com\/?p=711381\" class=\"more-link\">Read More<\/a><\/p>\n","protected":false},"author":1,"featured_media":711382,"comment_status":"closed","ping_status":"closed","sticky":false,"template":"Default","format":"standard","meta":[],"categories":[1],"tags":[],"_links":{"self":[{"href":"https:\/\/microscopemedia.com\/index.php?rest_route=\/wp\/v2\/posts\/711381"}],"collection":[{"href":"https:\/\/microscopemedia.com\/index.php?rest_route=\/wp\/v2\/posts"}],"about":[{"href":"https:\/\/microscopemedia.com\/index.php?rest_route=\/wp\/v2\/types\/post"}],"author":[{"embeddable":true,"href":"https:\/\/microscopemedia.com\/index.php?rest_route=\/wp\/v2\/users\/1"}],"replies":[{"embeddable":true,"href":"https:\/\/microscopemedia.com\/index.php?rest_route=%2Fwp%2Fv2%2Fcomments&post=711381"}],"version-history":[{"count":0,"href":"https:\/\/microscopemedia.com\/index.php?rest_route=\/wp\/v2\/posts\/711381\/revisions"}],"wp:featuredmedia":[{"embeddable":true,"href":"https:\/\/microscopemedia.com\/index.php?rest_route=\/wp\/v2\/media\/711382"}],"wp:attachment":[{"href":"https:\/\/microscopemedia.com\/index.php?rest_route=%2Fwp%2Fv2%2Fmedia&parent=711381"}],"wp:term":[{"taxonomy":"category","embeddable":true,"href":"https:\/\/microscopemedia.com\/index.php?rest_route=%2Fwp%2Fv2%2Fcategories&post=711381"},{"taxonomy":"post_tag","embeddable":true,"href":"https:\/\/microscopemedia.com\/index.php?rest_route=%2Fwp%2Fv2%2Ftags&post=711381"}],"curies":[{"name":"wp","href":"https:\/\/api.w.org\/{rel}","templated":true}]}}