{"id":711389,"date":"2026-09-03T09:27:02","date_gmt":"2026-09-03T09:27:02","guid":{"rendered":"https:\/\/microscopemedia.com\/?p=711389"},"modified":"2026-09-03T09:27:02","modified_gmt":"2026-09-03T09:27:02","slug":"patru-zile-de-restrictii-intr-o-singura-saptamana-pe-transfagarasan-drumul-se-inchide-din-nou-sambata","status":"publish","type":"post","link":"https:\/\/microscopemedia.com\/?p=711389","title":{"rendered":"Patru zile de restric\u021bii \u00eentr-o singur\u0103 s\u0103pt\u0103m\u00e2n\u0103 pe Transf\u0103g\u0103r\u0103\u0219an. Drumul se \u00eenchide din nou s\u00e2mb\u0103t\u0103"},"content":{"rendered":"<div readability=\"32.882352941176\">\n<div class=\"sgb-google-buttons\">\n<div class=\"display-flex justify-center google-logo\"><img decoding=\"async\" loading=\"lazy\" class=\"mg-x-auto\" width=\"30\" height=\"30\" src=\"https:\/\/microscopemedia.com\/wp-content\/uploads\/2026\/09\/patru-zile-de-restrictii-intr-o-singura-saptamana-pe-transfagarasan-drumul-se-inchide-din-nou-sambata.png\" alt><\/div>\n<\/p><\/div>\n<p id=\"p-0\"><span>Restric\u021bia de circula\u021bie va fi instituit\u0103 pe Transf\u0103g\u0103r\u0103\u0219an, pe sectorul cuprins \u00eentre kilometrul 62+100, \u00een zona Barajului Vidraru, \u0219i kilometrul 116+808, la B\u00e2lea Lac, \u00een intervalul orar 07:00 \u2013 18:00.&nbsp;<\/span><\/p>\n<p id=\"p-1\"><span>\u201e<\/span><span>S\u00e2mb\u0103t\u0103, 5 septembrie 2026, circula\u021bia rutier\u0103 pe drumul na\u021bional DN 7C, sectorul cuprins \u00eentre km 62+100 (Baraj Vidraru) \u0219i km 116+808 (B\u00e2lea Lac), va fi \u00eenchis\u0103 temporar, \u00een intervalul orar 07:00 \u2013 18:00. Restric\u021bia este necesar\u0103 pentru desf\u0103\u0219urarea competi\u021biei sportive de \u00eenot, ciclism \u0219i alergare \u201cTRANSFIER 2026\u201d, se arat\u0103 \u00een mesajul publicat pe Facebook de CNAIR.&nbsp; \u00e2<\/span><\/p>\n<p id=\"p-3\"><span>Noua restric\u021bie vine la scurt timp dup\u0103 ce, tot \u00een aceast\u0103 s\u0103pt\u0103m\u00e2n\u0103, circula\u021bia pe Transf\u0103g\u0103r\u0103\u0219an <span><a href=\"https:\/\/www.mediafax.ro\/social\/circulatia-pe-transfagarasan-oprita-miercuri-pentru-patru-ore-26-de-kilometri-inchisi-pentru-un-eveniment-cu-automobile-23800210\">a fost oprit\u0103<\/a> <\/span>miercuri timp de patru ore pe un sector de 26 de kilometri. <\/span><\/p>\n<p id=\"p-4\"><span>Mar\u021bi, 1 septembrie, circula\u021bia a mai fost oprit\u0103 \u00een acela\u0219i interval, din acela\u0219i motiv, iar vineri, 4 septembrie, circula\u021bia va fi restric\u021bionat\u0103, tot de la 7:00 la 11:00, pentru un alt eveniment automobilistic.<\/span><span>&nbsp;<\/span><\/p>\n<\/p><\/div>\n","protected":false},"excerpt":{"rendered":"<p>Restric\u021bia de circula\u021bie va fi instituit\u0103 pe Transf\u0103g\u0103r\u0103\u0219an, pe sectorul cuprins \u00eentre kilometrul 62+100, \u00een zona Barajului Vidraru, \u0219i kilometrul 116+808, la B\u00e2lea Lac, \u00een intervalul orar 07:00 \u2013 18:00.&nbsp; &hellip; <a href=\"https:\/\/microscopemedia.com\/?p=711389\" class=\"more-link\">Read More<\/a><\/p>\n","protected":false},"author":1,"featured_media":711390,"comment_status":"closed","ping_status":"closed","sticky":false,"template":"Default","format":"standard","meta":[],"categories":[1],"tags":[],"_links":{"self":[{"href":"https:\/\/microscopemedia.com\/index.php?rest_route=\/wp\/v2\/posts\/711389"}],"collection":[{"href":"https:\/\/microscopemedia.com\/index.php?rest_route=\/wp\/v2\/posts"}],"about":[{"href":"https:\/\/microscopemedia.com\/index.php?rest_route=\/wp\/v2\/types\/post"}],"author":[{"embeddable":true,"href":"https:\/\/microscopemedia.com\/index.php?rest_route=\/wp\/v2\/users\/1"}],"replies":[{"embeddable":true,"href":"https:\/\/microscopemedia.com\/index.php?rest_route=%2Fwp%2Fv2%2Fcomments&post=711389"}],"version-history":[{"count":0,"href":"https:\/\/microscopemedia.com\/index.php?rest_route=\/wp\/v2\/posts\/711389\/revisions"}],"wp:featuredmedia":[{"embeddable":true,"href":"https:\/\/microscopemedia.com\/index.php?rest_route=\/wp\/v2\/media\/711390"}],"wp:attachment":[{"href":"https:\/\/microscopemedia.com\/index.php?rest_route=%2Fwp%2Fv2%2Fmedia&parent=711389"}],"wp:term":[{"taxonomy":"category","embeddable":true,"href":"https:\/\/microscopemedia.com\/index.php?rest_route=%2Fwp%2Fv2%2Fcategories&post=711389"},{"taxonomy":"post_tag","embeddable":true,"href":"https:\/\/microscopemedia.com\/index.php?rest_route=%2Fwp%2Fv2%2Ftags&post=711389"}],"curies":[{"name":"wp","href":"https:\/\/api.w.org\/{rel}","templated":true}]}}