{"id":711395,"date":"2026-09-03T10:16:04","date_gmt":"2026-09-03T10:16:04","guid":{"rendered":"https:\/\/microscopemedia.com\/?p=711395"},"modified":"2026-09-03T10:16:04","modified_gmt":"2026-09-03T10:16:04","slug":"denis-dragus-revine-in-romania-si-semneaza-cu-fcsb-gigi-becali-a-anuntat-transferul-si-clauza-atacantului","status":"publish","type":"post","link":"https:\/\/microscopemedia.com\/?p=711395","title":{"rendered":"Denis Dr\u0103gu\u0219 revine \u00een Rom\u00e2nia \u0219i semneaz\u0103 cu FCSB. Gigi Becali a anun\u021bat transferul \u0219i clauza atacantului"},"content":{"rendered":"<div class=\"sgb-google-buttons\">\n<div class=\"display-flex justify-center google-logo\"><img decoding=\"async\" loading=\"lazy\" class=\"mg-x-auto\" width=\"30\" height=\"30\" src=\"https:\/\/microscopemedia.com\/wp-content\/uploads\/2026\/09\/denis-dragus-revine-in-romania-si-semneaza-cu-fcsb-gigi-becali-a-anuntat-transferul-si-clauza-atacantului.png\" alt><\/div>\n<\/p><\/div>\n<p id=\"p-0\">Transferul atacantului a fost confirmat de Gigi Becali, care a dezv\u0103luit \u0219i una dintre condi\u021biile importante introduse \u00een contractul fotbalistului, potrivit <a href=\"https:\/\/www.prosport.ro\/fotbal-intern\/superliga\/denis-dragus-transfer-fcsb-gigi-becali-bomba-contract-20516572\" target=\"_blank\" rel=\"noopener\">Prosport<\/a>.<\/p>\n<p id=\"p-1\"><strong>Gigi Becali: \u201eAm semnat\u201d<\/strong><\/p>\n<p id=\"p-2\">Patronul FCSB a confirmat transferul lui Denis Dr\u0103gu\u0219 \u00een cadrul emisiunii Fanatik Superliga. Potrivit lui Becali, documentele au fost deja semnate, iar atacantul urmeaz\u0103 s\u0103 ajung\u0103 la Bucure\u0219ti pentru prezentarea oficial\u0103. \u201eToate cele 3 transferuri sunt \u00eenchise. \u0218i Dr\u0103gu\u0219. Am semnat, mi-a dat contractul, l-am semnat, doar trebuie s\u0103 vin\u0103 \u00eencoace\u201d, a declarat Gigi Becali.<\/p>\n<p id=\"p-3\">Dr\u0103gu\u0219 se al\u0103tur\u0103 astfel lui Meriton Korenica \u0219i Karlo Muhar, celelalte dou\u0103 transferuri anun\u021bate de FCSB \u00een aceast\u0103 perioad\u0103. Becali a transmis c\u0103 prezentarea celor trei juc\u0103tori ar urma s\u0103 aib\u0103 loc \u00een zilele urm\u0103toare, Dr\u0103gu\u0219 fiind a\u0219teptat s\u0103 ajung\u0103 \u00eenaintea celorlal\u021bi.<\/p>\n<div id=\"attachment_23624601\" class=\"wp-caption aligncenter\" readability=\"33\"><img aria-describedby=\"caption-attachment-23624601\" class=\"size-full wp-image-23624601\" src=\"https:\/\/microscopemedia.com\/wp-content\/uploads\/2026\/09\/denis-dragus-revine-in-romania-si-semneaza-cu-fcsb-gigi-becali-a-anuntat-transferul-si-clauza-atacantului.webp\" alt width=\"900\" height=\"589\" loading=\"lazy\" decoding=\"async\" srcset=\"https:\/\/microscopemedia.com\/wp-content\/uploads\/2026\/09\/denis-dragus-revine-in-romania-si-semneaza-cu-fcsb-gigi-becali-a-anuntat-transferul-si-clauza-atacantului-1.webp 500w, https:\/\/microscopemedia.com\/wp-content\/uploads\/2026\/09\/denis-dragus-revine-in-romania-si-semneaza-cu-fcsb-gigi-becali-a-anuntat-transferul-si-clauza-atacantului.webp 728w\"><\/p>\n<p id=\"caption-attachment-23624601\" class=\"wp-caption-text\"><em>George Becali, patronul FCSB .Sursa foto: Alexandra Pandrea\/GMN\/Mediafax Foto<\/em><\/p>\n<\/div>\n<h2 id=\"chapter-0\">Clauz\u0103 de reziliere de 4 milioane de euro<\/h2>\n<p id=\"p-4\">Una dintre cele mai importante informa\u021bii oferite de Gigi Becali este clauza de reziliere prev\u0103zut\u0103 \u00een contractul lui Denis Dr\u0103gu\u0219. Atacantul va avea o clauz\u0103 de 4 milioane de euro, sum\u0103 pe care patronul FCSB o consider\u0103 relevant\u0103 pentru strategia sa privind fotbalistul. \u201eSingurul care m-a interesat, s\u0103 c\u00e2\u0219tig bani cu el, este Dr\u0103gu\u0219. Am zis: \u00eel iau, c\u00e2\u0219tig \u0219i cu el rezultate, apoi \u00eel \u0219i v\u00e2nd. I-am pus clauz\u0103 4 milioane\u201d, a explicat Becali. \u00cen cazul lui Korenica \u0219i Muhar, clauza de reziliere anun\u021bat\u0103 de patronul FCSB este de 1,5 milioane de euro pentru fiecare.<\/p>\n<h2 id=\"chapter-1\">Dup\u0103 aproape \u0219apte ani, Dr\u0103gu\u0219 revine \u00een fotbalul rom\u00e2nesc<\/h2>\n<p id=\"p-5\">Denis Dr\u0103gu\u0219, \u00een v\u00e2rst\u0103 de 27 de ani, revine \u00een Rom\u00e2nia dup\u0103 aproape \u0219apte ani. Atacantul a plecat \u00een str\u0103in\u0103tate \u00een 2019, dup\u0103 perioada petrecut\u0103 la Viitorul Constan\u021ba, actuala Farul Constan\u021ba. Primul s\u0103u transfer \u00een afara \u021b\u0103rii a fost la Standard Li\u00e8ge, pentru aproximativ 1,8 milioane de euro. Ulterior, Dr\u0103gu\u0219 a mai evoluat pentru Crotone, Genoa, Gaziantep, Ey\u00fcpspor \u0219i Trabzonspor. \u00cen sezonul 2025-2026, interna\u021bionalul rom\u00e2n a fost \u00eemprumutat \u0219i a jucat pentru Ey\u00fcpspor \u0219i Gaziantep. A bifat c\u00e2te 12 apari\u021bii pentru fiecare forma\u021bie \u0219i a \u00eenscris dou\u0103 goluri \u00een Cup\u0103 pentru Gaziantep. La echipa na\u021bional\u0103 a Rom\u00e2niei, Dr\u0103gu\u0219 are 28 de selec\u021bii \u0219i 7 goluri, potrivit informa\u021biilor prezentate de sursa citat\u0103.<\/p>\n<h2 id=\"chapter-2\">Becali: \u201eAcum ne putem bate cu Craiova\u201d<\/h2>\n<p id=\"p-6\">Transferul lui Dr\u0103gu\u0219 face parte dintr-o perioad\u0103 \u00een care FCSB \u00eencearc\u0103 s\u0103-\u0219i consolideze lotul, iar Gigi Becali a legat noile achizi\u021bii de lupta pentru titlu. Patronul campioanei Rom\u00e2niei consider\u0103 Universitatea Craiova principalul adversar al echipei sale \u00een acest moment \u0219i sus\u021bine c\u0103 cele trei transferuri schimb\u0103 perspectiva asupra duelului pentru primul loc. \u201eNoi nu ne puteam bate cu U Craiova. Dar acum, dup\u0103 aceste transferuri, da\u201d, a spus Becali.<\/p>\n<p id=\"p-7\">Declara\u021bia vine dup\u0103 <a href=\"https:\/\/www.mediafax.ro\/sport\/fcsb-spectacol-in-cupa-romaniei-cinci-goluri-in-poarta-lui-fc-arges-si-o-victorie-fara-drept-de-apel-23800834\">victoria FCSB<\/a> cu 5-0 \u00een fa\u021ba lui FC Arge\u0219, rezultat pe care patronul l-a asociat cu \u00eent\u0103rirea lotului. Pentru FCSB, mutarea lui Dr\u0103gu\u0219 are astfel o dubl\u0103 miz\u0103: atacantul este adus pentru a contribui imediat la rezultatele echipei, dar \u0219i cu perspectiva unei viitoare v\u00e2nz\u0103ri, \u00een cazul \u00een care evolu\u021biile sale \u00eei vor cre\u0219te din nou valoarea.<\/p>\n","protected":false},"excerpt":{"rendered":"<p>Transferul atacantului a fost confirmat de Gigi Becali, care a dezv\u0103luit \u0219i una dintre condi\u021biile importante introduse \u00een contractul fotbalistului, potrivit Prosport. Gigi Becali: \u201eAm semnat\u201d Patronul FCSB a confirmat &hellip; <a href=\"https:\/\/microscopemedia.com\/?p=711395\" class=\"more-link\">Read More<\/a><\/p>\n","protected":false},"author":1,"featured_media":711396,"comment_status":"closed","ping_status":"closed","sticky":false,"template":"Default","format":"standard","meta":[],"categories":[1],"tags":[],"_links":{"self":[{"href":"https:\/\/microscopemedia.com\/index.php?rest_route=\/wp\/v2\/posts\/711395"}],"collection":[{"href":"https:\/\/microscopemedia.com\/index.php?rest_route=\/wp\/v2\/posts"}],"about":[{"href":"https:\/\/microscopemedia.com\/index.php?rest_route=\/wp\/v2\/types\/post"}],"author":[{"embeddable":true,"href":"https:\/\/microscopemedia.com\/index.php?rest_route=\/wp\/v2\/users\/1"}],"replies":[{"embeddable":true,"href":"https:\/\/microscopemedia.com\/index.php?rest_route=%2Fwp%2Fv2%2Fcomments&post=711395"}],"version-history":[{"count":0,"href":"https:\/\/microscopemedia.com\/index.php?rest_route=\/wp\/v2\/posts\/711395\/revisions"}],"wp:featuredmedia":[{"embeddable":true,"href":"https:\/\/microscopemedia.com\/index.php?rest_route=\/wp\/v2\/media\/711396"}],"wp:attachment":[{"href":"https:\/\/microscopemedia.com\/index.php?rest_route=%2Fwp%2Fv2%2Fmedia&parent=711395"}],"wp:term":[{"taxonomy":"category","embeddable":true,"href":"https:\/\/microscopemedia.com\/index.php?rest_route=%2Fwp%2Fv2%2Fcategories&post=711395"},{"taxonomy":"post_tag","embeddable":true,"href":"https:\/\/microscopemedia.com\/index.php?rest_route=%2Fwp%2Fv2%2Ftags&post=711395"}],"curies":[{"name":"wp","href":"https:\/\/api.w.org\/{rel}","templated":true}]}}