{"id":711401,"date":"2026-09-03T10:56:03","date_gmt":"2026-09-03T10:56:03","guid":{"rendered":"https:\/\/microscopemedia.com\/?p=711401"},"modified":"2026-09-03T10:56:03","modified_gmt":"2026-09-03T10:56:03","slug":"activista-gloria-steinem-simbol-al-miscarii-feministe-din-sua-a-murit-la-92-de-ani","status":"publish","type":"post","link":"https:\/\/microscopemedia.com\/?p=711401","title":{"rendered":"Activista Gloria Steinem, simbol al mi\u0219c\u0103rii feministe din SUA, a murit la 92 de ani"},"content":{"rendered":"<div readability=\"32.537179487179\">\n<div class=\"sgb-google-buttons\">\n<div class=\"display-flex justify-center google-logo\"><img decoding=\"async\" loading=\"lazy\" class=\"mg-x-auto\" width=\"30\" height=\"30\" src=\"https:\/\/microscopemedia.com\/wp-content\/uploads\/2026\/09\/activista-gloria-steinem-simbol-al-miscarii-feministe-din-sua-a-murit-la-92-de-ani.png\" alt><\/div>\n<\/p><\/div>\n<p class=\"isSelectedEnd\" id=\"p-0\">Activista \u0219i jurnalista feminist\u0103 Gloria Steinem, una dintre cele mai cunoscute figuri ale mi\u0219c\u0103rii de eliberare a femeilor din Statele Unite, a murit la v\u00e2rsta de 92 de ani, a anun\u021bat funda\u021bia sa, potrivit <a href=\"https:\/\/www.bbc.com\/news\/articles\/clyeq3ngwe4o\">The New York Times<\/a> \u0219i Reuters.<\/p>\n<p id=\"p-1\">\u00centr-o postare pe pagina de Instagram, funda\u021bia a transmis c\u0103 Gloria Steinem \u201ea decedat \u00een pace\u201d la domiciliul s\u0103u din New York, \u201e\u00eenconjurat\u0103 de mul\u021bi care o iubeau\u201d.<\/p>\n<p id=\"p-2\">Gloria Steinem, care a fost scriitoare \u0219i redactor de revist\u0103, a co-fondat \u00een urm\u0103 cu mai bine de 50 de ani Women\u2019s Action Alliance, un grup dedicat combaterii sexismului.<\/p>\n<p id=\"p-3\">\u0218i-a \u00eenceput cariera de jurnalist\u0103 la New York \u00een anii 1970, iar ulterior chiar a co-fondat revista Ms., una dintre primele publica\u021bii care s-au concentrat pe problemele femeilor, dincolo de temele legate de gospod\u0103rie \u0219i de presiunile industriei frumuse\u021bii.<\/p>\n<p class=\"isSelectedEnd\" id=\"p-4\">\u00cen jurul anilor 1970, Gloria Steinem a devenit una dintre principalele voci care au militat pentru drepturile reproductive ale femeilor.<\/p>\n<p id=\"p-5\">Ea a salutat decizia Cur\u021bii Supreme a SUA din 1973 \u00een cazul Roe v. Wade, prin care femeilor le-a fost recunoscut dreptul constitu\u021bional la avort. Aproape o jum\u0103tate de secol mai t\u00e2rziu, Steinem a fost martora anul\u0103rii acestei decizii.<\/p>\n<\/p><\/div>\n","protected":false},"excerpt":{"rendered":"<p>Activista \u0219i jurnalista feminist\u0103 Gloria Steinem, una dintre cele mai cunoscute figuri ale mi\u0219c\u0103rii de eliberare a femeilor din Statele Unite, a murit la v\u00e2rsta de 92 de ani, a &hellip; <a href=\"https:\/\/microscopemedia.com\/?p=711401\" class=\"more-link\">Read More<\/a><\/p>\n","protected":false},"author":1,"featured_media":711402,"comment_status":"closed","ping_status":"closed","sticky":false,"template":"Default","format":"standard","meta":[],"categories":[1],"tags":[],"_links":{"self":[{"href":"https:\/\/microscopemedia.com\/index.php?rest_route=\/wp\/v2\/posts\/711401"}],"collection":[{"href":"https:\/\/microscopemedia.com\/index.php?rest_route=\/wp\/v2\/posts"}],"about":[{"href":"https:\/\/microscopemedia.com\/index.php?rest_route=\/wp\/v2\/types\/post"}],"author":[{"embeddable":true,"href":"https:\/\/microscopemedia.com\/index.php?rest_route=\/wp\/v2\/users\/1"}],"replies":[{"embeddable":true,"href":"https:\/\/microscopemedia.com\/index.php?rest_route=%2Fwp%2Fv2%2Fcomments&post=711401"}],"version-history":[{"count":0,"href":"https:\/\/microscopemedia.com\/index.php?rest_route=\/wp\/v2\/posts\/711401\/revisions"}],"wp:featuredmedia":[{"embeddable":true,"href":"https:\/\/microscopemedia.com\/index.php?rest_route=\/wp\/v2\/media\/711402"}],"wp:attachment":[{"href":"https:\/\/microscopemedia.com\/index.php?rest_route=%2Fwp%2Fv2%2Fmedia&parent=711401"}],"wp:term":[{"taxonomy":"category","embeddable":true,"href":"https:\/\/microscopemedia.com\/index.php?rest_route=%2Fwp%2Fv2%2Fcategories&post=711401"},{"taxonomy":"post_tag","embeddable":true,"href":"https:\/\/microscopemedia.com\/index.php?rest_route=%2Fwp%2Fv2%2Ftags&post=711401"}],"curies":[{"name":"wp","href":"https:\/\/api.w.org\/{rel}","templated":true}]}}