{"id":711403,"date":"2026-09-03T11:06:03","date_gmt":"2026-09-03T11:06:03","guid":{"rendered":"https:\/\/microscopemedia.com\/?p=711403"},"modified":"2026-09-03T11:06:03","modified_gmt":"2026-09-03T11:06:03","slug":"o-clinica-privata-a-fost-amendata-cu-500-000-de-euro-dupa-furtul-de-date-ale-pacientilor","status":"publish","type":"post","link":"https:\/\/microscopemedia.com\/?p=711403","title":{"rendered":"O clinic\u0103 privat\u0103 a fost amendat\u0103 cu 500.000 de euro dup\u0103 furtul de date ale pacien\u021bilor"},"content":{"rendered":"<div readability=\"40.749545619775\">\n<div class=\"sgb-google-buttons\">\n<div class=\"display-flex justify-center google-logo\"><img decoding=\"async\" loading=\"lazy\" class=\"mg-x-auto\" width=\"30\" height=\"30\" src=\"https:\/\/microscopemedia.com\/wp-content\/uploads\/2026\/09\/o-clinica-privata-a-fost-amendata-cu-500-000-de-euro-dupa-furtul-de-date-ale-pacientilor.png\" alt><\/div>\n<\/p><\/div>\n<p id=\"p-0\">\u00cen vara anului 2025, clinica H\u00f4pital Priv\u00e9 de la Loire a fost \u021binta unui atac cibernetic care a dus la \u00eenc\u0103lcarea securit\u0103\u021bii datelor cu caracter personal a peste 500.000 de pacien\u021bi, inclusiv dosare medicale, \u0219i a peste 200.000 de \u201eter\u021be p\u0103r\u021bi de \u00eencredere\u201d \u2013 rude autorizate de pacien\u021bi s\u0103 le acceseze dosarele medicale, potrivit <a href=\"https:\/\/www.lefigaro.fr\/secteur\/high-tech\/cyberattaque-une-clinique-privee-sanctionnee-d-une-amende-de-500-000-euros-apres-un-vol-de-donnees-20260903\" target=\"_blank\" rel=\"noopener\">Le Figaro<\/a>.<\/p>\n<p id=\"p-1\">Xavier Claris, pre\u0219edintele consiliului de administra\u021bie al HPL LDA (H\u00f4pital Priv\u00e9 de la Loire \u2013 Loire Dr\u00f4me Ard\u00e8che), a declarat c\u0103 decizia de a contesta decizia CNIL \u201eeste \u00een curs de examinare\u2026 \u201ene-a fost comunicat\u0103 ieri (miercuri) dup\u0103-amiaz\u0103 \u0219i nu s-a luat \u00eenc\u0103 o decizie cu privire la depunerea sau nu a unui apel la Consiliul de Stat\u201d. \u00centr-un comunicat de pres\u0103, CNIL subliniaz\u0103 c\u0103 spitalul a demonstrat \u201eo lips\u0103 de \u00een\u021belegere a principiilor esen\u021biale de securitate\u201d. Se subliniaz\u0103 \u00een mod specific c\u0103 accesul la dosarele medicale ale pacien\u021bilor pentru persoane din afara institu\u021biei, cum ar fi medicii de familie, nu era suficient de securizat. Aceasta a fost calea prin care atacatorul a ob\u021binut acces la date.<\/p>\n<h2 id=\"chapter-0\">Atacatorul a avut acces la date mai multe zile f\u0103r\u0103 s\u0103 fie depistat<\/h2>\n<p id=\"p-2\">CNIL critic\u0103, de asemenea, spitalul pentru c\u0103 nu a implementat m\u0103suri de detectare a activit\u0103\u021bilor IT suspecte. \u201eAtacatorul a putut explora dosarele pacien\u021bilor spitalului timp de mai multe zile \u0219i a extrage un volum foarte mare de date f\u0103r\u0103 ca aceast\u0103 activitate anormal\u0103 s\u0103 fie detectat\u0103\u201d, se precizeaz\u0103 \u00een comunicat. \u00cen cele din urm\u0103, se ridic\u0103 problema faptului c\u0103 institu\u021bia nu a informat ter\u021bii de \u00eencredere desemna\u021bi de pacien\u021bi, care erau autoriza\u021bi s\u0103 acceseze datele lor medicale, despre aceast\u0103 \u00eenc\u0103lcare.<\/p>\n<p id=\"p-3\">Autoritatea a identificat astfel dou\u0103 \u00eenc\u0103lc\u0103ri ale Regulamentului general privind protec\u021bia datelor, privind obliga\u021bia de a asigura securitatea datelor \u0219i obliga\u021bia de a informa victimele \u00eenc\u0103lc\u0103rilor de date. A solicitat institu\u021biei s\u0103 implementeze m\u0103suri de securitate \u00een termen de trei p\u00e2n\u0103 la cincisprezece luni, \u00een func\u021bie de tipul m\u0103surii, sub sanc\u021biunea unor amenzi zilnice. \u201eO serie dintre aceste m\u0103suri au fost implementate \u00eenc\u0103 din vara trecut\u0103. Diversele proiecte de securitate solicitate de CNIL au fost lansate. Acestea se afl\u0103 \u00een diferite stadii de finalizare. Unele, cum ar fi autentificarea cu doi factori, sunt finalizate\u201d, a spus Xavier Claris.<\/p>\n<\/p><\/div>\n","protected":false},"excerpt":{"rendered":"<p>\u00cen vara anului 2025, clinica H\u00f4pital Priv\u00e9 de la Loire a fost \u021binta unui atac cibernetic care a dus la \u00eenc\u0103lcarea securit\u0103\u021bii datelor cu caracter personal a peste 500.000 de &hellip; <a href=\"https:\/\/microscopemedia.com\/?p=711403\" class=\"more-link\">Read More<\/a><\/p>\n","protected":false},"author":1,"featured_media":711404,"comment_status":"closed","ping_status":"closed","sticky":false,"template":"Default","format":"standard","meta":[],"categories":[1],"tags":[],"_links":{"self":[{"href":"https:\/\/microscopemedia.com\/index.php?rest_route=\/wp\/v2\/posts\/711403"}],"collection":[{"href":"https:\/\/microscopemedia.com\/index.php?rest_route=\/wp\/v2\/posts"}],"about":[{"href":"https:\/\/microscopemedia.com\/index.php?rest_route=\/wp\/v2\/types\/post"}],"author":[{"embeddable":true,"href":"https:\/\/microscopemedia.com\/index.php?rest_route=\/wp\/v2\/users\/1"}],"replies":[{"embeddable":true,"href":"https:\/\/microscopemedia.com\/index.php?rest_route=%2Fwp%2Fv2%2Fcomments&post=711403"}],"version-history":[{"count":0,"href":"https:\/\/microscopemedia.com\/index.php?rest_route=\/wp\/v2\/posts\/711403\/revisions"}],"wp:featuredmedia":[{"embeddable":true,"href":"https:\/\/microscopemedia.com\/index.php?rest_route=\/wp\/v2\/media\/711404"}],"wp:attachment":[{"href":"https:\/\/microscopemedia.com\/index.php?rest_route=%2Fwp%2Fv2%2Fmedia&parent=711403"}],"wp:term":[{"taxonomy":"category","embeddable":true,"href":"https:\/\/microscopemedia.com\/index.php?rest_route=%2Fwp%2Fv2%2Fcategories&post=711403"},{"taxonomy":"post_tag","embeddable":true,"href":"https:\/\/microscopemedia.com\/index.php?rest_route=%2Fwp%2Fv2%2Ftags&post=711403"}],"curies":[{"name":"wp","href":"https:\/\/api.w.org\/{rel}","templated":true}]}}