{"id":711405,"date":"2026-09-03T11:16:03","date_gmt":"2026-09-03T11:16:03","guid":{"rendered":"https:\/\/microscopemedia.com\/?p=711405"},"modified":"2026-09-03T11:16:03","modified_gmt":"2026-09-03T11:16:03","slug":"tim-cook-pleaca-din-fruntea-apple-dar-primeste-in-continuare-milioane-de-dolari-cat-va-castiga","status":"publish","type":"post","link":"https:\/\/microscopemedia.com\/?p=711405","title":{"rendered":"Tim Cook pleac\u0103 din fruntea Apple, dar prime\u0219te \u00een continuare milioane de dolari. C\u00e2t va c\u00e2\u0219tiga"},"content":{"rendered":"<div class=\"sgb-google-buttons\">\n<div class=\"display-flex justify-center google-logo\"><img decoding=\"async\" loading=\"lazy\" class=\"mg-x-auto\" width=\"30\" height=\"30\" src=\"https:\/\/microscopemedia.com\/wp-content\/uploads\/2026\/09\/tim-cook-pleaca-din-fruntea-apple-dar-primeste-in-continuare-milioane-de-dolari-cat-va-castiga.png\" alt><\/div>\n<\/p><\/div>\n<p data-start=\"417\" data-end=\"658\" id=\"p-0\">Tim Cook a renun\u021bat \u00een aceast\u0103 s\u0103pt\u0103m\u00e2n\u0103 la func\u021bia de director general al Apple, dup\u0103 15 ani \u00een care s-a aflat la conducerea companiei. El a fost \u00eenlocuit de John Ternus, fost vicepre\u0219edinte pentru inginerie hardware al gigantului american.<\/p>\n<p data-start=\"660\" data-end=\"947\" id=\"p-1\">Cook nu p\u0103r\u0103se\u0219te \u00eens\u0103 Apple. El va ocupa func\u021bia de pre\u0219edinte executiv al Consiliului de Administra\u021bie, pozi\u021bie pentru care va primi \u00een continuare o remunera\u021bie considerabil\u0103, potrivit documentelor depuse de companie la autorit\u0103\u021bile de reglementare din SUA, citate de<a href=\"https:\/\/www.businessinsider.com\/tim-cook-apple-chairman-pay-compensation-stock-awards-ternus-buffett-2026-9\" target=\"_blank\" rel=\"noopener\"> Business Insider.<\/a><\/p>\n<h2 data-section-id=\"1974xjl\" data-start=\"949\" data-end=\"1008\" id=\"chapter-0\">Tim Cook va primi 2 milioane de dolari pe an de la Apple<\/h2>\n<p data-start=\"1010\" data-end=\"1208\" id=\"p-2\">\u00cen noua func\u021bie, Tim Cook va avea un salariu anual de 2 milioane de dolari. La acesta se adaug\u0103 un pachet anual de ac\u021biuni cu o valoare-\u021bint\u0103 de 45 de milioane de dolari pentru anul fiscal 2027.<\/p>\n<p data-start=\"1210\" data-end=\"1463\" id=\"p-3\">Jum\u0103tate dintre ac\u021biunile incluse \u00een pachet sunt unit\u0103\u021bi de ac\u021biuni restric\u021bionate (RSU) acordate \u00een func\u021bie de performan\u021ba Apple \u00een raport cu celelalte companii din indicele S&amp;P 500. Cealalt\u0103 jum\u0103tate va fi acordat\u0103 treptat, pe o perioad\u0103 de patru ani.<\/p>\n<p data-start=\"1465\" data-end=\"1605\" id=\"p-4\">Noul pachet financiar arat\u0103 c\u0103 Tim Cook va continua s\u0103 aib\u0103 un rol important \u00een strategia Apple, chiar dac\u0103 nu mai ocup\u0103 func\u021bia de CEO.<\/p>\n<p data-start=\"1607\" data-end=\"1872\" id=\"p-5\">\u00cen cei 15 ani \u00een care s-a aflat la conducerea companiei, Cook a contribuit la extinderea produc\u021biei \u0219i distribu\u021biei Apple \u0219i la consolidarea lan\u021bului global de aprovizionare. De asemenea, compania a beneficiat de cre\u0219terea pie\u021bei chineze \u00een perioada mandatului s\u0103u.<\/p>\n<h2 data-section-id=\"r971tb\" data-start=\"1874\" data-end=\"1934\" id=\"chapter-1\">Ac\u021biunile Apple au crescut cu aproape 2.300% sub Tim Cook<\/h2>\n<p data-start=\"1936\" data-end=\"2167\" id=\"p-6\">Performan\u021ba Apple pe burs\u0103 reflect\u0103 amploarea transform\u0103rii companiei \u00een perioada \u00een care Tim Cook a fost CEO. Pre\u021bul ac\u021biunilor Apple, ajustat pentru diviz\u0103rile de ac\u021biuni, a crescut cu aproape 2.300% \u00een timpul mandatului s\u0103u.<\/p>\n<p data-start=\"2169\" data-end=\"2313\" id=\"p-7\">Ac\u021biunile au urcat de la aproximativ 13 dolari la circa 317 dolari la \u00eenchiderea ultimei zile \u00een care Cook a ocupat func\u021bia de director general.<\/p>\n<p data-start=\"2315\" data-end=\"2461\" id=\"p-8\">\u00cen 2024 \u0219i 2025, Cook a primit aproximativ 74 de milioane de dolari anual, incluz\u00e2nd salariul, bonusurile \u00een numerar \u0219i alte forme de compensa\u021bie.<\/p>\n<h2 data-section-id=\"eb7qj8\" data-start=\"2463\" data-end=\"2511\" id=\"chapter-2\">C\u00e2t va c\u00e2\u0219tiga John Ternus, noul CEO al Apple<\/h2>\n<p data-start=\"2513\" data-end=\"2667\" id=\"p-9\">\u00cen timp ce Tim Cook va r\u0103m\u00e2ne \u00een conducerea Apple \u00een calitate de pre\u0219edinte executiv, John Ternus va prelua responsabilitatea direct\u0103 pentru companie.<\/p>\n<p data-start=\"2669\" data-end=\"2863\" id=\"p-10\">Apple a anun\u021bat c\u0103 Ternus va avea un salariu anual de 3 milioane de dolari \u0219i va primi ac\u021biuni restric\u021bionate cu o valoare-\u021bint\u0103 de 55 de milioane de dolari \u00een primul s\u0103u an ca director general.<\/p>\n<p data-start=\"2865\" data-end=\"3010\" id=\"p-11\">Aproximativ 75% din acest pachet va fi condi\u021bionat de performan\u021ba Apple, \u00een timp ce restul de 25% va fi acordat treptat pe parcursul a patru ani.<\/p>\n<p data-start=\"3012\" data-end=\"3126\" id=\"p-12\">Apple nu a precizat deocamdat\u0103 valoarea bonusurilor \u00een numerar pe care le vor putea primi Tim Cook \u0219i John Ternus.<\/p>\n","protected":false},"excerpt":{"rendered":"<p>Tim Cook a renun\u021bat \u00een aceast\u0103 s\u0103pt\u0103m\u00e2n\u0103 la func\u021bia de director general al Apple, dup\u0103 15 ani \u00een care s-a aflat la conducerea companiei. El a fost \u00eenlocuit de John &hellip; <a href=\"https:\/\/microscopemedia.com\/?p=711405\" class=\"more-link\">Read More<\/a><\/p>\n","protected":false},"author":1,"featured_media":711406,"comment_status":"closed","ping_status":"closed","sticky":false,"template":"Default","format":"standard","meta":[],"categories":[1],"tags":[],"_links":{"self":[{"href":"https:\/\/microscopemedia.com\/index.php?rest_route=\/wp\/v2\/posts\/711405"}],"collection":[{"href":"https:\/\/microscopemedia.com\/index.php?rest_route=\/wp\/v2\/posts"}],"about":[{"href":"https:\/\/microscopemedia.com\/index.php?rest_route=\/wp\/v2\/types\/post"}],"author":[{"embeddable":true,"href":"https:\/\/microscopemedia.com\/index.php?rest_route=\/wp\/v2\/users\/1"}],"replies":[{"embeddable":true,"href":"https:\/\/microscopemedia.com\/index.php?rest_route=%2Fwp%2Fv2%2Fcomments&post=711405"}],"version-history":[{"count":0,"href":"https:\/\/microscopemedia.com\/index.php?rest_route=\/wp\/v2\/posts\/711405\/revisions"}],"wp:featuredmedia":[{"embeddable":true,"href":"https:\/\/microscopemedia.com\/index.php?rest_route=\/wp\/v2\/media\/711406"}],"wp:attachment":[{"href":"https:\/\/microscopemedia.com\/index.php?rest_route=%2Fwp%2Fv2%2Fmedia&parent=711405"}],"wp:term":[{"taxonomy":"category","embeddable":true,"href":"https:\/\/microscopemedia.com\/index.php?rest_route=%2Fwp%2Fv2%2Fcategories&post=711405"},{"taxonomy":"post_tag","embeddable":true,"href":"https:\/\/microscopemedia.com\/index.php?rest_route=%2Fwp%2Fv2%2Ftags&post=711405"}],"curies":[{"name":"wp","href":"https:\/\/api.w.org\/{rel}","templated":true}]}}