{"id":711409,"date":"2026-09-03T11:37:03","date_gmt":"2026-09-03T11:37:03","guid":{"rendered":"https:\/\/microscopemedia.com\/?p=711409"},"modified":"2026-09-03T11:37:03","modified_gmt":"2026-09-03T11:37:03","slug":"un-el-nino-urias-e-deja-instalat-in-pacific-onu-apreciaza-ca-ar-putea-sa-fie-cel-mai-puternic-din-ultimii-1000-de-ani-cel-putin","status":"publish","type":"post","link":"https:\/\/microscopemedia.com\/?p=711409","title":{"rendered":"Un El Ni\u00f1o uria\u0219 e deja instalat \u00een Pacific | ONU apreciaz\u0103 c\u0103 ar putea s\u0103 fie cel mai puternic din ultimii 1000 de ani, cel pu\u021bin"},"content":{"rendered":"<div class=\"sgb-google-buttons\">\n<div class=\"display-flex justify-center google-logo\"><img decoding=\"async\" loading=\"lazy\" class=\"mg-x-auto\" width=\"30\" height=\"30\" src=\"https:\/\/microscopemedia.com\/wp-content\/uploads\/2026\/09\/un-el-nino-urias-e-deja-instalat-in-pacific-onu-apreciaza-ca-ar-putea-sa-fie-cel-mai-puternic-din-ultimii-1000-de-ani-cel-putin.png\" alt><\/div>\n<\/p><\/div>\n<p id=\"p-0\"><a href=\"https:\/\/www.mediafax.ro\/social\/el-nino-a-ajuns-la-nivelul-3-din-4-si-continua-sa-se-intensifice-avertisment-privind-fenomenele-meteo-extreme-23800785\">Fenomenul climatic El Ni\u00f1o<\/a> este deja ferm instalat \u00een Pacific \u0219i urmeaz\u0103 s\u0103 se intensifice \u00een urm\u0103toarele luni.<\/p>\n<p id=\"p-1\">Va ajunge la o intensitate \u201e<strong>foarte mare<\/strong>\u201d, avertizeaz\u0103 Organiza\u021bia Meteorologic\u0103 Mondial\u0103 (OMM).<\/p>\n<p id=\"p-2\">Potrivit celei mai recente prognoze, exist\u0103 o probabilitate de aproape 100% ca fenomenul s\u0103 persiste p\u00e2n\u0103 \u00een februarie 2027, cu riscuri crescute de valuri de c\u0103ldur\u0103, secet\u0103 \u0219i precipita\u021bii extreme \u00een mai multe regiuni ale lumii.<\/p>\n<p id=\"p-3\">Organiza\u021bia Na\u021biunilor Unite avertizeaz\u0103 c\u0103 intensificarea fenomenului are loc pe fondul unor temperaturi globale deja neobi\u0219nuit de ridicate.<\/p>\n<p id=\"p-4\">El Ni\u00f1o poate ad\u0103uga c\u0103ldur\u0103 suplimentar\u0103 sistemului climatic \u0219i poate modifica tiparele de temperatur\u0103 \u0219i precipita\u021bii la mii de kilometri de zona \u00een care se produce.<\/p>\n<p id=\"p-5\">\u201e<strong>El Ni\u00f1o se extinde chiar sub ochii no\u0219tri<\/strong>\u201d, a declarat secretarul general al ONU, Ant\u00f3nio Guterres, avertiz\u00e2nd c\u0103 lumea intr\u0103 \u00eentr-o perioad\u0103 cu riscuri tot mai mari asociate fenomenelor meteorologice extreme.<\/p>\n<h2 id=\"chapter-0\">Temperaturile oceanului, cu peste 2 grade peste normal<\/h2>\n<p id=\"p-6\">El Ni\u00f1o este un fenomen natural al sistemului climatic, asociat cu \u00eenc\u0103lzirea anormal\u0103 a apelor din centrul \u0219i estul Pacificului ecuatorial.<\/p>\n<p id=\"p-7\">Schimbarea temperaturilor oceanului influen\u021beaz\u0103 circula\u021bia atmosferic\u0103 \u0219i poate modifica regimul ploilor \u0219i al temperaturilor \u00een regiuni aflate la mii de kilometri distan\u021b\u0103.<\/p>\n<p id=\"p-8\">Cele mai recente date OMM arat\u0103 c\u0103 indicele Ni\u00f1o 3.4, folosit pentru monitorizarea temperaturilor din zona central-estic\u0103 a Pacificului, a ajuns la valori de aproximativ 2,2-2,6 grade Celsius peste medie \u00een s\u0103pt\u0103m\u00e2nile de la sf\u00e2r\u0219itul lunii iulie \u0219i din august.<\/p>\n<p id=\"p-9\">\u00cen iulie, media era de aproximativ 2 grade peste normal.<\/p>\n<p id=\"p-10\">\u0218i mai spectaculoas\u0103 este situa\u021bia sub suprafa\u021ba oceanului.<\/p>\n<p id=\"p-11\">\u00cen anumite zone, temperaturile au fost \u00een iulie \u0219i la \u00eenceputul lui august cu peste 8 grade Celsius peste medie, oferind un r<strong>ezervor suplimentar de c\u0103ldur\u0103 pentru evolu\u021bia fenomenulu<\/strong>i.<\/p>\n<p id=\"p-12\">Prognozele pentru septembrie-noiembrie indic\u0103 o anomalie medie a temperaturii suprafe\u021bei oceanului \u00een regiunea Ni\u00f1o 3.4 de aproximativ 3,6 grade Celsius, cu intensificarea fenomenului p\u00e2n\u0103 spre sf\u00e2r\u0219itul anului.<\/p>\n<h2 id=\"chapter-1\">2027 ar putea fi cel mai cald an \u00eenregistrat<\/h2>\n<p id=\"p-13\">Potrivit analizelor citate de presa interna\u021bional\u0103, intensitatea neobi\u0219nuit\u0103 a actualului El Ni\u00f1o ar putea contribui la transformarea anului 2027 \u00een cel mai cald an \u00eenregistrat vreodat\u0103.<\/p>\n<p id=\"p-14\">Climatologul Zeke Hausfather a analizat prognoze provenite de la 14 modele climatice \u0219i a remarcat c\u0103 acestea indic\u0103 un eveniment aflat mult \u00een afara intervalului observat \u00een trecutul recent.<\/p>\n<p id=\"p-15\">Unele cercet\u0103ri bazate pe corali, inelele arborilor \u0219i documente istorice sugereaz\u0103 c\u0103 un fenomen El Ni\u00f1o de intensitatea estimat\u0103 acum ar putea fi f\u0103r\u0103 precedent \u00een ultimul mileniu.<\/p>\n<p id=\"p-16\">Totu\u0219i, OMM nu afirm\u0103 oficial c\u0103 acesta va fi \u201ecel mai puternic El Ni\u00f1o din ultimii 1.000 de ani\u201d. Organiza\u021bia clasific\u0103 evenimentele drept slabe, moderate, puternice sau foarte puternice \u0219i precizeaz\u0103 c\u0103 intensitatea fenomenului nu determin\u0103 automat amploarea efectelor \u00eentr-o anumit\u0103 \u021bar\u0103 sau regiune.<\/p>\n<h2 id=\"chapter-2\">Incendii, secet\u0103 \u0219i inunda\u021bii<\/h2>\n<p id=\"p-17\">Efectele El Ni\u00f1o sunt deja observate \u00een mai multe regiuni. Fenomenul poate favoriza condi\u021bii mai uscate \u00een unele zone \u0219i precipita\u021bii abundente \u00een altele.<\/p>\n<p id=\"p-18\">Pentru septembrie-noiembrie, prognozele OMM indic\u0103 temperaturi peste normal \u00een aproape toate regiunile continentale ale lumii.<\/p>\n<p id=\"p-19\">\u00cen acela\u0219i timp, sunt anticipate modific\u0103ri importante ale regimului precipita\u021biilor, cu risc crescut de secet\u0103 \u00een anumite regiuni \u0219i de ploi abundente \u00een altele.<\/p>\n<p id=\"p-20\">OMM avertizeaz\u0103 c\u0103 El Ni\u00f1o poate contribui la cre\u0219terea riscului de incendii de vegeta\u021bie, secet\u0103, inunda\u021bii \u0219i valuri de c\u0103ldur\u0103.<\/p>\n<h2 id=\"chapter-3\">S-a intensificat dup\u0103 1982<\/h2>\n<p id=\"p-21\">Efectele nu vor fi \u00eens\u0103 identice peste tot, deoarece sunt influen\u021bate \u0219i de al\u021bi factori climatici, inclusiv de evolu\u021bia Oceanului Indian \u0219i a Atlanticului.<\/p>\n<p id=\"p-22\">\u00cen acela\u0219i timp, cercet\u0103ri recente indic\u0103 faptul c\u0103 \u00eenc\u0103lzirea global\u0103 provocat\u0103 de activitatea uman\u0103 poate modifica \u0219i intensifica ciclurile El Ni\u00f1o.<\/p>\n<p id=\"p-23\">Un studiu publicat \u00een <em>Science<\/em>, bazat inclusiv pe analiza unor corali vechi de aproximativ 1.000 de ani din Gal\u00e1pagos, a constatat c\u0103 variabilitatea fenomenului El Ni\u00f1o a crescut cu aproximativ 37% \u00een perioada industrial\u0103, cu o intensificare deosebit\u0103 dup\u0103 1982.<\/p>\n<h2 id=\"chapter-4\">ONU preg\u0103te\u0219te m\u0103suri pentru un fenomen excep\u021bional<\/h2>\n<p id=\"p-24\">OMM spune c\u0103 \u0219i-a intensificat cooperarea cu serviciile meteorologice \u0219i hidrologice na\u021bionale pentru ca autorit\u0103\u021bile \u0219i comunit\u0103\u021bile vulnerabile s\u0103 poat\u0103 lua m\u0103suri \u00eenainte ca efectele cele mai puternice s\u0103 se manifeste.<\/p>\n<p id=\"p-25\">\u201e<strong>Un El Ni\u00f1o foarte puternic poate modifica semnificativ tiparele de precipita\u021bii \u0219i temperatur\u0103 la nivel mondial \u0219i poate alimenta fenomene meteorologice extreme<\/strong>\u201d, avertizeaz\u0103 OMM.<\/p>\n<p id=\"p-26\">Organiza\u021bia subliniaz\u0103 \u00eens\u0103 c\u0103 prognozele ofer\u0103 o fereastr\u0103 de timp pentru preg\u0103tire, iar efectele concrete vor varia considerabil de la o regiune la alta.<\/p>\n<p id=\"p-27\"><strong>El Ni\u00f1o este un fenomen natural care apare, \u00een general, o dat\u0103 la doi p\u00e2n\u0103 la \u0219apte ani \u0219i dureaz\u0103 aproximativ nou\u0103 p\u00e2n\u0103 la 12 luni. <\/strong><\/p>\n<p id=\"p-28\">De regul\u0103, atinge <strong>intensitatea maxim\u0103 \u00eentre noiembrie \u0219i februarie<\/strong>, iar efectele asupra temperaturilor globale pot continua \u0219i \u00een anul urm\u0103tor.<\/p>\n","protected":false},"excerpt":{"rendered":"<p>Fenomenul climatic El Ni\u00f1o este deja ferm instalat \u00een Pacific \u0219i urmeaz\u0103 s\u0103 se intensifice \u00een urm\u0103toarele luni. Va ajunge la o intensitate \u201efoarte mare\u201d, avertizeaz\u0103 Organiza\u021bia Meteorologic\u0103 Mondial\u0103 (OMM). &hellip; <a href=\"https:\/\/microscopemedia.com\/?p=711409\" class=\"more-link\">Read More<\/a><\/p>\n","protected":false},"author":1,"featured_media":711410,"comment_status":"closed","ping_status":"closed","sticky":false,"template":"Default","format":"standard","meta":[],"categories":[1],"tags":[],"_links":{"self":[{"href":"https:\/\/microscopemedia.com\/index.php?rest_route=\/wp\/v2\/posts\/711409"}],"collection":[{"href":"https:\/\/microscopemedia.com\/index.php?rest_route=\/wp\/v2\/posts"}],"about":[{"href":"https:\/\/microscopemedia.com\/index.php?rest_route=\/wp\/v2\/types\/post"}],"author":[{"embeddable":true,"href":"https:\/\/microscopemedia.com\/index.php?rest_route=\/wp\/v2\/users\/1"}],"replies":[{"embeddable":true,"href":"https:\/\/microscopemedia.com\/index.php?rest_route=%2Fwp%2Fv2%2Fcomments&post=711409"}],"version-history":[{"count":0,"href":"https:\/\/microscopemedia.com\/index.php?rest_route=\/wp\/v2\/posts\/711409\/revisions"}],"wp:featuredmedia":[{"embeddable":true,"href":"https:\/\/microscopemedia.com\/index.php?rest_route=\/wp\/v2\/media\/711410"}],"wp:attachment":[{"href":"https:\/\/microscopemedia.com\/index.php?rest_route=%2Fwp%2Fv2%2Fmedia&parent=711409"}],"wp:term":[{"taxonomy":"category","embeddable":true,"href":"https:\/\/microscopemedia.com\/index.php?rest_route=%2Fwp%2Fv2%2Fcategories&post=711409"},{"taxonomy":"post_tag","embeddable":true,"href":"https:\/\/microscopemedia.com\/index.php?rest_route=%2Fwp%2Fv2%2Ftags&post=711409"}],"curies":[{"name":"wp","href":"https:\/\/api.w.org\/{rel}","templated":true}]}}