{"id":711411,"date":"2026-09-03T11:57:03","date_gmt":"2026-09-03T11:57:03","guid":{"rendered":"https:\/\/microscopemedia.com\/?p=711411"},"modified":"2026-09-03T11:57:03","modified_gmt":"2026-09-03T11:57:03","slug":"prima-reactie-a-germaniei-dupa-ce-rusia-a-anuntat-inchiderea-filialelor-goethe-institut","status":"publish","type":"post","link":"https:\/\/microscopemedia.com\/?p=711411","title":{"rendered":"Prima reac\u021bie a Germaniei dup\u0103 ce Rusia a anun\u021bat \u00eenchiderea filialelor Goethe-Institut"},"content":{"rendered":"<div readability=\"39.624332977588\">\n<div class=\"sgb-google-buttons\">\n<div class=\"display-flex justify-center google-logo\"><img decoding=\"async\" loading=\"lazy\" class=\"mg-x-auto\" width=\"30\" height=\"30\" src=\"https:\/\/microscopemedia.com\/wp-content\/uploads\/2026\/09\/prima-reactie-a-germaniei-dupa-ce-rusia-a-anuntat-inchiderea-filialelor-goethe-institut.png\" alt><\/div>\n<\/p><\/div>\n<p id=\"p-0\">Ministrul german al Afacerilor Externe, Johann Wadephul, a reac\u021bionat, joi, la anun\u021bul f\u0103cut de Moscova privind \u00eenchiderea filialelor Goethe-Institut, institutul cultural interna\u021bional al Germaniei.<\/p>\n<p id=\"p-1\">\u201eGoethe-Institut \u00ee\u0219i merit\u0103 locul \u00een fiecare zi prin promovarea unor rela\u021bii culturale \u00eenfloritoare \u0219i a schimburilor sociale \u00eentre Rusia \u0219i Germania \u2013 \u0219i a f\u0103cut acest lucru \u00een cele mai dificile condi\u021bii de la \u00eenceputul r\u0103zboiului de agresiune al Rusiei \u00eempotriva Ucrainei\u201d, a declarat Wadephul pentru <span><a href=\"https:\/\/app.ekkow.com\/1468158737789960540\" target=\"_blank\" rel=\"noopener\">DPA.&nbsp;<\/a><\/span><\/p>\n<p id=\"p-2\">\u201e\u00cen acest context, m\u0103sura anun\u021bat\u0103 acum de Federa\u021bia Rus\u0103 este foarte regretabil\u0103, deoarece afecteaz\u0103 \u0219i mai mult rela\u021biile noastre\u201d, a mai spus acesta, potrivit sursei citate.<\/p>\n<p id=\"p-3\">Ministrul german a subliniat c\u0103 m\u0103sura este una nejustificat\u0103, pentru c\u0103 decizia guvernului german de a \u00eenchide centrul cultural rus din Berlin a fost un r\u0103spuns direct la descoperirea unei drone \u00eenc\u0103rcate cu exploziv la aeroportul din Leipzig.<\/p>\n<h2 id=\"chapter-0\">Reac\u021bia Rusiei la acuza\u021biile formulate de Berlin<\/h2>\n<p id=\"p-4\">Comentariile lui Wadephul vin dup\u0103 ce joi diminea\u021b\u0103, ministrul rus de Externe, Serghei Lavrov, a declarat c\u0103 filialele Goethe-Institut din Moscova, Sankt Petersburg \u0219i Ekaterinburg <span><a href=\"https:\/\/www.mediafax.ro\/externe\/rusia-inchide-centrele-culturale-germane-dupa-acuzatiile-berlinului-privind-o-drona-cu-explozibili-gasita-la-un-aeroport-23800965\">vor fi \u00eenchise.<\/a><\/span><\/p>\n<p id=\"p-5\">Moscova a interpretat aceste m\u0103suri drept o lovitur\u0103 direct\u0103 asupra prezen\u021bei sale diplomatice \u0219i culturale \u00een Germania.<\/p>\n<p id=\"p-6\">Decizia reprezint\u0103 o nou\u0103 etap\u0103 \u00een deteriorarea rela\u021biilor dintre cele dou\u0103 \u021b\u0103ri, pe fondul r\u0103zboiului din Ucraina \u0219i al acuza\u021biilor occidentale privind opera\u021biuni de sabotaj atribuite Rusiei.<\/p>\n<\/p><\/div>\n","protected":false},"excerpt":{"rendered":"<p>Ministrul german al Afacerilor Externe, Johann Wadephul, a reac\u021bionat, joi, la anun\u021bul f\u0103cut de Moscova privind \u00eenchiderea filialelor Goethe-Institut, institutul cultural interna\u021bional al Germaniei. \u201eGoethe-Institut \u00ee\u0219i merit\u0103 locul \u00een fiecare &hellip; <a href=\"https:\/\/microscopemedia.com\/?p=711411\" class=\"more-link\">Read More<\/a><\/p>\n","protected":false},"author":1,"featured_media":711412,"comment_status":"closed","ping_status":"closed","sticky":false,"template":"Default","format":"standard","meta":[],"categories":[1],"tags":[],"_links":{"self":[{"href":"https:\/\/microscopemedia.com\/index.php?rest_route=\/wp\/v2\/posts\/711411"}],"collection":[{"href":"https:\/\/microscopemedia.com\/index.php?rest_route=\/wp\/v2\/posts"}],"about":[{"href":"https:\/\/microscopemedia.com\/index.php?rest_route=\/wp\/v2\/types\/post"}],"author":[{"embeddable":true,"href":"https:\/\/microscopemedia.com\/index.php?rest_route=\/wp\/v2\/users\/1"}],"replies":[{"embeddable":true,"href":"https:\/\/microscopemedia.com\/index.php?rest_route=%2Fwp%2Fv2%2Fcomments&post=711411"}],"version-history":[{"count":0,"href":"https:\/\/microscopemedia.com\/index.php?rest_route=\/wp\/v2\/posts\/711411\/revisions"}],"wp:featuredmedia":[{"embeddable":true,"href":"https:\/\/microscopemedia.com\/index.php?rest_route=\/wp\/v2\/media\/711412"}],"wp:attachment":[{"href":"https:\/\/microscopemedia.com\/index.php?rest_route=%2Fwp%2Fv2%2Fmedia&parent=711411"}],"wp:term":[{"taxonomy":"category","embeddable":true,"href":"https:\/\/microscopemedia.com\/index.php?rest_route=%2Fwp%2Fv2%2Fcategories&post=711411"},{"taxonomy":"post_tag","embeddable":true,"href":"https:\/\/microscopemedia.com\/index.php?rest_route=%2Fwp%2Fv2%2Ftags&post=711411"}],"curies":[{"name":"wp","href":"https:\/\/api.w.org\/{rel}","templated":true}]}}