{"id":711421,"date":"2026-09-03T13:06:03","date_gmt":"2026-09-03T13:06:03","guid":{"rendered":"https:\/\/microscopemedia.com\/?p=711421"},"modified":"2026-09-03T13:06:03","modified_gmt":"2026-09-03T13:06:03","slug":"amanare-la-csm-in-cazul-suspendarii-din-magistratura-a-judecatoarei-care-si-a-declinat-8-calitati-in-dosarul-romatsa-pledand-in-propria-cauza-si-evacuata-de-jandarm-din-sala","status":"publish","type":"post","link":"https:\/\/microscopemedia.com\/?p=711421","title":{"rendered":"Am\u00e2nare la CSM \u00een cazul suspend\u0103rii din magistratur\u0103 a judec\u0103toarei care \u0219i-a declinat 8 calit\u0103\u021bi \u00een dosarul ROMATSA, pled\u00e2nd \u00een propria cauz\u0103 \u0219i evacuat\u0103 de jandarm din sal\u0103"},"content":{"rendered":"<div readability=\"35.415544041451\">\n<div class=\"sgb-google-buttons\">\n<div class=\"display-flex justify-center google-logo\"><img decoding=\"async\" loading=\"lazy\" class=\"mg-x-auto\" width=\"30\" height=\"30\" src=\"https:\/\/microscopemedia.com\/wp-content\/uploads\/2026\/09\/amanare-la-csm-in-cazul-suspendarii-din-magistratura-a-judecatoarei-care-si-a-declinat-8-calitati-in-dosarul-romatsa-pledand-in-propria-cauza-si-evacuata-de-jandarm-din-sala.png\" alt><\/div>\n<\/p><\/div>\n<p id=\"p-0\">Sec\u021bia de Judec\u0103tori a CSM a luat \u00een discu\u021bie cazul judec\u0103toarei Liliana Alexe \u0219i a decis s\u0103 acorde termen \u00een cauz\u0103 p\u00e2n\u0103 la data de<strong> 9 septembrie 2026, ora 12.30, s\u0103pt\u0103m\u00e2na viitoare.<\/strong><\/p>\n<p id=\"p-1\">Inspec\u021bia Judiciar\u0103 a f\u0103cut la \u00eenceputul s\u0103pt\u0103m\u00e2nii o propunere oficial\u0103 c\u0103tre CSM de suspendare din func\u021bie a magistratului C\u0103t\u0103lina Liliana Alexe, <strong><a href=\"https:\/\/lege5.ro\/gratuit\/gezdsojsgmzdo\/legea-nr-305-2022-privind-consiliul-superior-al-magistraturii\">\u00een baza art. 52 din Legea nr. 305\/2022 privind Consiliul Superior al Magistraturii<\/a><\/strong>.<\/p>\n<p id=\"p-2\">\u00cenregistr\u0103rile scandalului din \u0219edin\u021ba Cur\u021bii Supreme, <span><strong><a href=\"https:\/\/www.mediafax.ro\/stirile-zilei\/domnul-jandarm-sunt-judecator-stati-sa-mi-iau-geanta-jandarm-dumneavoastra-ati-creat-situatia-inregistrarile-scandalului-monstru-de-la-iccj-de-unde-liliana-alexe-a-fost-evacua-23800696\">prezentate \u00een exclusivitate de Mediafax,<\/a><\/strong><\/span> unde judec\u0103toarea Alexe a finalizat fiind scoas\u0103 din sal\u0103 de un jandarm, arat\u0103 c\u0103 magistratul a venit \u00een \u0219edin\u021b\u0103 \u0219i s-a prezentat fie \u201e<strong>ter\u021b interesat<\/strong>\u201e, fie \u201e<strong>spectator<\/strong>\u201e, fie \u201e<strong>judec\u0103tor\u201d al cauzei.<\/strong><\/p>\n<p id=\"p-3\">Judec\u0103toarea Alexe a spus chiar c\u0103 <strong>\u00ee\u0219i asum\u0103 s\u0103 asigure solemnitatea \u0219edin\u021bei de\u0219i nu ea f\u0103cea parte din completul \u0219edin\u021bei din 26 august 2026<\/strong>. Ulterior a \u0219i mul\u021bumit \u201epublicului pentru aten\u021bie\u201d c\u0103tre care vorbea \u00een sal\u0103.<\/p>\n<p id=\"p-4\">Din \u00eenregistr\u0103ri reiese c\u0103 judec\u0103toarea a spus textual c\u0103 \u00een recursul din dosarul ROMATSA de la \u00ceCCJ este prezent\u0103 \u00een diverse calit\u0103\u021bi oficiale:<\/p>\n<ol>\n<li><strong>\u201eprezen\u021ba mea \u00een calitate de spectator\u201d\/&nbsp;<\/strong><strong>\u201esimplu spectator\u201d<\/strong><\/li>\n<li><strong>\u201e<\/strong><strong>m\u0103 a\u0219ez l\u00e2ng\u0103 dumneavoastr\u0103 ca un simplu om\u201d<\/strong><\/li>\n<li><strong>\u201ejudec\u0103torul de fond\u2026a acestui caz\u201d<\/strong><\/li>\n<li><strong>\u201ejudec\u0103tor cercetat \u00een verific\u0103rile prealabile ale Inspec\u021biei Judiciare\u201d<\/strong><\/li>\n<li><strong>&nbsp;\u201eSunt ter\u021b interesat \u00een acest dosar\u2026\u201d<\/strong><\/li>\n<li><strong>\u201esunt judec\u0103tor al cauzei. Am avut rela\u021bii personale\u2026\u201d<\/strong><\/li>\n<li><strong>\u201edomnul jandarm, sunt judec\u0103tor!\u201d<\/strong><\/li>\n<li><strong>\u201ejudec\u0103tor de drept public \u00een Rom\u00e2nia\u201d<\/strong><\/li>\n<\/ol>\n<p id=\"p-5\">Magistratul Alexe a fost evacuat din sal\u0103 de \u0219edin\u021b\u0103 a \u00ceCCJ, dup\u0103 vocifer\u0103ri repetate, de c\u0103tre un jandarm. La final, p\u00e2n\u0103 \u0219i omul de la paz\u0103 i-a transmis judec\u0103toarei Alexe c\u0103 \u201e<strong>dumneavoastr\u0103 a\u021bi creat situa\u021bia, nimeni altcineva\u2026\u201d.<\/strong><\/p>\n<p><iframe title=\"YouTube video player\" src=\"https:\/\/www.youtube.com\/embed\/RpSeY1GjIA0?si=EbF8pe7BgMtqiuII\" width=\"560\" height=\"315\" frameborder=\"0\" allowfullscreen=\"allowfullscreen\" rel=\"lazyframe\" loading=\"lazy\">[embedded content]<\/iframe><\/p>\n<p id=\"p-7\"><strong class=\"rQesXe MPyX\" data-sfc-cp data-sfc-root=\"ep\" data-complete=\"true\" data-copy-service-computed-style=\"font-family: &quot;Google Sans&quot;, Arial, sans-serif; font-size: 16px; font-weight: 700; margin: 0px; text-decoration: none; border-bottom: 0px rgb(22, 23, 26);\">Liliana Alexe<\/strong>&nbsp;este judec\u0103toarea de la Curtea de Apel Bucure\u0219ti (Sec\u021bia a VIII-a contencios administrativ \u0219i fiscal) care a emis \u00een februarie o decizie f\u0103r\u0103 precedent de&nbsp;<span><a href=\"https:\/\/www.mediafax.ro\/justitie\/verdict-definitiv-in-dosarul-romatsa-iccj-inlatura-suspendarea-care-putea-bloca-traficul-aerian-23796901\"><strong class=\"rQesXe MPyX\" data-sfc-cp data-sfc-root=\"ep\" data-complete=\"true\" data-copy-service-computed-style=\"font-family: &quot;Google Sans&quot;, Arial, sans-serif; font-size: 16px; font-weight: 700; margin: 0px; text-decoration: none; border-bottom: 0px rgb(22, 23, 26);\">suspendare a activit\u0103\u021bii ROMATSA<\/strong><\/a><\/span> (Regia Autonom\u0103 Administra\u021bia Rom\u00e2n\u0103 a Serviciilor de Trafic Aerian).<\/p>\n<p id=\"p-8\">Hot\u0103r\u00e2rea sa a declan\u0219at o ampl\u0103 controvers\u0103 juridic\u0103 \u0219i public\u0103, era pe cale s\u0103 paralizeze tot traficul aerian al Rom\u00e2niei \u0219i<span><strong> <a href=\"https:\/\/www.mediafax.ro\/politic\/presedintele-nicusor-dan-a-convocat-sedinta-csat-23762135\">a determinat convocarea CSAT.&nbsp;<\/a><\/strong><\/span><\/p>\n<\/p><\/div>\n","protected":false},"excerpt":{"rendered":"<p>Sec\u021bia de Judec\u0103tori a CSM a luat \u00een discu\u021bie cazul judec\u0103toarei Liliana Alexe \u0219i a decis s\u0103 acorde termen \u00een cauz\u0103 p\u00e2n\u0103 la data de 9 septembrie 2026, ora 12.30, &hellip; <a href=\"https:\/\/microscopemedia.com\/?p=711421\" class=\"more-link\">Read More<\/a><\/p>\n","protected":false},"author":1,"featured_media":711422,"comment_status":"closed","ping_status":"closed","sticky":false,"template":"Default","format":"standard","meta":[],"categories":[1],"tags":[],"_links":{"self":[{"href":"https:\/\/microscopemedia.com\/index.php?rest_route=\/wp\/v2\/posts\/711421"}],"collection":[{"href":"https:\/\/microscopemedia.com\/index.php?rest_route=\/wp\/v2\/posts"}],"about":[{"href":"https:\/\/microscopemedia.com\/index.php?rest_route=\/wp\/v2\/types\/post"}],"author":[{"embeddable":true,"href":"https:\/\/microscopemedia.com\/index.php?rest_route=\/wp\/v2\/users\/1"}],"replies":[{"embeddable":true,"href":"https:\/\/microscopemedia.com\/index.php?rest_route=%2Fwp%2Fv2%2Fcomments&post=711421"}],"version-history":[{"count":0,"href":"https:\/\/microscopemedia.com\/index.php?rest_route=\/wp\/v2\/posts\/711421\/revisions"}],"wp:featuredmedia":[{"embeddable":true,"href":"https:\/\/microscopemedia.com\/index.php?rest_route=\/wp\/v2\/media\/711422"}],"wp:attachment":[{"href":"https:\/\/microscopemedia.com\/index.php?rest_route=%2Fwp%2Fv2%2Fmedia&parent=711421"}],"wp:term":[{"taxonomy":"category","embeddable":true,"href":"https:\/\/microscopemedia.com\/index.php?rest_route=%2Fwp%2Fv2%2Fcategories&post=711421"},{"taxonomy":"post_tag","embeddable":true,"href":"https:\/\/microscopemedia.com\/index.php?rest_route=%2Fwp%2Fv2%2Ftags&post=711421"}],"curies":[{"name":"wp","href":"https:\/\/api.w.org\/{rel}","templated":true}]}}