{"id":711423,"date":"2026-09-03T13:16:03","date_gmt":"2026-09-03T13:16:03","guid":{"rendered":"https:\/\/microscopemedia.com\/?p=711423"},"modified":"2026-09-03T13:16:03","modified_gmt":"2026-09-03T13:16:03","slug":"romanii-care-muncesc-in-sua-vor-avea-drept-la-pensie-acordul-de-securitate-sociala-a-intrat-in-vigoare","status":"publish","type":"post","link":"https:\/\/microscopemedia.com\/?p=711423","title":{"rendered":"Rom\u00e2nii care muncesc \u00een SUA vor avea drept la pensie. Acordul de securitate social\u0103 a intrat \u00een vigoare"},"content":{"rendered":"<div readability=\"46.032045240339\">\n<div class=\"sgb-google-buttons\">\n<div class=\"display-flex justify-center google-logo\"><img decoding=\"async\" loading=\"lazy\" class=\"mg-x-auto\" width=\"30\" height=\"30\" src=\"https:\/\/microscopemedia.com\/wp-content\/uploads\/2026\/09\/romanii-care-muncesc-in-sua-vor-avea-drept-la-pensie-acordul-de-securitate-sociala-a-intrat-in-vigoare.png\" alt><\/div>\n<\/p><\/div>\n<p id=\"p-0\"><em><span>\u201eAm finalizat \u00een prim\u0103var\u0103, al\u0103turi de echipa MAE \u0219i a Departamentului de Stat SUA, implementarea acordului \u0219i de la 1 septembrie, dup\u0103 zeci de ani de a\u0219teptare, rom\u00e2nii \u0219i cet\u0103\u021benii americani \u0219tiu c\u0103 se pot baza pe parteneriatul dintre \u021b\u0103rile noastre \u0219i c\u00e2nd au nevoie s\u0103 le fie recunoscute drepturile, ca pensia sau activit\u0103\u021bile PFA\u201d, a anun\u021bat, joi, Oana \u021aoiu, \u00eentr-o postare publicat\u0103 pe Facebook.&nbsp;<\/span><\/em><\/p>\n<p id=\"p-1\">Potrivit ministrei de Externe a Rom\u00e2niei, acordul este important pentru rom\u00e2nii care muncesc \u00een SUA, tineri antreprenori, dar \u0219i profesioni\u0219ti \u00een domeniu, precum \u0219i&nbsp;cet\u0103\u021benii americani ce aleg s\u0103 se <span>retrag\u0103 la pensie \u00een Rom\u00e2nia.<\/span><\/p>\n<p id=\"p-2\">Noul acord \u00een domeniul securit\u0103\u021bii sociale prevede ca perioadele lucrate at\u00e2t \u00een <span>Rom\u00e2nia \u0219i \u00een SUA s\u0103 poat\u0103 fi cumulate pentru deschiderea dreptului la pensie. <\/span><span><em>\u201eNicio lun\u0103 de contribu\u021bie nu se mai pierde din cauza barierelor birocratice dintre state\u201d<\/em>, afirm\u0103 \u021aoiu.&nbsp;<\/span><\/p>\n<p id=\"p-3\">Acordul prevede \u0219i ca lucr\u0103torii independen\u021bi, dar \u0219i speciali\u0219tii deta\u0219a\u021bi s\u0103 fie proteja\u021bi de plata dubl\u0103 a contribu\u021biilor sociale.<\/p>\n<p id=\"p-4\">De asemenea, acordul ofer\u0103 \u0219i mobilitate pentru afaceri. Datorit\u0103 noului acord, c<span>ompaniile rom\u00e2ne\u0219ti \u0219i americane \u00ee\u0219i pot mobiliza mai u\u0219or resursa uman\u0103, stimul\u00e2nd investi\u021biile bilaterale.<\/span><\/p>\n<p id=\"p-5\">Potrivit Oanei \u021aoiu, finalizarea cadrului de implementare a acordului al\u0103turi de Departamentul de Stat al SUA a fost o prioritate asumat\u0103 \u00eenc\u0103 de la primele vizite la <span>Washington.<\/span><\/p>\n<p id=\"p-6\"><span>\u201eParteneriatul Strategic cu Statele Unite se bazeaz\u0103 pe securitate \u0219i dialog politic, dar cre\u0219te zi de zi prin leg\u0103turile dintre oameni, prin comunit\u0103\u021bile noastre \u0219i prin respectul reciproc pentru munca depus\u0103\u201d, a conchis Ministra de Externe a Rom\u00e2niei, Oana \u021aoiu.&nbsp;<\/span><\/p>\n<\/p><\/div>\n","protected":false},"excerpt":{"rendered":"<p>\u201eAm finalizat \u00een prim\u0103var\u0103, al\u0103turi de echipa MAE \u0219i a Departamentului de Stat SUA, implementarea acordului \u0219i de la 1 septembrie, dup\u0103 zeci de ani de a\u0219teptare, rom\u00e2nii \u0219i cet\u0103\u021benii &hellip; <a href=\"https:\/\/microscopemedia.com\/?p=711423\" class=\"more-link\">Read More<\/a><\/p>\n","protected":false},"author":1,"featured_media":711424,"comment_status":"closed","ping_status":"closed","sticky":false,"template":"Default","format":"standard","meta":[],"categories":[1],"tags":[],"_links":{"self":[{"href":"https:\/\/microscopemedia.com\/index.php?rest_route=\/wp\/v2\/posts\/711423"}],"collection":[{"href":"https:\/\/microscopemedia.com\/index.php?rest_route=\/wp\/v2\/posts"}],"about":[{"href":"https:\/\/microscopemedia.com\/index.php?rest_route=\/wp\/v2\/types\/post"}],"author":[{"embeddable":true,"href":"https:\/\/microscopemedia.com\/index.php?rest_route=\/wp\/v2\/users\/1"}],"replies":[{"embeddable":true,"href":"https:\/\/microscopemedia.com\/index.php?rest_route=%2Fwp%2Fv2%2Fcomments&post=711423"}],"version-history":[{"count":0,"href":"https:\/\/microscopemedia.com\/index.php?rest_route=\/wp\/v2\/posts\/711423\/revisions"}],"wp:featuredmedia":[{"embeddable":true,"href":"https:\/\/microscopemedia.com\/index.php?rest_route=\/wp\/v2\/media\/711424"}],"wp:attachment":[{"href":"https:\/\/microscopemedia.com\/index.php?rest_route=%2Fwp%2Fv2%2Fmedia&parent=711423"}],"wp:term":[{"taxonomy":"category","embeddable":true,"href":"https:\/\/microscopemedia.com\/index.php?rest_route=%2Fwp%2Fv2%2Fcategories&post=711423"},{"taxonomy":"post_tag","embeddable":true,"href":"https:\/\/microscopemedia.com\/index.php?rest_route=%2Fwp%2Fv2%2Ftags&post=711423"}],"curies":[{"name":"wp","href":"https:\/\/api.w.org\/{rel}","templated":true}]}}