{"id":711427,"date":"2026-09-03T13:37:03","date_gmt":"2026-09-03T13:37:03","guid":{"rendered":"https:\/\/microscopemedia.com\/?p=711427"},"modified":"2026-09-03T13:37:03","modified_gmt":"2026-09-03T13:37:03","slug":"off-the-record-invitat-calin-nistor-fost-procuror-sef-dna","status":"publish","type":"post","link":"https:\/\/microscopemedia.com\/?p=711427","title":{"rendered":"OFF The Record. Invitat: C\u0103lin Nistor, fost procuror \u0219ef DNA"},"content":{"rendered":"<div readability=\"24.391472868217\">\n<div class=\"sgb-google-buttons\">\n<div class=\"display-flex justify-center google-logo\"><img decoding=\"async\" loading=\"lazy\" class=\"mg-x-auto\" width=\"30\" height=\"30\" src=\"https:\/\/microscopemedia.com\/wp-content\/uploads\/2026\/09\/off-the-record-invitat-calin-nistor-fost-procuror-sef-dna.png\" alt><\/div>\n<\/p><\/div>\n<p id=\"p-0\">Atacurile politicului la adresa sistemului judiciar au ca scop sl\u0103birea Justi\u021biei \u00een ochii cet\u0103\u021beanului, arat\u0103 CSM. Numai c\u0103, spre deosebire de al\u021bi ani, acum atacurile au venit din partea dreapt\u0103 a e\u0219icherului politic, nu din partea st\u00e2ng\u0103.<\/p>\n<p id=\"p-1\">C\u00e2t de influen\u021ba\u021bi sunt procurorii \u0219i judec\u0103torii de atacurile politicienilor? De ce fo\u0219tii procurori \u0219efi ai DNA nu s-au pozi\u021bionat pe nicio list\u0103 a nemul\u021bumi\u021bilor din Justi\u021bie? Cum vede un fost \u0219ef al DNA documentarul Recorder \u0219i campania \u00eempotriva Justi\u021biei? Ce a rezolvat t\u0103ierea pensiilor magistra\u021bilor \u00een economia pensiilor speciale din Rom\u00e2nia? C\u00e2t adev\u0103r \u0219i c\u00e2t\u0103 legend\u0103 este \u00een campania \u201esun\u0103 Lia\u201d? Cum se poate rezolva problema prescrip\u021biei? Dup\u0103 noile numiri \u00een fruntea parchetelor, mai are DNA independen\u021ba \u0219i for\u021ba institu\u021bional\u0103 din trecut?<\/p>\n<p id=\"p-2\">C\u00e2t corupe Puterea \u0219i c\u00e2t Opozi\u021bia? Cum afecteaz\u0103 lipsa de personal \u0219i slaba preg\u0103tire a magistra\u021bilor celeritatea proceselor? C\u00e2t de mult s-a ideologizat Justi\u021bia? Care sunt cele mai mari probleme ale sistemului judiciar?<\/p>\n<p id=\"p-3\">La toate aceste \u00eentreb\u0103ri \u0219i multe altele \u2013 r\u0103spunde C\u0103lin Nistor, fost procuror \u0219ef al DNA.<\/p>\n<p id=\"p-4\">Vineri, \u00een exclusivitate, pe <a href=\"https:\/\/www.youtube.com\/@MediafaxRO\">Mediafax<\/a>.<\/p>\n<\/p><\/div>\n","protected":false},"excerpt":{"rendered":"<p>Atacurile politicului la adresa sistemului judiciar au ca scop sl\u0103birea Justi\u021biei \u00een ochii cet\u0103\u021beanului, arat\u0103 CSM. Numai c\u0103, spre deosebire de al\u021bi ani, acum atacurile au venit din partea dreapt\u0103 &hellip; <a href=\"https:\/\/microscopemedia.com\/?p=711427\" class=\"more-link\">Read More<\/a><\/p>\n","protected":false},"author":1,"featured_media":711428,"comment_status":"closed","ping_status":"closed","sticky":false,"template":"Default","format":"standard","meta":[],"categories":[1],"tags":[],"_links":{"self":[{"href":"https:\/\/microscopemedia.com\/index.php?rest_route=\/wp\/v2\/posts\/711427"}],"collection":[{"href":"https:\/\/microscopemedia.com\/index.php?rest_route=\/wp\/v2\/posts"}],"about":[{"href":"https:\/\/microscopemedia.com\/index.php?rest_route=\/wp\/v2\/types\/post"}],"author":[{"embeddable":true,"href":"https:\/\/microscopemedia.com\/index.php?rest_route=\/wp\/v2\/users\/1"}],"replies":[{"embeddable":true,"href":"https:\/\/microscopemedia.com\/index.php?rest_route=%2Fwp%2Fv2%2Fcomments&post=711427"}],"version-history":[{"count":0,"href":"https:\/\/microscopemedia.com\/index.php?rest_route=\/wp\/v2\/posts\/711427\/revisions"}],"wp:featuredmedia":[{"embeddable":true,"href":"https:\/\/microscopemedia.com\/index.php?rest_route=\/wp\/v2\/media\/711428"}],"wp:attachment":[{"href":"https:\/\/microscopemedia.com\/index.php?rest_route=%2Fwp%2Fv2%2Fmedia&parent=711427"}],"wp:term":[{"taxonomy":"category","embeddable":true,"href":"https:\/\/microscopemedia.com\/index.php?rest_route=%2Fwp%2Fv2%2Fcategories&post=711427"},{"taxonomy":"post_tag","embeddable":true,"href":"https:\/\/microscopemedia.com\/index.php?rest_route=%2Fwp%2Fv2%2Ftags&post=711427"}],"curies":[{"name":"wp","href":"https:\/\/api.w.org\/{rel}","templated":true}]}}