{"id":711431,"date":"2026-09-03T14:07:02","date_gmt":"2026-09-03T14:07:02","guid":{"rendered":"https:\/\/microscopemedia.com\/?p=711431"},"modified":"2026-09-03T14:07:02","modified_gmt":"2026-09-03T14:07:02","slug":"horatiu-potra-scapa-de-arestul-la-domiciliu-dar-ramane-sub-control-judiciar-decizie-iccj-ce-obligatii-are-aliatul-lui-georgescu","status":"publish","type":"post","link":"https:\/\/microscopemedia.com\/?p=711431","title":{"rendered":"Hora\u021biu Potra scap\u0103 de arestul la domiciliu dar r\u0103m\u00e2ne sub control judiciar. Decizie \u00ceCCJ: ce obliga\u021bii are aliatul lui Georgescu"},"content":{"rendered":"<div readability=\"32.447653429603\">\n<div class=\"sgb-google-buttons\">\n<div class=\"display-flex justify-center google-logo\"><img decoding=\"async\" loading=\"lazy\" class=\"mg-x-auto\" width=\"30\" height=\"30\" src=\"https:\/\/microscopemedia.com\/wp-content\/uploads\/2026\/09\/horatiu-potra-scapa-de-arestul-la-domiciliu-dar-ramane-sub-control-judiciar-decizie-iccj-ce-obligatii-are-aliatul-lui-georgescu.png\" alt><\/div>\n<\/p><\/div>\n<p id=\"p-0\">Curtea Suprem\u0103 de Justi\u021bie <span><strong><a href=\"https:\/\/www.scj.ro\/en\/1094\/Detalii-dosar?customQuery%5B0%5D.Key=id&amp;customQuery%5B0%5D.Value=200000000464070\">a decis ast\u0103zi ca Hora\u021biu Potra, aliatul lui C\u0103lin Georgescu, <\/a><\/strong><\/span>s\u0103 r\u0103m\u00e2n\u0103 sub control judiciar timp de 60 zile.<\/p>\n<p id=\"p-1\">Judec\u0103torii au admis astfel contesta\u021bia lui Potra prin care acesta a atacat m\u0103sura arestului la domiciliu.<\/p>\n<p id=\"p-2\">Potra a sus\u021binut c\u0103 arestul la domiciliu este excesiv de sever \u0219i a cerut judec\u0103torilor o m\u0103sur\u0103 preventiv\u0103 mai bl\u00e2nd\u0103 sau chiar ridicarea m\u0103surii preventive.<\/p>\n<p id=\"p-3\">Chiar dac\u0103 se afl\u0103 sub control judiciar, Hora\u021biu Potra are \u00een continuare obliga\u021bia de a nu p\u0103r\u0103si \u021bara, de a merge la Poli\u021bie s\u0103pt\u0103m\u00e2nal \u0219i s\u0103 nu ia leg\u0103tura direct sau indirect cu p\u0103r\u021bile \u0219i martorii din dosar.<\/p>\n<hr>\n<p id=\"p-4\">Fostul mercenar, <span><strong><a href=\"https:\/\/www.mediafax.ro\/politic\/procesul-lui-calin-georgescu-blocat-din-nou-dosarul-a-ramas-fara-judecator-avocatul-fostului-candidat-este-plecat-din-tara-23792708\">aliat al lui C\u0103lin Georgescu<\/a><\/strong><\/span>, s-a aflat ini\u021bial \u00een arest preventiv din noiembrie 2025, fiind extr\u0103dat din Dubai.<\/p>\n<p id=\"p-5\">\u00cen <strong class=\"rQesXe MPyX\" data-sfc-cp data-sfc-root=\"ep\" data-complete=\"true\" data-copy-service-computed-style=\"font-family: &quot;Google Sans&quot;, Arial, sans-serif; font-size: 16px; font-weight: 700; margin: 0px; text-decoration: none; border-bottom: 0px rgb(22, 23, 26);\">17 iunie 2026<!--TgQPHd|||[]--><\/strong>, \u00cenalta Curte de Casa\u021bie \u0219i Justi\u021bie a decis plasarea sa \u00een arest la domiciliu<\/p>\n<p id=\"p-6\"><span class=\"iNqyIf\" data-sfc-cp data-sfc-root=\"ep\" data-complete=\"true\" data-copy-service-computed-style=\"font-family: &quot;Google Sans&quot;, Arial, sans-serif; font-size: 16px; font-weight: 400; margin: 0px; text-decoration: none; border-bottom: 0px rgb(22, 23, 26);\"> Hora\u021biu Potra a fost trimis \u00een judecat\u0103 pentru <strong class=\"rQesXe MPyX\" data-sfc-cp data-sfc-root=\"ep\" data-complete=\"true\" data-copy-service-computed-style=\"font-family: &quot;Google Sans&quot;, Arial, sans-serif; font-size: 16px; font-weight: 700; margin: 0px; text-decoration: none; border-bottom: 0px rgb(22, 23, 26);\">tentativ\u0103 la comiterea de infrac\u021biuni \u00eempotriva ordinii constitu\u021bionale<!--TgQPHd|||[]--><\/strong> (asociat\u0103 cu ac\u021biuni de destabilizare al\u0103turi de C\u0103lin Georgescu), nerespectarea regimului armelor \u0219i muni\u021biilor, \u0219i constituirea unui grup infrac\u021bional organizat.<!--TgQPHd|||[]--><\/span><\/p>\n<p id=\"p-7\">\u00cen timp ce el a petrecut mai multe luni \u00een spatele gratiilor \u00eenainte de a fi plasat acas\u0103, fiul \u0219i nepotul s\u0103u fuseser\u0103 plasa\u021bi \u00een arest la domiciliu \u00eenc\u0103 din ianuarie 2026.<\/p>\n<\/p><\/div>\n","protected":false},"excerpt":{"rendered":"<p>Curtea Suprem\u0103 de Justi\u021bie a decis ast\u0103zi ca Hora\u021biu Potra, aliatul lui C\u0103lin Georgescu, s\u0103 r\u0103m\u00e2n\u0103 sub control judiciar timp de 60 zile. Judec\u0103torii au admis astfel contesta\u021bia lui Potra &hellip; <a href=\"https:\/\/microscopemedia.com\/?p=711431\" class=\"more-link\">Read More<\/a><\/p>\n","protected":false},"author":1,"featured_media":711432,"comment_status":"closed","ping_status":"closed","sticky":false,"template":"Default","format":"standard","meta":[],"categories":[1],"tags":[],"_links":{"self":[{"href":"https:\/\/microscopemedia.com\/index.php?rest_route=\/wp\/v2\/posts\/711431"}],"collection":[{"href":"https:\/\/microscopemedia.com\/index.php?rest_route=\/wp\/v2\/posts"}],"about":[{"href":"https:\/\/microscopemedia.com\/index.php?rest_route=\/wp\/v2\/types\/post"}],"author":[{"embeddable":true,"href":"https:\/\/microscopemedia.com\/index.php?rest_route=\/wp\/v2\/users\/1"}],"replies":[{"embeddable":true,"href":"https:\/\/microscopemedia.com\/index.php?rest_route=%2Fwp%2Fv2%2Fcomments&post=711431"}],"version-history":[{"count":0,"href":"https:\/\/microscopemedia.com\/index.php?rest_route=\/wp\/v2\/posts\/711431\/revisions"}],"wp:featuredmedia":[{"embeddable":true,"href":"https:\/\/microscopemedia.com\/index.php?rest_route=\/wp\/v2\/media\/711432"}],"wp:attachment":[{"href":"https:\/\/microscopemedia.com\/index.php?rest_route=%2Fwp%2Fv2%2Fmedia&parent=711431"}],"wp:term":[{"taxonomy":"category","embeddable":true,"href":"https:\/\/microscopemedia.com\/index.php?rest_route=%2Fwp%2Fv2%2Fcategories&post=711431"},{"taxonomy":"post_tag","embeddable":true,"href":"https:\/\/microscopemedia.com\/index.php?rest_route=%2Fwp%2Fv2%2Ftags&post=711431"}],"curies":[{"name":"wp","href":"https:\/\/api.w.org\/{rel}","templated":true}]}}