{"id":711435,"date":"2026-09-03T14:36:04","date_gmt":"2026-09-03T14:36:04","guid":{"rendered":"https:\/\/microscopemedia.com\/?p=711435"},"modified":"2026-09-03T14:36:04","modified_gmt":"2026-09-03T14:36:04","slug":"demonstreaza-ce-poate-realiza-colaborarea-andy-burnham-lauda-relatiile-dintre-marea-britanie-si-ue-la-intalnirea-cu-emmanuel-macron","status":"publish","type":"post","link":"https:\/\/microscopemedia.com\/?p=711435","title":{"rendered":"\u201eDemonstreaz\u0103 ce poate realiza colaborarea\u201d: Andy Burnham laud\u0103 rela\u021biile dintre Marea Britanie \u0219i UE la \u00eent\u00e2lnirea cu Emmanuel Macron"},"content":{"rendered":"<div class=\"sgb-google-buttons\">\n<div class=\"display-flex justify-center google-logo\"><img decoding=\"async\" loading=\"lazy\" class=\"mg-x-auto\" width=\"30\" height=\"30\" src=\"https:\/\/microscopemedia.com\/wp-content\/uploads\/2026\/09\/demonstreaza-ce-poate-realiza-colaborarea-andy-burnham-lauda-relatiile-dintre-marea-britanie-si-ue-la-intalnirea-cu-emmanuel-macron.png\" alt><\/div>\n<\/p><\/div>\n<p id=\"p-0\">Burnham \u0219i Macron au vorbit despre teme precum travers\u0103rile cu ambarca\u021biuni mici \u00een Canalul M\u00e2necii \u0219i ap\u0103rarea.<\/p>\n<p id=\"p-1\">Cei doi \u0219i-au dat m\u00e2na \u0219i au pozat pentru fotografii al\u0103turi de so\u021biile lor \u00een fa\u021ba cl\u0103dirii de pe Downing Street nr. 10, joi diminea\u021b\u0103.<\/p>\n<div id=\"attachment_23801434\" class=\"wp-caption alignnone\" readability=\"36\"><img aria-describedby=\"caption-attachment-23801434\" class=\"size-full wp-image-23801434\" src=\"https:\/\/microscopemedia.com\/wp-content\/uploads\/2026\/09\/demonstreaza-ce-poate-realiza-colaborarea-andy-burnham-lauda-relatiile-dintre-marea-britanie-si-ue-la-intalnirea-cu-emmanuel-macron.webp\" alt width=\"900\" height=\"600\" loading=\"lazy\" decoding=\"async\" srcset=\"https:\/\/microscopemedia.com\/wp-content\/uploads\/2026\/09\/demonstreaza-ce-poate-realiza-colaborarea-andy-burnham-lauda-relatiile-dintre-marea-britanie-si-ue-la-intalnirea-cu-emmanuel-macron-2.webp 500w, https:\/\/microscopemedia.com\/wp-content\/uploads\/2026\/09\/demonstreaza-ce-poate-realiza-colaborarea-andy-burnham-lauda-relatiile-dintre-marea-britanie-si-ue-la-intalnirea-cu-emmanuel-macron.webp 728w\"><\/p>\n<p id=\"caption-attachment-23801434\" class=\"wp-caption-text\">03 September 2026, United Kingdom, London: UK Prime Minister Andy Burnham and his wife Marie-France Van-Heel (L) welcome French President Emmanuel Macron and his wife Brigitte Macron to number 10 Downing Street. Photo: Leon Neal\/PA Wire\/dpa<\/p>\n<\/div>\n<h2 id=\"chapter-0\">Despre ce au discutat cei doi<\/h2>\n<p id=\"p-2\">Premierul Marii Britanii \u0219i pre\u0219edintele Fran\u021bei au discutat despre \u201eprovoc\u0103ri comune\u201d, inclusiv cre\u0219terea num\u0103rului de \u201emega-b\u0103rci\u201d care traverseaz\u0103 ilegal Canalul M\u00e2necii.<\/p>\n<p id=\"p-3\">Potrivit <a href=\"https:\/\/www.bbc.com\/news\/articles\/c62ezg7gkzwo\" target=\"_blank\" rel=\"noopener\">BBC<\/a>, Andy Burnham &nbsp;a spus c\u0103 este \u201eat\u00e2t de potrivit\u201d ca Macron s\u0103 fie primul s\u0103u vizitator str\u0103in pe Downing Street de c\u00e2nd a devenit prim-ministru \u00een iulie. El l-a descris pe pre\u0219edintele francez drept \u201ecel mai apropiat vecin \u0219i prieten apropiat al nostru, Emmanuel\u201d.<\/p>\n<p id=\"p-4\">\u201eDemonstreaz\u0103 ce poate realiza colaborarea, a\u0219a cum demonstr\u0103m \u0219i \u00een cazul Ucrainei, \u00een cazul ambarca\u021biunilor mici \u0219i \u00een ceea ce prive\u0219te consolidarea rela\u021biei dintre Regatul Unit \u0219i UE\u201d, a ad\u0103ugat Burnham.<\/p>\n<h2 id=\"chapter-1\">Macron: \u201eO rela\u021bie foarte puternic\u0103\u201d<\/h2>\n<p id=\"p-5\">La r\u00e2ndul s\u0103u, Emmanuel Macron a declarat c\u0103 \u201eaceasta este o rela\u021bie foarte puternic\u0103. Pentru mine este extrem de important\u0103 \u0219i sunt aici cu dorin\u021ba \u0219i angajamentul de a ne apropia\u201d, potrivit sursei citate.<\/p>\n<div id=\"attachment_23801436\" class=\"wp-caption alignnone\" readability=\"36\"><img aria-describedby=\"caption-attachment-23801436\" class=\"size-full wp-image-23801436\" src=\"https:\/\/microscopemedia.com\/wp-content\/uploads\/2026\/09\/demonstreaza-ce-poate-realiza-colaborarea-andy-burnham-lauda-relatiile-dintre-marea-britanie-si-ue-la-intalnirea-cu-emmanuel-macron-1.webp\" alt width=\"900\" height=\"600\" loading=\"lazy\" decoding=\"async\" srcset=\"https:\/\/microscopemedia.com\/wp-content\/uploads\/2026\/09\/demonstreaza-ce-poate-realiza-colaborarea-andy-burnham-lauda-relatiile-dintre-marea-britanie-si-ue-la-intalnirea-cu-emmanuel-macron-3.webp 500w, https:\/\/microscopemedia.com\/wp-content\/uploads\/2026\/09\/demonstreaza-ce-poate-realiza-colaborarea-andy-burnham-lauda-relatiile-dintre-marea-britanie-si-ue-la-intalnirea-cu-emmanuel-macron-1.webp 728w\"><\/p>\n<p id=\"caption-attachment-23801436\" class=\"wp-caption-text\">03 September 2026, United Kingdom, London: UK Prime Minister Andy Burnham and his wife Marie-France Van-Heel (L) welcome French President Emmanuel Macron and his wife Brigitte Macron to number 10 Downing Street. Photo: Leon Neal\/PA Wire\/dpa<\/p>\n<\/div>\n<p id=\"p-6\">Vizita lui Macron \u00een Marea Britanie a <span dir=\"auto\">avut ca scop principal marcarea&nbsp;<\/span><span dir=\"auto\">\u00eemprumutului Tapiseriei Bayeux c\u0103tre Muzeul Britanic<\/span><span dir=\"auto\">. El s-a \u00eent\u00e2lnit cu regele Charles la muzeu, miercuri.<\/span><\/p>\n<p id=\"p-7\">\u00cen discu\u021biile celor doi de joi, Burnham \u0219i <a href=\"https:\/\/www.mediafax.ro\/externe\/franta-vrea-sa-coopereze-cu-suedia-pentru-un-avion-de-lupta-de-noua-generatie-dupa-esecul-proiectului-cu-germania-23798191\">Macron<\/a> au discutat nu doar despre ambarca\u021biuni mici. Ei au vorbit \u0219i despre conflictele din Ucraina \u0219i Orientul Mijlociu, precum \u0219i despre ap\u0103rare \u0219i cooperarea UE.<\/p>\n<h2 id=\"chapter-2\">Sosirea lui Macron, un moment important<\/h2>\n<p id=\"p-8\">Sosirea primului lider str\u0103in sub conducerea lui Burnham este un moment simbolic important, men\u021bioneaz\u0103 BBC. \u00cent\u00e2lnirea arat\u0103 c\u0103 rela\u021bia cu Parisul este o prioritate important\u0103.<\/p>\n<p id=\"p-9\">Totu\u0219i, subliniaz\u0103 \u0219i faptul c\u0103, pentru a reduce \u0219i mai mult travers\u0103rile ambarca\u021biunilor mici, colaborarea cu Fran\u021ba va fi esen\u021bial\u0103.<\/p>\n","protected":false},"excerpt":{"rendered":"<p>Burnham \u0219i Macron au vorbit despre teme precum travers\u0103rile cu ambarca\u021biuni mici \u00een Canalul M\u00e2necii \u0219i ap\u0103rarea. Cei doi \u0219i-au dat m\u00e2na \u0219i au pozat pentru fotografii al\u0103turi de so\u021biile &hellip; <a href=\"https:\/\/microscopemedia.com\/?p=711435\" class=\"more-link\">Read More<\/a><\/p>\n","protected":false},"author":1,"featured_media":711436,"comment_status":"closed","ping_status":"closed","sticky":false,"template":"Default","format":"standard","meta":[],"categories":[1],"tags":[],"_links":{"self":[{"href":"https:\/\/microscopemedia.com\/index.php?rest_route=\/wp\/v2\/posts\/711435"}],"collection":[{"href":"https:\/\/microscopemedia.com\/index.php?rest_route=\/wp\/v2\/posts"}],"about":[{"href":"https:\/\/microscopemedia.com\/index.php?rest_route=\/wp\/v2\/types\/post"}],"author":[{"embeddable":true,"href":"https:\/\/microscopemedia.com\/index.php?rest_route=\/wp\/v2\/users\/1"}],"replies":[{"embeddable":true,"href":"https:\/\/microscopemedia.com\/index.php?rest_route=%2Fwp%2Fv2%2Fcomments&post=711435"}],"version-history":[{"count":0,"href":"https:\/\/microscopemedia.com\/index.php?rest_route=\/wp\/v2\/posts\/711435\/revisions"}],"wp:featuredmedia":[{"embeddable":true,"href":"https:\/\/microscopemedia.com\/index.php?rest_route=\/wp\/v2\/media\/711436"}],"wp:attachment":[{"href":"https:\/\/microscopemedia.com\/index.php?rest_route=%2Fwp%2Fv2%2Fmedia&parent=711435"}],"wp:term":[{"taxonomy":"category","embeddable":true,"href":"https:\/\/microscopemedia.com\/index.php?rest_route=%2Fwp%2Fv2%2Fcategories&post=711435"},{"taxonomy":"post_tag","embeddable":true,"href":"https:\/\/microscopemedia.com\/index.php?rest_route=%2Fwp%2Fv2%2Ftags&post=711435"}],"curies":[{"name":"wp","href":"https:\/\/api.w.org\/{rel}","templated":true}]}}