{"id":711437,"date":"2026-09-03T14:46:03","date_gmt":"2026-09-03T14:46:03","guid":{"rendered":"https:\/\/microscopemedia.com\/?p=711437"},"modified":"2026-09-03T14:46:03","modified_gmt":"2026-09-03T14:46:03","slug":"negocieri-decisive-pentru-bugetul-ue-2028-2034-victor-negrescu-romania-nu-isi-permite-sa-piarda-alti-bani-europeni","status":"publish","type":"post","link":"https:\/\/microscopemedia.com\/?p=711437","title":{"rendered":"Negocieri decisive pentru bugetul UE 2028-2034. Victor Negrescu: Rom\u00e2nia nu \u00ee\u0219i permite s\u0103 piard\u0103 al\u021bi bani europeni"},"content":{"rendered":"<div class=\"sgb-google-buttons\">\n<div class=\"display-flex justify-center google-logo\"><img decoding=\"async\" loading=\"lazy\" class=\"mg-x-auto\" width=\"30\" height=\"30\" src=\"https:\/\/microscopemedia.com\/wp-content\/uploads\/2026\/09\/negocieri-decisive-pentru-bugetul-ue-2028-2034-victor-negrescu-romania-nu-isi-permite-sa-piarda-alti-bani-europeni.png\" alt><\/div>\n<\/p><\/div>\n<p class=\"PDq2pG_selectionAnchorContainer\" data-start=\"990\" data-end=\"1337\" id=\"p-0\">Acesta avertizeaz\u0103 c\u0103 exist\u0103 presiuni din partea unor state membre pentru reducerea viitorului buget european.<\/p>\n<h2 data-section-id=\"1sc4sct\" data-start=\"1339\" data-end=\"1392\" id=\"chapter-0\">\u201eEuropa nu poate face mai mult cu mai pu\u021bini bani\u201d<\/h2>\n<p data-start=\"1394\" data-end=\"1727\" id=\"p-1\">Victor Negrescu, vicepre\u0219edinte al Partidului Sociali\u0219tilor Europeni (PES), a anun\u021bat joi c\u0103 a coordonat o nou\u0103 reuniune a grupului de lucru al forma\u021biunii privind bugetul european 2028-2034, \u00een cadrul c\u0103reia au fost discutate priorit\u0103\u021bile pe care familia politic\u0103 european\u0103 ar urma s\u0103 le sus\u021bin\u0103 \u00een negocierile din lunile urm\u0103toare.<\/p>\n<p data-start=\"1729\" data-end=\"1844\" id=\"p-2\">\u201eEuropa nu poate face mai mult cu mai pu\u021bini bani\u201d, a transmis europarlamentarul rom\u00e2n, \u00eentr-o postare pe Facebook.<\/p>\n<p data-start=\"1846\" data-end=\"2020\" id=\"p-3\">Potrivit acestuia, unele state membre fac presiuni pentru diminuarea bugetului UE, \u00een timp ce Uniunea trebuie s\u0103 finan\u021beze at\u00e2t politicile existente, c\u00e2t \u0219i noile priorit\u0103\u021bi.<\/p>\n<h2 data-section-id=\"1433klq\" data-start=\"2022\" data-end=\"2073\" id=\"chapter-1\">Ce \u201elinii ro\u0219ii\u201d propune Negrescu pentru Rom\u00e2nia<\/h2>\n<p data-start=\"2075\" data-end=\"2298\" id=\"p-5\">Europarlamentarul consider\u0103 c\u0103 Rom\u00e2nia trebuie s\u0103 urm\u0103reasc\u0103 \u00een negocieri protejarea fondurilor alocate politicii de coeziune \u0219i agriculturii, dar \u0219i men\u021binerea unei componente sociale puternice prin Fondul Social European.<\/p>\n<p data-start=\"2300\" data-end=\"2520\" id=\"p-6\">Pe lista priorit\u0103\u021bilor indicate de Negrescu se afl\u0103 \u0219i finan\u021barea s\u0103n\u0103t\u0103\u021bii, educa\u021biei \u0219i investi\u021biilor, precum \u0219i men\u021binerea unui rol important pentru regiuni \u0219i autorit\u0103\u021bile locale \u00een administrarea fondurilor europene.<\/p>\n<p data-start=\"2522\" data-end=\"2706\" id=\"p-7\">Viitorul cadru financiar ar trebui, \u00een opinia sa, s\u0103 sus\u021bin\u0103 locurile de munc\u0103 de calitate, dezvoltarea competen\u021belor, locuin\u021bele accesibile \u0219i sustenabile, inovarea \u0219i economia real\u0103.<\/p>\n<h2 data-section-id=\"13o7r4i\" data-start=\"2708\" data-end=\"2762\" id=\"chapter-2\">Negrescu avertizeaz\u0103 asupra unui model similar PNRR<\/h2>\n<p data-start=\"2764\" data-end=\"2938\" id=\"p-8\">Europarlamentarul sus\u021bine necesitatea simplific\u0103rii mecanismelor de finan\u021bare, dar se declar\u0103 \u00eempotriva centraliz\u0103rii fondurilor sau a condi\u021bion\u0103rii acestora de alte reforme.<\/p>\n<p data-start=\"2940\" data-end=\"3234\" id=\"p-9\">Un asemenea sistem ar putea, potrivit lui Negrescu, s\u0103 reproduc\u0103 unele dintre problemele \u00eent\u00e2lnite \u00een cazul PNRR. El avertizeaz\u0103 c\u0103 Rom\u00e2nia nu \u00ee\u0219i permite s\u0103 piard\u0103 alte fonduri europene, av\u00e2nd \u00een vedere importan\u021ba acestora pentru investi\u021bii, comunit\u0103\u021bile locale \u0219i bugetul na\u021bional.<\/p>\n<p data-start=\"3236\" data-end=\"3489\" id=\"p-10\">Negrescu afirm\u0103 c\u0103 grupul social-democrat din Parlamentul European a sus\u021binut deja men\u021binerea unor finan\u021b\u0103ri distincte pentru politica de coeziune, Politica Agricol\u0103 Comun\u0103 \u0219i Fondul Social European, pozi\u021bie care trebuie ap\u0103rat\u0103 \u00een negocierile viitoare.<\/p>\n<h2 data-section-id=\"kjg889\" data-start=\"3491\" data-end=\"3540\" id=\"chapter-3\">Noi resurse pentru finan\u021barea priorit\u0103\u021bilor UE<\/h2>\n<p data-start=\"3542\" data-end=\"3803\" id=\"p-11\">\u00cen privin\u021ba noilor priorit\u0103\u021bi europene, Victor Negrescu sus\u021bine identificarea unor resurse proprii suplimentare la nivelul UE, astfel \u00eenc\u00e2t finan\u021barea acestora s\u0103 nu fie realizat\u0103 prin reducerea sumelor destinate agriculturii, coeziunii sau programelor sociale.<\/p>\n<p data-start=\"3805\" data-end=\"3895\" id=\"p-12\">Costurile suplimentare nu ar trebui transferate cet\u0103\u021benilor, mai afirm\u0103 europarlamentarul.<\/p>\n<p data-start=\"3897\" data-end=\"4039\" id=\"p-13\">\u201eRom\u00e2nia trebuie s\u0103 intre \u00een aceast\u0103 negociere cu obiective clare \u0219i s\u0103 ias\u0103 cu fondurile necesare pentru dezvoltarea sa\u201d, a conchis Negrescu.<\/p>\n","protected":false},"excerpt":{"rendered":"<p>Acesta avertizeaz\u0103 c\u0103 exist\u0103 presiuni din partea unor state membre pentru reducerea viitorului buget european. \u201eEuropa nu poate face mai mult cu mai pu\u021bini bani\u201d Victor Negrescu, vicepre\u0219edinte al Partidului &hellip; <a href=\"https:\/\/microscopemedia.com\/?p=711437\" class=\"more-link\">Read More<\/a><\/p>\n","protected":false},"author":1,"featured_media":711438,"comment_status":"closed","ping_status":"closed","sticky":false,"template":"Default","format":"standard","meta":[],"categories":[1],"tags":[],"_links":{"self":[{"href":"https:\/\/microscopemedia.com\/index.php?rest_route=\/wp\/v2\/posts\/711437"}],"collection":[{"href":"https:\/\/microscopemedia.com\/index.php?rest_route=\/wp\/v2\/posts"}],"about":[{"href":"https:\/\/microscopemedia.com\/index.php?rest_route=\/wp\/v2\/types\/post"}],"author":[{"embeddable":true,"href":"https:\/\/microscopemedia.com\/index.php?rest_route=\/wp\/v2\/users\/1"}],"replies":[{"embeddable":true,"href":"https:\/\/microscopemedia.com\/index.php?rest_route=%2Fwp%2Fv2%2Fcomments&post=711437"}],"version-history":[{"count":0,"href":"https:\/\/microscopemedia.com\/index.php?rest_route=\/wp\/v2\/posts\/711437\/revisions"}],"wp:featuredmedia":[{"embeddable":true,"href":"https:\/\/microscopemedia.com\/index.php?rest_route=\/wp\/v2\/media\/711438"}],"wp:attachment":[{"href":"https:\/\/microscopemedia.com\/index.php?rest_route=%2Fwp%2Fv2%2Fmedia&parent=711437"}],"wp:term":[{"taxonomy":"category","embeddable":true,"href":"https:\/\/microscopemedia.com\/index.php?rest_route=%2Fwp%2Fv2%2Fcategories&post=711437"},{"taxonomy":"post_tag","embeddable":true,"href":"https:\/\/microscopemedia.com\/index.php?rest_route=%2Fwp%2Fv2%2Ftags&post=711437"}],"curies":[{"name":"wp","href":"https:\/\/api.w.org\/{rel}","templated":true}]}}