{"id":711441,"date":"2026-09-03T15:17:03","date_gmt":"2026-09-03T15:17:03","guid":{"rendered":"https:\/\/microscopemedia.com\/?p=711441"},"modified":"2026-09-03T15:17:03","modified_gmt":"2026-09-03T15:17:03","slug":"judecatoarea-care-a-strans-semnaturi-dupa-momentul-recorder-trimisa-in-judecata-disciplinara-pentru-presiuni-si-amenintari-ce-acuzatii-i-se-aduc-sorinei-marinas","status":"publish","type":"post","link":"https:\/\/microscopemedia.com\/?p=711441","title":{"rendered":"Judec\u0103toarea care a str\u00e2ns semn\u0103turi dup\u0103 momentul Recorder, trimis\u0103 \u00een judecat\u0103 disciplinar\u0103 pentru \u201epresiuni \u0219i amenin\u021b\u0103ri\u201d. Ce acuza\u021bii i se aduc Sorinei Marina\u0219"},"content":{"rendered":"<div readability=\"38.957991803279\">\n<div class=\"sgb-google-buttons\">\n<div class=\"display-flex justify-center google-logo\"><img decoding=\"async\" loading=\"lazy\" class=\"mg-x-auto\" width=\"30\" height=\"30\" src=\"https:\/\/microscopemedia.com\/wp-content\/uploads\/2026\/09\/judecatoarea-care-a-strans-semnaturi-dupa-momentul-recorder-trimisa-in-judecata-disciplinara-pentru-presiuni-si-amenintari-ce-acuzatii-i-se-aduc-sorinei-marinas.png\" alt><\/div>\n<\/p><\/div>\n<p id=\"p-0\">Inspec\u021bia Judiciar\u0103 a exercitat la finalul lunii iulie o <strong>ac\u021biune disciplinar\u0103 \u00eempotriva judec\u0103toarei Marina\u0219 Sorina-Iolanda, judec\u0103tor din cadrul Cur\u021bii de Apel Craiova, <\/strong>pentru s\u0103v\u00e2r\u0219irea abaterii disciplinare prev\u0103zute de art. 271 lit. k)&nbsp; din Legea nr. 303\/2022 privind statutul judec\u0103torilor \u015fi procurorilor, <span><strong><a href=\"https:\/\/inspectiajudiciara.ro\/page\/Actiuni-disciplinare\/Actiuni-disciplinare-2026\">anun\u021b\u0103 institu\u021bia<\/a><\/strong><\/span>.<\/p>\n<h2 id=\"chapter-0\">Presiuni \u0219i amenin\u021b\u0103ri pentru concursul de promovare \u00een func\u021bii<\/h2>\n<p id=\"p-1\"><img class=\"aligncenter wp-image-23801469 size-full\" src=\"https:\/\/microscopemedia.com\/wp-content\/uploads\/2026\/09\/judecatoarea-care-a-strans-semnaturi-dupa-momentul-recorder-trimisa-in-judecata-disciplinara-pentru-presiuni-si-amenintari-ce-acuzatii-i-se-aduc-sorinei-marinas.webp\" alt width=\"900\" height=\"562\" loading=\"lazy\" decoding=\"async\" srcset=\"https:\/\/microscopemedia.com\/wp-content\/uploads\/2026\/09\/judecatoarea-care-a-strans-semnaturi-dupa-momentul-recorder-trimisa-in-judecata-disciplinara-pentru-presiuni-si-amenintari-ce-acuzatii-i-se-aduc-sorinei-marinas-1.webp 500w, https:\/\/microscopemedia.com\/wp-content\/uploads\/2026\/09\/judecatoarea-care-a-strans-semnaturi-dupa-momentul-recorder-trimisa-in-judecata-disciplinara-pentru-presiuni-si-amenintari-ce-acuzatii-i-se-aduc-sorinei-marinas.webp 728w\"><\/p>\n<p id=\"p-2\">Magistra\u021bii inspec\u021biei sus\u021bin c\u0103 Sorina Marina\u0219 a exercitat \u201e<strong>presiuni \u0219i amenin\u021b\u0103ri transmise prin intermediul altor persoane \u0219i, ulterior,&nbsp; prin intermediul re\u021belelor sociale c\u0103tre membrii comisiei de evaluare constituite la Curtea de Apel Craiova pentru concursul de promovare<\/strong> <strong>efectiv\u0103 \u00een func\u021bii de execu\u021bie<\/strong> a judec\u0103torilor la tribunale \u00een perioada decembrie 2025 \u2013 aprilie 2026\u2033.<\/p>\n<h2 id=\"chapter-1\">Impunerea unui anumit rezultat al concursului<\/h2>\n<p id=\"p-3\">Demersurile ar fi fost realizate cu scopul impunerii unui anumit rezultat al concursului de promovare (\u00een sensul ca un anumit candidat s\u0103 fie admis \u0219i al\u021bi candida\u021bi anume s\u0103 fie respin\u0219i) \u00eentrune\u0219te elementele abaterii disciplinare const\u00e2nd \u00een imixtiunea \u00een activitatea altor judec\u0103tori, spune Inspec\u021bia.<\/p>\n<p id=\"p-4\"><strong>Situa\u021bia judec\u0103toarei Marina\u0219 se afl\u0103 pe rolul Consiliului Superior al Magistraturii. Informa\u021bia a fost publicat\u0103 ini\u021bial de <span><a href=\"https:\/\/www.luju.ro\/acuzatii-grave-pentru-judecatoarea-marinas-inspectia-judiciara-a-trimis-o-in-judecata-disciplinara-pe-judecatoarea-sorina-marinas-de-la-curtea-de-apel-craiova-presiuni-si-amenintari-transmise-catre-membrii-comisiei-de-evaluare-constituite-pentru-concursul\">Lumea Justi\u021biei<\/a><\/span>.<\/strong><\/p>\n<h2 id=\"chapter-2\">A str\u00e2ns liste dup\u0103 documentarul Recorder<\/h2>\n<p id=\"p-5\">\u00cen decembrie 2025, judec\u0103toarea Marina\u0219 <a href=\"https:\/\/www.facebook.com\/story.php?story_fbid=25195563543403777&amp;id=100001304366375&amp;rdid=pNUrcm1zELzLWn8j#\" target=\"_blank\" rel=\"noopener\"><strong>a postat pe Facebook<\/strong>&nbsp;<\/a> o lista cu 178 de procurori \u0219i judec\u0103tori care au semnat un mesaj de sus\u021binere pentru magistra\u021bi, dup\u0103 documentarul Recorder \u201eJusti\u021bie capturat\u0103\u201d.<\/p>\n<p id=\"p-6\">\u00centr-o interven\u021bie video tot pentru Recorder, judec\u0103toarea a avertizat public c\u0103 la nivelul Inspec\u021biei Judiciare existau discu\u021bii intense pentru a-i \u201epotoli\u201d \u0219i a aplica \u201erepercusiuni\u201d \u00eempotriva magistra\u021bilor care au \u00eendr\u0103znit s\u0103 expun\u0103 public problemele din sistem.<\/p>\n<h2 id=\"chapter-3\">Alt\u0103 cercetare a lui Marina\u0219 dup\u0103 o postare controversat\u0103 pe re\u021belele de socializare<\/h2>\n<p id=\"p-7\">\u00cen octombrie 2025, aceea\u0219i judec\u0103toare Sorina Marina\u0219 a fost vizat\u0103 de o sesizare din oficiu a Inspec\u021biei Judiciare. Ac\u021biunea a pornit dup\u0103 ce judec\u0103toarea a postat pe re\u021belele sociale detalii despre o condamnare de 30 de ani dat\u0103 unui recidivist care \u00eencercase s\u0103 \u00ee\u0219i ucid\u0103 so\u021bia, afirm\u00e2nd public c\u0103 nu are <em class=\"zhvwWe\" data-sfc-cp data-sfc-root=\"ep\" data-complete=\"true\" data-copy-service-computed-style=\"font-family: &quot;Google Sans&quot;, Arial, sans-serif; font-size: 16px; font-weight: 400; margin: 0px; text-decoration: none; border-bottom: 0px rgb(22, 23, 26);\">\u201eniciun sentiment de mil\u0103\u201d<!--TgQPHd|||[]--><\/em> \u0219i c\u0103 a sc\u0103pat societatea de o <em class=\"zhvwWe\" data-sfc-cp data-sfc-root=\"ep\" data-complete=\"true\" data-copy-service-computed-style=\"font-family: &quot;Google Sans&quot;, Arial, sans-serif; font-size: 16px; font-weight: 400; margin: 0px; text-decoration: none; border-bottom: 0px rgb(22, 23, 26);\">\u201ebomb\u0103 cu ceas\u201d<!--TgQPHd|||[]--><\/em>. Ea a catalogat atunci demersul institu\u021biei drept o \u00eencercare de intimidare.<\/p>\n<\/p><\/div>\n","protected":false},"excerpt":{"rendered":"<p>Inspec\u021bia Judiciar\u0103 a exercitat la finalul lunii iulie o ac\u021biune disciplinar\u0103 \u00eempotriva judec\u0103toarei Marina\u0219 Sorina-Iolanda, judec\u0103tor din cadrul Cur\u021bii de Apel Craiova, pentru s\u0103v\u00e2r\u0219irea abaterii disciplinare prev\u0103zute de art. 271 &hellip; <a href=\"https:\/\/microscopemedia.com\/?p=711441\" class=\"more-link\">Read More<\/a><\/p>\n","protected":false},"author":1,"featured_media":711442,"comment_status":"closed","ping_status":"closed","sticky":false,"template":"Default","format":"standard","meta":[],"categories":[1],"tags":[],"_links":{"self":[{"href":"https:\/\/microscopemedia.com\/index.php?rest_route=\/wp\/v2\/posts\/711441"}],"collection":[{"href":"https:\/\/microscopemedia.com\/index.php?rest_route=\/wp\/v2\/posts"}],"about":[{"href":"https:\/\/microscopemedia.com\/index.php?rest_route=\/wp\/v2\/types\/post"}],"author":[{"embeddable":true,"href":"https:\/\/microscopemedia.com\/index.php?rest_route=\/wp\/v2\/users\/1"}],"replies":[{"embeddable":true,"href":"https:\/\/microscopemedia.com\/index.php?rest_route=%2Fwp%2Fv2%2Fcomments&post=711441"}],"version-history":[{"count":0,"href":"https:\/\/microscopemedia.com\/index.php?rest_route=\/wp\/v2\/posts\/711441\/revisions"}],"wp:featuredmedia":[{"embeddable":true,"href":"https:\/\/microscopemedia.com\/index.php?rest_route=\/wp\/v2\/media\/711442"}],"wp:attachment":[{"href":"https:\/\/microscopemedia.com\/index.php?rest_route=%2Fwp%2Fv2%2Fmedia&parent=711441"}],"wp:term":[{"taxonomy":"category","embeddable":true,"href":"https:\/\/microscopemedia.com\/index.php?rest_route=%2Fwp%2Fv2%2Fcategories&post=711441"},{"taxonomy":"post_tag","embeddable":true,"href":"https:\/\/microscopemedia.com\/index.php?rest_route=%2Fwp%2Fv2%2Ftags&post=711441"}],"curies":[{"name":"wp","href":"https:\/\/api.w.org\/{rel}","templated":true}]}}