{"id":711445,"date":"2026-09-03T15:47:03","date_gmt":"2026-09-03T15:47:03","guid":{"rendered":"https:\/\/microscopemedia.com\/?p=711445"},"modified":"2026-09-03T15:47:03","modified_gmt":"2026-09-03T15:47:03","slug":"cetatean-suedez-suspectat-de-implicare-in-atacuri-armate-la-comanda-prins-in-romania-perchezitii-diicot-in-bucuresti-si-otopeni","status":"publish","type":"post","link":"https:\/\/microscopemedia.com\/?p=711445","title":{"rendered":"Cet\u0103\u021bean suedez suspectat de implicare \u00een atacuri armate la comand\u0103, prins \u00een Rom\u00e2nia. Perchezi\u021bii DIICOT \u00een Bucure\u0219ti \u0219i Otopeni"},"content":{"rendered":"<div class=\"sgb-google-buttons\">\n<div class=\"display-flex justify-center google-logo\"><img decoding=\"async\" loading=\"lazy\" class=\"mg-x-auto\" width=\"30\" height=\"30\" src=\"https:\/\/microscopemedia.com\/wp-content\/uploads\/2026\/09\/cetatean-suedez-suspectat-de-implicare-in-atacuri-armate-la-comanda-prins-in-romania-perchezitii-diicot-in-bucuresti-si-otopeni.png\" alt><\/div>\n<\/p><\/div>\n<p class=\"PDq2pG_selectionAnchorContainer\" data-start=\"1066\" data-end=\"1407\" id=\"p-0\">DIICOT \u0219i Poli\u021bia Rom\u00e2n\u0103 au efectuat joi perchezi\u021bii \u00een Bucure\u0219ti \u0219i Otopeni, \u00eentr-un dosar care vizeaz\u0103 inclusiv omor calificat.<\/p>\n<h2 data-section-id=\"1iu8f6r\" data-start=\"1409\" data-end=\"1457\" id=\"chapter-0\">Atac armat asupra unei locuin\u021be din Stockholm<\/h2>\n<div class=\"single__inline-gallery color-white mg-bottom-20 bg-black padding-5 md:rounded-10\">\n<div class=\"md:rounded-5 display-grid xs:grid-cols-2 grid-cols-3 gap-5\">\n<div class=\"single__inline-gallery-image relative column-span-2 row-span-2\">\n                <a href=\"https:\/\/www.mediafax.ro\/poze\/cetatean-suedez-suspectat-de-implicare-in-atacuri-armate-la-comanda-prins-in-romania-perchezitii-diicot-in-bucuresti-si-otopeni-23801488\"><br \/>\n                    <img decoding=\"async\" loading=\"lazy\" src=\"https:\/\/microscopemedia.com\/wp-content\/uploads\/2026\/09\/cetatean-suedez-suspectat-de-implicare-in-atacuri-armate-la-comanda-prins-in-romania-perchezitii-diicot-in-bucuresti-si-otopeni.jpg\" width=\"700\" height=\"450\"><br \/>\n                <\/a>\n                            <\/div>\n<div class=\"single__inline-gallery-image relative \">\n                <a href=\"https:\/\/www.mediafax.ro\/poze\/cetatean-suedez-suspectat-de-implicare-in-atacuri-armate-la-comanda-prins-in-romania-perchezitii-diicot-in-bucuresti-si-otopeni-23801488\"><br \/>\n                    <img decoding=\"async\" loading=\"lazy\" src=\"https:\/\/microscopemedia.com\/wp-content\/uploads\/2026\/09\/cetatean-suedez-suspectat-de-implicare-in-atacuri-armate-la-comanda-prins-in-romania-perchezitii-diicot-in-bucuresti-si-otopeni-1.jpg\" width=\"700\" height=\"450\"><br \/>\n                <\/a>\n                            <\/div>\n<\/p><\/div>\n<\/p><\/div>\n<p data-start=\"1459\" data-end=\"1642\" id=\"p-1\">Procurorii DIICOT \u2013 Structura Central\u0103 \u0219i poli\u021bi\u0219tii Direc\u021biei de Combatere a Criminalit\u0103\u021bii Organizate au pus \u00een aplicare, joi, 3 septembrie, dou\u0103 mandate de perchezi\u021bie domiciliar\u0103.<\/p>\n<p data-start=\"1644\" data-end=\"1765\" id=\"p-2\">Potrivit anchetatorilor, cet\u0103\u021beanul suedez este suspectat c\u0103 ar fi implicat \u00een ac\u021biuni de mare violen\u021b\u0103 comise \u00een Suedia.<\/p>\n<p data-start=\"1767\" data-end=\"2046\" id=\"p-3\">Una dintre faptele investigate dateaz\u0103 din septembrie 2024, c\u00e2nd mai multe persoane ar fi \u00eencercat s\u0103 ucid\u0103 dou\u0103 victime aflate \u00eentr-un imobil din Stockholm. Unul dintre atacatori ar fi tras asupra cl\u0103dirii, iar proiectilele au trecut prin u\u0219a de acces \u0219i au p\u0103truns \u00een locuin\u021b\u0103.<\/p>\n<p data-start=\"2048\" data-end=\"2252\" id=\"p-4\">DIICOT sus\u021bine c\u0103 suspectul depistat \u00een Rom\u00e2nia i-ar fi sprijinit pe autorii atacului, ac\u021biunile sale fiind considerate de autorit\u0103\u021bile suedeze amenin\u021b\u0103ri ilegale grave, \u00een contextul utiliz\u0103rii unei arme.<\/p>\n<h2 data-section-id=\"1883ke4\" data-start=\"2254\" data-end=\"2324\" id=\"chapter-1\">Anchet\u0103 comun\u0103 Rom\u00e2nia \u2013 Suedia privind mai multe atentate la comand\u0103<\/h2>\n<p data-start=\"2326\" data-end=\"2429\" id=\"p-5\">Cazul face parte dintr-o investiga\u021bie mai ampl\u0103 privind mai multe atentate la comand\u0103 comise \u00een Suedia.<\/p>\n<p data-start=\"2431\" data-end=\"2640\" id=\"p-6\">Pentru documentarea activit\u0103\u021bilor suspectului \u0219i ale altor persoane, autorit\u0103\u021bile judiciare din Rom\u00e2nia \u0219i Suedia au constituit, sub egida Eurojust, o echip\u0103 comun\u0103 de anchet\u0103 \u2013 JIT (Joint Investigation Team).<\/p>\n<p data-start=\"2642\" data-end=\"2809\" id=\"p-7\">Pe numele cet\u0103\u021beanului suedez a fost emis un mandat de arestare, acesta urm\u00e2nd s\u0103 fie prezentat unui judec\u0103tor de drepturi \u0219i libert\u0103\u021bi de la Curtea de Apel Bucure\u0219ti.<\/p>\n<h2 data-section-id=\"19uhdnj\" data-start=\"2811\" data-end=\"2862\" id=\"chapter-2\">Arme \u0219i vest\u0103 antiglon\u021b, ridicate la perchezi\u021bii<\/h2>\n<p data-start=\"2864\" data-end=\"3011\" id=\"p-8\">\u00cen timpul descinderilor de joi diminea\u021b\u0103, anchetatorii au g\u0103sit dou\u0103 arme \u2013 una cu aer comprimat \u0219i alta cu gaze \u2013 care urmeaz\u0103 s\u0103 fie expertizate.<\/p>\n<p data-start=\"3013\" data-end=\"3168\" id=\"p-9\">Au mai fost ridicate o vest\u0103 antiglon\u021b, arme albe, diferite cantit\u0103\u021bi de substan\u021b\u0103 vegetal\u0103, dispozitive pentru stocarea datelor \u0219i alte mijloace de prob\u0103.<\/p>\n<p data-start=\"3170\" data-end=\"3293\" id=\"p-10\">La opera\u021biune au participat \u0219i reprezentan\u021bi ai autorit\u0103\u021bilor judiciare suedeze, ac\u021biunea beneficiind de sprijinul Europol.<\/p>\n<h2 data-section-id=\"16tgpiy\" data-start=\"3295\" data-end=\"3346\" id=\"chapter-3\">Un alt suspect suedez, prins \u00een Rom\u00e2nia \u00een iulie<\/h2>\n<p data-start=\"3348\" data-end=\"3561\" id=\"p-11\">Cazul nu este singular. La sf\u00e2r\u0219itul lunii iulie 2026, autorit\u0103\u021bile au depistat \u00een Rom\u00e2nia un alt cet\u0103\u021bean suedez, despre care anchetatorii afirm\u0103 c\u0103 este membru al unei grup\u0103ri rivale de criminalitate organizat\u0103.<\/p>\n<p data-start=\"3563\" data-end=\"3734\" id=\"p-12\">Acesta era cercetat pentru conspira\u021bie la omor \u0219i avea, la r\u00e2ndul s\u0103u, mandat de arestare. Curtea de Apel Bucure\u0219ti a dispus arestarea sa preventiv\u0103 \u00een vederea extr\u0103d\u0103rii.<\/p>\n<p data-start=\"3736\" data-end=\"3884\" id=\"p-13\">DIICOT precizeaz\u0103 c\u0103 persoanele cercetate beneficiaz\u0103 de prezum\u021bia de nevinov\u0103\u021bie \u0219i de toate drepturile \u0219i garan\u021biile procesuale prev\u0103zute de lege.<\/p>\n","protected":false},"excerpt":{"rendered":"<p>DIICOT \u0219i Poli\u021bia Rom\u00e2n\u0103 au efectuat joi perchezi\u021bii \u00een Bucure\u0219ti \u0219i Otopeni, \u00eentr-un dosar care vizeaz\u0103 inclusiv omor calificat. Atac armat asupra unei locuin\u021be din Stockholm Procurorii DIICOT \u2013 Structura &hellip; <a href=\"https:\/\/microscopemedia.com\/?p=711445\" class=\"more-link\">Read More<\/a><\/p>\n","protected":false},"author":1,"featured_media":711446,"comment_status":"closed","ping_status":"closed","sticky":false,"template":"Default","format":"standard","meta":[],"categories":[1],"tags":[],"_links":{"self":[{"href":"https:\/\/microscopemedia.com\/index.php?rest_route=\/wp\/v2\/posts\/711445"}],"collection":[{"href":"https:\/\/microscopemedia.com\/index.php?rest_route=\/wp\/v2\/posts"}],"about":[{"href":"https:\/\/microscopemedia.com\/index.php?rest_route=\/wp\/v2\/types\/post"}],"author":[{"embeddable":true,"href":"https:\/\/microscopemedia.com\/index.php?rest_route=\/wp\/v2\/users\/1"}],"replies":[{"embeddable":true,"href":"https:\/\/microscopemedia.com\/index.php?rest_route=%2Fwp%2Fv2%2Fcomments&post=711445"}],"version-history":[{"count":0,"href":"https:\/\/microscopemedia.com\/index.php?rest_route=\/wp\/v2\/posts\/711445\/revisions"}],"wp:featuredmedia":[{"embeddable":true,"href":"https:\/\/microscopemedia.com\/index.php?rest_route=\/wp\/v2\/media\/711446"}],"wp:attachment":[{"href":"https:\/\/microscopemedia.com\/index.php?rest_route=%2Fwp%2Fv2%2Fmedia&parent=711445"}],"wp:term":[{"taxonomy":"category","embeddable":true,"href":"https:\/\/microscopemedia.com\/index.php?rest_route=%2Fwp%2Fv2%2Fcategories&post=711445"},{"taxonomy":"post_tag","embeddable":true,"href":"https:\/\/microscopemedia.com\/index.php?rest_route=%2Fwp%2Fv2%2Ftags&post=711445"}],"curies":[{"name":"wp","href":"https:\/\/api.w.org\/{rel}","templated":true}]}}