{"id":711447,"date":"2026-09-03T16:06:03","date_gmt":"2026-09-03T16:06:03","guid":{"rendered":"https:\/\/microscopemedia.com\/?p=711447"},"modified":"2026-09-03T16:06:03","modified_gmt":"2026-09-03T16:06:03","slug":"rogobete-despre-spargerea-monopolului-de-la-cnas-discutam-despre-introducerea-si-a-altor-asigurari","status":"publish","type":"post","link":"https:\/\/microscopemedia.com\/?p=711447","title":{"rendered":"Rogobete, despre spargerea monopolului de la CNAS: \u201eDiscut\u0103m despre introducerea \u0219i a altor asigur\u0103ri\u201d"},"content":{"rendered":"<div readability=\"40.621899859616\">\n<div class=\"sgb-google-buttons\">\n<div class=\"display-flex justify-center google-logo\"><img decoding=\"async\" loading=\"lazy\" class=\"mg-x-auto\" width=\"30\" height=\"30\" src=\"https:\/\/microscopemedia.com\/wp-content\/uploads\/2026\/09\/rogobete-despre-spargerea-monopolului-de-la-cnas-discutam-despre-introducerea-si-a-altor-asigurari.png\" alt><\/div>\n<\/p><\/div>\n<p id=\"p-0\">Invitat joi la Europa FM, Alexandru Rogobete a fost \u00eentrebat dac\u0103 mai dore\u0219te spargerea monopolului de la Casa de S\u0103n\u0103tate.<\/p>\n<h2 id=\"chapter-0\">Spargerea monopolului, \u201eun lucru benefic\u201d<\/h2>\n<p id=\"p-1\">\u201eDa. Spargerea monopolului Casei Na\u021bionale de Asigur\u0103ri de S\u0103n\u0103tate este un lucru benefic pentru dezvoltarea sistemului de s\u0103n\u0103tate\u201d, a r\u0103spuns fostul ministru al S\u0103n\u0103t\u0103\u021bii.<\/p>\n<p id=\"p-2\">Acesta a ad\u0103ugat c\u0103 nu este vorba despre o privatizare a sistemului de s\u0103n\u0103tate.<\/p>\n<p id=\"p-3\">\u201eN<span class=\"cursor-pointer group\" title=\"Reda\u021bi \u00eencep\u00e2nd de la 11:30\"><span class=\"group-hover:bg-base-200 rounded p-0.5 -m-0.5\" data-start=\"689570\" data-end=\"692210\">u are o leg\u0103tur\u0103 \u0219i nu vorbim de o privatizare.<\/span><\/span>&nbsp;<span class=\"cursor-pointer group\" title=\"Reda\u021bi \u00eencep\u00e2nd de la 11:32\"><span class=\"group-hover:bg-base-200 rounded p-0.5 -m-0.5\" data-start=\"692250\" data-end=\"698870\">Nu vorbim de o privatizare a sistemului de s\u0103n\u0103tate sau a Casei de Asigur\u0103ri de S\u0103n\u0103tate sub nicio form\u0103\u201d, a afirmat Rogobete.<\/span><\/span><\/p>\n<p id=\"p-4\">Fostul ministru a explicat c\u0103 \u201ed<span class=\"cursor-pointer group\" title=\"Reda\u021bi \u00eencep\u00e2nd de la 11:39\"><span class=\"group-hover:bg-base-200 rounded p-0.5 -m-0.5\" data-start=\"698870\" data-end=\"708810\">iscut\u0103m despre introducerea \u0219i a altor asigur\u0103ri \u00een sistemul public de asigur\u0103ri de s\u0103n\u0103tate. Care s\u0103 vin\u0103 complementar bugetului na\u021bional\u201d.<\/span><\/span><\/p>\n<p id=\"p-5\"><span class=\"cursor-pointer group\" title=\"Reda\u021bi \u00eencep\u00e2nd de la 11:50\"><span class=\"group-hover:bg-base-200 rounded p-0.5 -m-0.5\" data-start=\"709550\" data-end=\"719290\">Aceste modific\u0103ri \u201enu \u00eenseamn\u0103 c\u0103 persoanele vulnerabile sau c\u0103 serviciile de baz\u0103 sau c\u0103 decontarea medicamentelor din programele na\u021bionale vor fi afectate sub nicio form\u0103.<\/span><\/span>&nbsp;<span class=\"cursor-pointer group\" title=\"Reda\u021bi \u00eencep\u00e2nd de la 11:59\"><span class=\"group-hover:bg-base-200 rounded p-0.5 -m-0.5\" data-start=\"719390\" data-end=\"724870\">Am v\u0103zut \u0219i eu tot felul de dezinform\u0103ri prin spa\u021biul public\u201d, a continuat Rogobete.<\/span><\/span><\/p>\n<h2 id=\"chapter-1\">Exemple din alte \u021b\u0103ri<\/h2>\n<p id=\"p-6\">El a oferit drept exemple \u201emodelul din Fran\u021ba sau modelul din Israel sau modelul din Belgia\u201d.<\/p>\n<p id=\"p-7\">\u00cen aceste \u021b\u0103ri, \u201e<span class=\"cursor-pointer group\" title=\"Reda\u021bi \u00eencep\u00e2nd de la 12:22\"><span class=\"group-hover:bg-base-200 rounded p-0.5 -m-0.5 bg-primary\/25 transition-all duration-200\" data-start=\"742150\" data-end=\"751930\" data-active>exist\u0103 o asigurare na\u021bional\u0103 de baz\u0103 obligatorie, care include urgen\u021bele \u0219i toat\u0103 partea social\u0103,<\/span><\/span>&nbsp;<span class=\"cursor-pointer group\" title=\"Reda\u021bi \u00eencep\u00e2nd de la 12:32\"><span class=\"group-hover:bg-base-200 rounded p-0.5 -m-0.5\" data-start=\"751930\" data-end=\"756110\">dup\u0103 care exist\u0103 o complementaritate care vine din zona privat\u0103\u201d, afirm\u0103 fostul ministru al S\u0103n\u0103t\u0103\u021bii.<\/span><\/span><\/p>\n<p id=\"p-8\">Asigur\u0103rile \u201e\u00eenseamn\u0103 bani \u00een sistemul de s\u0103n\u0103tate \u0219i \u00eenseamn\u0103 \u00eentregirea tarifului pe care \u00eel pl\u0103te\u0219te casa c\u0103tre unit\u0103\u021bile sanitare\u201d, a mai ad\u0103ugat Rogobete.<\/p>\n<p id=\"p-9\">Alexandru Rogobete a conchis cu ideea c\u0103, dac\u0103 va fi din nou ministru al S\u0103n\u0103t\u0103\u021bii, va continua cu acest obiectiv, deoarece \u201eeste o m\u0103sur\u0103 benefic\u0103 pentru sistemul de s\u0103n\u0103tate\u201d.<\/p>\n<\/p><\/div>\n","protected":false},"excerpt":{"rendered":"<p>Invitat joi la Europa FM, Alexandru Rogobete a fost \u00eentrebat dac\u0103 mai dore\u0219te spargerea monopolului de la Casa de S\u0103n\u0103tate. Spargerea monopolului, \u201eun lucru benefic\u201d \u201eDa. Spargerea monopolului Casei Na\u021bionale &hellip; <a href=\"https:\/\/microscopemedia.com\/?p=711447\" class=\"more-link\">Read More<\/a><\/p>\n","protected":false},"author":1,"featured_media":711448,"comment_status":"closed","ping_status":"closed","sticky":false,"template":"Default","format":"standard","meta":[],"categories":[1],"tags":[],"_links":{"self":[{"href":"https:\/\/microscopemedia.com\/index.php?rest_route=\/wp\/v2\/posts\/711447"}],"collection":[{"href":"https:\/\/microscopemedia.com\/index.php?rest_route=\/wp\/v2\/posts"}],"about":[{"href":"https:\/\/microscopemedia.com\/index.php?rest_route=\/wp\/v2\/types\/post"}],"author":[{"embeddable":true,"href":"https:\/\/microscopemedia.com\/index.php?rest_route=\/wp\/v2\/users\/1"}],"replies":[{"embeddable":true,"href":"https:\/\/microscopemedia.com\/index.php?rest_route=%2Fwp%2Fv2%2Fcomments&post=711447"}],"version-history":[{"count":0,"href":"https:\/\/microscopemedia.com\/index.php?rest_route=\/wp\/v2\/posts\/711447\/revisions"}],"wp:featuredmedia":[{"embeddable":true,"href":"https:\/\/microscopemedia.com\/index.php?rest_route=\/wp\/v2\/media\/711448"}],"wp:attachment":[{"href":"https:\/\/microscopemedia.com\/index.php?rest_route=%2Fwp%2Fv2%2Fmedia&parent=711447"}],"wp:term":[{"taxonomy":"category","embeddable":true,"href":"https:\/\/microscopemedia.com\/index.php?rest_route=%2Fwp%2Fv2%2Fcategories&post=711447"},{"taxonomy":"post_tag","embeddable":true,"href":"https:\/\/microscopemedia.com\/index.php?rest_route=%2Fwp%2Fv2%2Ftags&post=711447"}],"curies":[{"name":"wp","href":"https:\/\/api.w.org\/{rel}","templated":true}]}}