{"id":711451,"date":"2026-09-03T16:26:03","date_gmt":"2026-09-03T16:26:03","guid":{"rendered":"https:\/\/microscopemedia.com\/?p=711451"},"modified":"2026-09-03T16:26:03","modified_gmt":"2026-09-03T16:26:03","slug":"alexandru-rogobete-despre-zvonurile-privind-functia-de-premier-si-primar-al-timisoarei-nu-a-existat-nicio-discutie-psd-are-un-prim-ministru-desemnat","status":"publish","type":"post","link":"https:\/\/microscopemedia.com\/?p=711451","title":{"rendered":"Alexandru Rogobete, despre zvonurile privind func\u021bia de premier \u0219i primar al Timi\u0219oarei: Nu a existat nicio discu\u021bie. PSD are un prim-ministru desemnat"},"content":{"rendered":"<div class=\"sgb-google-buttons\">\n<div class=\"display-flex justify-center google-logo\"><img decoding=\"async\" loading=\"lazy\" class=\"mg-x-auto\" width=\"30\" height=\"30\" src=\"https:\/\/microscopemedia.com\/wp-content\/uploads\/2026\/09\/alexandru-rogobete-despre-zvonurile-privind-functia-de-premier-si-primar-al-timisoarei-nu-a-existat-nicio-discutie-psd-are-un-prim-ministru-desemnat.png\" alt><\/div>\n<\/p><\/div>\n<p id=\"p-0\">\u00centrebat, la Europa FM, despre informa\u021biile care \u00eei asociaz\u0103 numele cu mai multe func\u021bii politice, Rogobete a spus c\u0103 sunt \u201edou\u0103 fake news-uri\u201d care au circulat \u00een spa\u021biul public.<\/p>\n<p id=\"p-1\">Alexandru Rogobete sus\u021bine c\u0103 scenariul unei candidaturi la Prim\u0103ria Timi\u0219oara a fost o \u201einven\u021bie\u201d a USR, despre care afirm\u0103 c\u0103 ar fi urm\u0103rit s\u0103 \u00eel asocieze cu scandalul \u00een care este implicat Dominic Fritz.<\/p>\n<p id=\"p-2\">\u201eA fost inven\u021bia celor de la USR, b\u0103nuiala mea, care au vrut s\u0103 m\u0103 lege politic de scandalul cu Dominic Fritz. Nu a existat \u00een Partidul Social-Democrat, \u00een partidul din care fac parte, nicio discu\u021bie vizavi de o eventual\u0103 candidatur\u0103 a mea la Prim\u0103ria Timi\u0219oara\u201d, a declarat Rogobete.<\/p>\n<p id=\"p-3\">Deputatul PSD a precizat c\u0103 este ales \u00een jude\u021bul Prahova, chiar dac\u0103 a studiat la Timi\u0219oara.<\/p>\n<p id=\"p-4\">\u201eEu sunt deputat p\u00e2n\u0103 \u00een anul 2028. Sunt ales \u00een jude\u021bul Prahova. Eu am f\u0103cut facultatea la Timi\u0219oara, da. Sunt asociat cu Timi\u0219oara din acest punct de vedere\u201d, a explicat el.<\/p>\n<h2 id=\"chapter-0\">\u201eNu a existat nici aceast\u0103 discu\u021bie\u201d despre func\u021bia de premier<\/h2>\n<p id=\"p-5\">\u00cen ceea ce prive\u0219te informa\u021biile potrivit c\u0103rora ar putea fi desemnat prim-ministru, Rogobete a negat c\u0103 ar fi purtat discu\u021bii \u00een acest sens cu reprezentan\u021bi politici sau administrativi.<\/p>\n<p id=\"p-6\">\u201eApoi a circulat \u00een spa\u021biul public povestea cu desemnarea pentru func\u021bia de premier. Nu a existat nici aceast\u0103 discu\u021bie. N-am avut aceast\u0103 discu\u021bie cu nicio persoan\u0103 politic\u0103 sau administrativ\u0103 din anul acesta\u201d, a afirmat fostul ministru.<\/p>\n<p id=\"p-7\">\u00centrebat dac\u0103 ar accepta func\u021bia \u00een cazul \u00een care ar fi desemnat de pre\u0219edintele Nicu\u0219or Dan, Rogobete a evitat s\u0103 intre \u00een scenarii.<\/p>\n<p id=\"p-8\">\u201eEste o discu\u021bie care nu va avea loc cel mai probabil \u0219i nu a\u0219 vrea s\u0103 intru \u00eentr-o zon\u0103 de specula\u021bii\u201d, a spus el.<\/p>\n<p id=\"p-9\">Rogobete a precizat c\u0103 PSD are deja o variant\u0103 pentru func\u021bia de premier, anume pre\u0219edintele partidului, Sorin Grindeanu.<\/p>\n<p id=\"p-10\">\u201ePartidul Social-Democrat are un prim-ministru desemnat \u0219i anume pe pre\u0219edintele partidului Sorin Grindeanu. Eu personal sus\u021bin aceast\u0103 variant\u0103\u201d, a declarat el.<\/p>\n<h2 id=\"chapter-1\">Rogobete sus\u021bine un guvern condus de un politician<\/h2>\n<p id=\"p-11\">Fostul ministru al S\u0103n\u0103t\u0103\u021bii consider\u0103 c\u0103 Rom\u00e2nia are nevoie de un guvern stabil \u0219i cu mini\u0219tri cu puteri depline, iar \u00een actuala configura\u021bie parlamentar\u0103 un guvern condus de un politician ar fi mai eficient dec\u00e2t unul condus de un tehnocrat.<\/p>\n<p id=\"p-12\">\u201eCred c\u0103 un guvern condus de un om politic ar fi o variant\u0103 pentru c\u0103 algoritmul politic din Parlament acum este unul dificil \u0219i doar un om politic ar putea s\u0103 migreze, dac\u0103 dori\u021bi, \u00eentre executiv \u0219i Parlament\u201d, a spus Rogobete.<\/p>\n<p id=\"p-13\">Acesta a ad\u0103ugat c\u0103 un tehnocrat ar avea dificult\u0103\u021bi \u00een a conduce un guvern sus\u021binut politic.<\/p>\n<p id=\"p-14\">\u00centrebat dac\u0103 PSD va intra la guvernare, Rogobete a r\u0103spuns: \u201eCel mai probabil, da\u201d, preciz\u00e2nd \u00eens\u0103 c\u0103 partidul va \u021bine cont \u0219i de componen\u021ba viitorului Cabinet \u0219i de programul de guvernare.<\/p>\n<h2 id=\"chapter-2\">Rogobete: Prea mult ne focus\u0103m pe oameni, pe nume<\/h2>\n<p id=\"p-15\">Fostul ministru a criticat abordarea pe care o consider\u0103 excesiv concentrat\u0103 pe reducerea deficitului \u0219i a sus\u021binut c\u0103 Rom\u00e2nia trebuie s\u0103 g\u0103seasc\u0103 solu\u021bii pentru stimularea economiei.<\/p>\n<p id=\"p-16\">\u201eCred c\u0103 prea mult ne focus\u0103m pe oameni, pe nume, pe culori \u0219i prea pu\u021bin pe programul de guvernare. Ori esen\u021ba unui guvern este programul de guvernare\u201d, a afirmat deputatul PSD.<\/p>\n","protected":false},"excerpt":{"rendered":"<p>\u00centrebat, la Europa FM, despre informa\u021biile care \u00eei asociaz\u0103 numele cu mai multe func\u021bii politice, Rogobete a spus c\u0103 sunt \u201edou\u0103 fake news-uri\u201d care au circulat \u00een spa\u021biul public. Alexandru &hellip; <a href=\"https:\/\/microscopemedia.com\/?p=711451\" class=\"more-link\">Read More<\/a><\/p>\n","protected":false},"author":1,"featured_media":711452,"comment_status":"closed","ping_status":"closed","sticky":false,"template":"Default","format":"standard","meta":[],"categories":[1],"tags":[],"_links":{"self":[{"href":"https:\/\/microscopemedia.com\/index.php?rest_route=\/wp\/v2\/posts\/711451"}],"collection":[{"href":"https:\/\/microscopemedia.com\/index.php?rest_route=\/wp\/v2\/posts"}],"about":[{"href":"https:\/\/microscopemedia.com\/index.php?rest_route=\/wp\/v2\/types\/post"}],"author":[{"embeddable":true,"href":"https:\/\/microscopemedia.com\/index.php?rest_route=\/wp\/v2\/users\/1"}],"replies":[{"embeddable":true,"href":"https:\/\/microscopemedia.com\/index.php?rest_route=%2Fwp%2Fv2%2Fcomments&post=711451"}],"version-history":[{"count":0,"href":"https:\/\/microscopemedia.com\/index.php?rest_route=\/wp\/v2\/posts\/711451\/revisions"}],"wp:featuredmedia":[{"embeddable":true,"href":"https:\/\/microscopemedia.com\/index.php?rest_route=\/wp\/v2\/media\/711452"}],"wp:attachment":[{"href":"https:\/\/microscopemedia.com\/index.php?rest_route=%2Fwp%2Fv2%2Fmedia&parent=711451"}],"wp:term":[{"taxonomy":"category","embeddable":true,"href":"https:\/\/microscopemedia.com\/index.php?rest_route=%2Fwp%2Fv2%2Fcategories&post=711451"},{"taxonomy":"post_tag","embeddable":true,"href":"https:\/\/microscopemedia.com\/index.php?rest_route=%2Fwp%2Fv2%2Ftags&post=711451"}],"curies":[{"name":"wp","href":"https:\/\/api.w.org\/{rel}","templated":true}]}}