{"id":711453,"date":"2026-09-03T16:36:04","date_gmt":"2026-09-03T16:36:04","guid":{"rendered":"https:\/\/microscopemedia.com\/?p=711453"},"modified":"2026-09-03T16:36:04","modified_gmt":"2026-09-03T16:36:04","slug":"atentionare-mae-pentru-romanii-care-calatoresc-in-norvegia-controale-temporare-la-frontiere-in-perioada-4-14-septembrie","status":"publish","type":"post","link":"https:\/\/microscopemedia.com\/?p=711453","title":{"rendered":"Aten\u021bionare MAE pentru rom\u00e2nii care c\u0103l\u0103toresc \u00een Norvegia. Controale temporare la frontiere \u00een perioada 4-14 septembrie"},"content":{"rendered":"<div readability=\"33.198347107438\">\n<div class=\"sgb-google-buttons\">\n<div class=\"display-flex justify-center google-logo\"><img decoding=\"async\" loading=\"lazy\" class=\"mg-x-auto\" width=\"30\" height=\"30\" src=\"https:\/\/microscopemedia.com\/wp-content\/uploads\/2026\/09\/atentionare-mae-pentru-romanii-care-calatoresc-in-norvegia-controale-temporare-la-frontiere-in-perioada-4-14-septembrie.png\" alt><\/div>\n<\/p><\/div>\n<p class=\"PDq2pG_selectionAnchorContainer\" data-start=\"1149\" data-end=\"1351\" id=\"p-0\">Potrivit MAE, m\u0103sura va fi aplicat\u0103 \u00een perioada 4-14 septembrie 2026 \u0219i a fost adoptat\u0103 de autorit\u0103\u021bile norvegiene \u00een contextul funeraliilor de stat ale regelui Harald V, programate pentru 9 septembrie.<\/p>\n<p data-start=\"1353\" data-end=\"1560\" id=\"p-1\">Ministerul rom\u00e2n de Externe \u00eei informeaz\u0103 astfel pe cet\u0103\u021benii care urmeaz\u0103 s\u0103 c\u0103l\u0103toreasc\u0103 \u00een Norvegia sau s\u0103 tranziteze aceast\u0103 \u021bar\u0103 c\u0103 trebuie s\u0103 ia \u00een calcul controalele temporare instituite la frontiere.<\/p>\n<p data-start=\"1562\" data-end=\"1701\" id=\"p-2\">M\u0103sura este una limitat\u0103 \u00een timp, autorit\u0103\u021bile norvegiene stabilind drept perioad\u0103 de aplicare cele 11 zile din intervalul 4-14 septembrie.<\/p>\n<h2 data-section-id=\"1ejcumx\" data-start=\"1703\" data-end=\"1753\" id=\"chapter-0\">Unde pot cere ajutor rom\u00e2nii afla\u021bi \u00een Norvegia<\/h2>\n<p data-start=\"1755\" data-end=\"1961\" id=\"p-3\">MAE precizeaz\u0103 c\u0103 cet\u0103\u021benii rom\u00e2ni care au nevoie de asisten\u021b\u0103 consular\u0103 pot contacta Ambasada Rom\u00e2niei \u00een Regatul Norvegiei. Apelurile sunt redirec\u021bionate c\u0103tre Centrul de Contact \u0219i Suport al Cet\u0103\u021benilor Rom\u00e2ni din Str\u0103in\u0103tate \u0219i sunt preluate \u00een regim de permanen\u021b\u0103.<\/p>\n<p data-start=\"2108\" data-end=\"2280\" id=\"p-4\">Pentru situa\u021biile dificile, speciale sau cu caracter de urgen\u021b\u0103, cet\u0103\u021benii rom\u00e2ni au la dispozi\u021bie \u0219i telefonul de permanen\u021b\u0103 al Ambasadei Rom\u00e2niei la Oslo.<\/p>\n<p data-start=\"2282\" data-end=\"2485\" id=\"p-5\">MAE recomand\u0103 rom\u00e2nilor care se deplaseaz\u0103 \u00een Norvegia s\u0103 urm\u0103reasc\u0103 informa\u021biile \u0219i recomand\u0103rile oficiale publicate de <span class=\"contents\" data-content-reference-start=\"2403\" data-content-reference-end=\"2453\"><span class data-state=\"closed\">Ambasada Rom\u00e2niei la Oslo<\/span><\/span> \u0219i de <span class=\"contents\" data-content-reference-start=\"2460\" data-content-reference-end=\"2514\"><span class data-state=\"closed\">Ministerul Afacerilor Externe<\/span><\/span>.<\/p>\n<p data-start=\"2487\" data-end=\"2717\" id=\"p-6\">Ministerul reaminte\u0219te, de asemenea, c\u0103 persoanele care c\u0103l\u0103toresc \u00een str\u0103in\u0103tate pot utiliza aplica\u021bia \u201eC\u0103l\u0103tore\u0219te informat\u201d, disponibil\u0103 gratuit pentru telefoanele mobile, pentru acces la informa\u021bii \u0219i recomand\u0103ri de c\u0103l\u0103torie.<\/p>\n<\/p><\/div>\n","protected":false},"excerpt":{"rendered":"<p>Potrivit MAE, m\u0103sura va fi aplicat\u0103 \u00een perioada 4-14 septembrie 2026 \u0219i a fost adoptat\u0103 de autorit\u0103\u021bile norvegiene \u00een contextul funeraliilor de stat ale regelui Harald V, programate pentru 9 &hellip; <a href=\"https:\/\/microscopemedia.com\/?p=711453\" class=\"more-link\">Read More<\/a><\/p>\n","protected":false},"author":1,"featured_media":711454,"comment_status":"closed","ping_status":"closed","sticky":false,"template":"Default","format":"standard","meta":[],"categories":[1],"tags":[],"_links":{"self":[{"href":"https:\/\/microscopemedia.com\/index.php?rest_route=\/wp\/v2\/posts\/711453"}],"collection":[{"href":"https:\/\/microscopemedia.com\/index.php?rest_route=\/wp\/v2\/posts"}],"about":[{"href":"https:\/\/microscopemedia.com\/index.php?rest_route=\/wp\/v2\/types\/post"}],"author":[{"embeddable":true,"href":"https:\/\/microscopemedia.com\/index.php?rest_route=\/wp\/v2\/users\/1"}],"replies":[{"embeddable":true,"href":"https:\/\/microscopemedia.com\/index.php?rest_route=%2Fwp%2Fv2%2Fcomments&post=711453"}],"version-history":[{"count":0,"href":"https:\/\/microscopemedia.com\/index.php?rest_route=\/wp\/v2\/posts\/711453\/revisions"}],"wp:featuredmedia":[{"embeddable":true,"href":"https:\/\/microscopemedia.com\/index.php?rest_route=\/wp\/v2\/media\/711454"}],"wp:attachment":[{"href":"https:\/\/microscopemedia.com\/index.php?rest_route=%2Fwp%2Fv2%2Fmedia&parent=711453"}],"wp:term":[{"taxonomy":"category","embeddable":true,"href":"https:\/\/microscopemedia.com\/index.php?rest_route=%2Fwp%2Fv2%2Fcategories&post=711453"},{"taxonomy":"post_tag","embeddable":true,"href":"https:\/\/microscopemedia.com\/index.php?rest_route=%2Fwp%2Fv2%2Ftags&post=711453"}],"curies":[{"name":"wp","href":"https:\/\/api.w.org\/{rel}","templated":true}]}}