{"id":711455,"date":"2026-09-03T16:47:02","date_gmt":"2026-09-03T16:47:02","guid":{"rendered":"https:\/\/microscopemedia.com\/?p=711455"},"modified":"2026-09-03T16:47:02","modified_gmt":"2026-09-03T16:47:02","slug":"controverse-inaintea-noului-an-scolar-la-cluj-ce-spune-isj-despre-participarea-elevilor-la-slujba-te-deum","status":"publish","type":"post","link":"https:\/\/microscopemedia.com\/?p=711455","title":{"rendered":"Controverse \u00eenaintea noului an \u0219colar la Cluj. Ce spune ISJ despre participarea elevilor la slujba Te Deum"},"content":{"rendered":"<div readability=\"42.447394296952\">\n<div class=\"sgb-google-buttons\">\n<div class=\"display-flex justify-center google-logo\"><img decoding=\"async\" loading=\"lazy\" class=\"mg-x-auto\" width=\"30\" height=\"30\" src=\"https:\/\/microscopemedia.com\/wp-content\/uploads\/2026\/09\/controverse-inaintea-noului-an-scolar-la-cluj-ce-spune-isj-despre-participarea-elevilor-la-slujba-te-deum.png\" alt><\/div>\n<\/p><\/div>\n<p class=\"PDq2pG_selectionAnchorContainer\" data-start=\"1076\" data-end=\"1503\" id=\"p-0\">Informa\u021bia a fost publicat\u0103 joi de ziarul <a href=\"https:\/\/www.stiridecluj.ro\/social\/scandal-inainte-de-inceperea-scolii-cate-o-clasa-din-fiecare-scoala-din-cluj-trimisa-la-slujba\" target=\"_blank\" rel=\"noopener\">\u0218tiri de Cluj<\/a>, care a prezentat \u0219i preciz\u0103rile ulterioare ale Inspectoratului, potrivit c\u0103rora participarea este facultativ\u0103, nu obligatorie.<\/p>\n<h2 data-section-id=\"vnn5md\" data-start=\"1505\" data-end=\"1560\" id=\"chapter-0\">C\u00e2te o clas\u0103 de la unit\u0103\u021bile \u0219colare din Cluj-Napoca<\/h2>\n<p data-start=\"1562\" data-end=\"1901\" id=\"p-1\">Slujba de binecuv\u00e2ntare pentru \u00eenceputul anului \u0219colar 2026-2027 este programat\u0103 luni, 7 septembrie, de la ora 12:00, la Catedrala Mitropolitan\u0103 din Cluj-Napoca. Aceasta urmeaz\u0103 s\u0103 fie oficiat\u0103 de IPS Andrei, \u00een prezen\u021ba reprezentan\u021bilor Inspectoratului \u0218colar, a profesorilor, elevilor \u0219i p\u0103rin\u021bilor.<\/p>\n<p data-start=\"1903\" data-end=\"2166\" id=\"p-2\">Controversa a fost generat\u0103 de formularea folosit\u0103 \u00een documentul transmis \u0219colilor. Potrivit adresei, \u201eunit\u0103\u021bile \u0219colare din Cluj-Napoca vor asigura participarea unei clase de elevi sub supravegherea profesorului de religie\u201d.<\/p>\n<p data-start=\"2168\" data-end=\"2364\" id=\"p-3\">Formularea putea fi interpretat\u0103 \u00een sensul c\u0103 fiecare unitate de \u00eenv\u0103\u021b\u0103m\u00e2nt trebuie s\u0103 desemneze o clas\u0103 care s\u0103 participe la evenimentul religios, desf\u0103\u0219urat chiar \u00een prima zi a noului an \u0219colar.<\/p>\n<h2 data-section-id=\"137d0s6\" data-start=\"2366\" data-end=\"2433\" id=\"chapter-1\">ISJ Cluj: Este o invita\u021bie, participarea are caracter facultativ<\/h2>\n<p data-start=\"2435\" data-end=\"2604\" id=\"p-4\">Dup\u0103 apari\u021bia informa\u021biilor \u00een spa\u021biul public, Inspectoratul \u0218colar Jude\u021bean Cluj a revenit cu explica\u021bii \u0219i a precizat c\u0103 adresa trebuie interpretat\u0103 drept o invita\u021bie.<\/p>\n<p data-start=\"2606\" data-end=\"2830\" id=\"p-5\">Institu\u021bia a subliniat c\u0103 participarea la slujba Te Deum \u201eare caracter facultativ, nu obligatoriu\u201d \u0219i c\u0103 libertatea de con\u0219tiin\u021b\u0103 \u0219i dreptul fiec\u0103rei persoane de a alege sunt respectate.<\/p>\n<p data-start=\"2832\" data-end=\"2986\" id=\"p-6\">Inspectoratul a mai transmis c\u0103 \u00een\u021belege sensibilitatea subiectului \u0219i \u0219i-a exprimat regretul pentru eventualele \u00eengrijor\u0103ri provocate de mesajul ini\u021bial.<\/p>\n<p data-start=\"3209\" data-end=\"3387\" id=\"p-7\">Noul an \u0219colar 2026-2027 \u00eencepe luni, 7 septembrie, iar slujba de la Catedrala Mitropolitan\u0103 este programat\u0103 \u00een aceea\u0219i zi, de la ora 12:00.<\/p>\n<\/p><\/div>\n","protected":false},"excerpt":{"rendered":"<p>Informa\u021bia a fost publicat\u0103 joi de ziarul \u0218tiri de Cluj, care a prezentat \u0219i preciz\u0103rile ulterioare ale Inspectoratului, potrivit c\u0103rora participarea este facultativ\u0103, nu obligatorie. C\u00e2te o clas\u0103 de la &hellip; <a href=\"https:\/\/microscopemedia.com\/?p=711455\" class=\"more-link\">Read More<\/a><\/p>\n","protected":false},"author":1,"featured_media":711456,"comment_status":"closed","ping_status":"closed","sticky":false,"template":"Default","format":"standard","meta":[],"categories":[1],"tags":[],"_links":{"self":[{"href":"https:\/\/microscopemedia.com\/index.php?rest_route=\/wp\/v2\/posts\/711455"}],"collection":[{"href":"https:\/\/microscopemedia.com\/index.php?rest_route=\/wp\/v2\/posts"}],"about":[{"href":"https:\/\/microscopemedia.com\/index.php?rest_route=\/wp\/v2\/types\/post"}],"author":[{"embeddable":true,"href":"https:\/\/microscopemedia.com\/index.php?rest_route=\/wp\/v2\/users\/1"}],"replies":[{"embeddable":true,"href":"https:\/\/microscopemedia.com\/index.php?rest_route=%2Fwp%2Fv2%2Fcomments&post=711455"}],"version-history":[{"count":0,"href":"https:\/\/microscopemedia.com\/index.php?rest_route=\/wp\/v2\/posts\/711455\/revisions"}],"wp:featuredmedia":[{"embeddable":true,"href":"https:\/\/microscopemedia.com\/index.php?rest_route=\/wp\/v2\/media\/711456"}],"wp:attachment":[{"href":"https:\/\/microscopemedia.com\/index.php?rest_route=%2Fwp%2Fv2%2Fmedia&parent=711455"}],"wp:term":[{"taxonomy":"category","embeddable":true,"href":"https:\/\/microscopemedia.com\/index.php?rest_route=%2Fwp%2Fv2%2Fcategories&post=711455"},{"taxonomy":"post_tag","embeddable":true,"href":"https:\/\/microscopemedia.com\/index.php?rest_route=%2Fwp%2Fv2%2Ftags&post=711455"}],"curies":[{"name":"wp","href":"https:\/\/api.w.org\/{rel}","templated":true}]}}