{"id":711461,"date":"2026-09-03T17:37:03","date_gmt":"2026-09-03T17:37:03","guid":{"rendered":"https:\/\/microscopemedia.com\/?p=711461"},"modified":"2026-09-03T17:37:03","modified_gmt":"2026-09-03T17:37:03","slug":"noi-discutii-intre-ucraina-si-sua-zelenski-spune-ca-reprezentantii-presedintelui-american-sunt-asteptati-la-kiev","status":"publish","type":"post","link":"https:\/\/microscopemedia.com\/?p=711461","title":{"rendered":"Noi discu\u021bii \u00eentre Ucraina \u0219i SUA. Zelenski spune c\u0103 reprezentan\u021bii pre\u0219edintelui american sunt a\u0219tepta\u021bi la Kiev"},"content":{"rendered":"<div readability=\"44.331927456769\">\n<div class=\"sgb-google-buttons\">\n<div class=\"display-flex justify-center google-logo\"><img decoding=\"async\" loading=\"lazy\" class=\"mg-x-auto\" width=\"30\" height=\"30\" src=\"https:\/\/microscopemedia.com\/wp-content\/uploads\/2026\/09\/noi-discutii-intre-ucraina-si-sua-zelenski-spune-ca-reprezentantii-presedintelui-american-sunt-asteptati-la-kiev.png\" alt><\/div>\n<\/p><\/div>\n<p class=\"PDq2pG_selectionAnchorContainer\" data-start=\"946\" data-end=\"1301\" id=\"p-0\">Liderul ucrainean sus\u021bine c\u0103 exist\u0103 deja date preliminare \u0219i c\u0103 discu\u021biile din capitala Ucrainei ar putea avea loc \u00een urm\u0103toarele zile.<\/p>\n<h2 data-section-id=\"61t85q\" data-start=\"1303\" data-end=\"1347\" id=\"chapter-0\">\u201eSuntem \u00een comunicare cu ei practic 24\/7\u201d<\/h2>\n<p data-start=\"1349\" data-end=\"1510\" id=\"p-2\">Zelenski a precizat, \u00eentr-o postare pe Facebook, c\u0103 a avut o reuniune cu echipa ucrainean\u0103 care se ocup\u0103 de negocierile cu reprezentan\u021bii pre\u0219edintelui american.<\/p>\n<p data-start=\"1512\" data-end=\"1734\" id=\"p-3\">\u201eTocmai am avut o \u0219edin\u021b\u0103 cu echipa care se ocup\u0103 de negocierile cu reprezentan\u021bii pre\u0219edintelui Americii. Practic 24\/7 suntem \u00een comunicare cu ei, iar acum ne preg\u0103tim pentru \u00eent\u00e2lniri\u201d, a transmis pre\u0219edintele ucrainean.<\/p>\n<p data-start=\"1736\" data-end=\"1913\" id=\"p-4\">Potrivit acestuia, exist\u0103 deja un calendar preliminar al discu\u021biilor, iar Kievul a primit confirmarea c\u0103 reprezentan\u021bii p\u0103r\u021bii americane vor avea \u00eentrevederi \u00een ambele capitale.<\/p>\n<p data-start=\"1915\" data-end=\"2124\" id=\"p-5\">\u201eExist\u0103 date preliminare. Ne a\u0219tept\u0103m s\u0103-i vedem pe reprezentan\u021bii pre\u0219edintelui Americii aici, la Kiev. Avem confirmarea din partea lor: va avea loc o \u00eent\u00e2lnire la Moscova \u0219i una la Kiev\u201d, a afirmat Zelenski.<\/p>\n<p data-start=\"2126\" data-end=\"2279\" id=\"p-6\">Pre\u0219edintele ucrainean nu a indicat \u00een mesaj numele oficialilor americani care ar urma s\u0103 participe la discu\u021bii \u0219i nici datele exacte ale \u00eentrevederilor.<\/p>\n<h2 data-section-id=\"dq91nw\" data-start=\"2281\" data-end=\"2336\" id=\"chapter-1\">Zelenski: Este important ca America s\u0103 r\u0103m\u00e2n\u0103 activ\u0103<\/h2>\n<p data-start=\"2338\" data-end=\"2487\" id=\"p-7\">Liderul de la Kiev a subliniat c\u0103 partea ucrainean\u0103 se preg\u0103te\u0219te pentru \u00eentrevederi \u0219i c\u0103 \u00ee\u0219i dore\u0219te men\u021binerea implic\u0103rii active a Statelor Unite.<\/p>\n<p data-start=\"2489\" data-end=\"2634\" id=\"p-8\">\u201eA\u0219tept\u0103m o \u00eent\u00e2lnire \u00een urm\u0103toarele zile. Este foarte important. Este important ca America s\u0103 r\u0103m\u00e2n\u0103 activ\u0103 \u00een continuare\u201d, a declarat Zelenski.<\/p>\n<p data-start=\"2636\" data-end=\"2776\" id=\"p-9\">\u201eSuntem preg\u0103ti\u021bi pentru \u00eent\u00e2lniri cu ei \u00een Ucraina, la nivelul corespunz\u0103tor, cu discu\u021bii de substan\u021b\u0103\u201d, a ad\u0103ugat pre\u0219edintele ucrainean.<\/p>\n<p data-start=\"2778\" data-end=\"3123\" id=\"p-10\">Din mesajul publicat de Zelenski nu rezult\u0103 \u00eens\u0103 agenda concret\u0103 a viitoarelor \u00eentrevederi \u0219i nici dac\u0103 \u00eent\u00e2lnirile de la Moscova \u0219i Kiev fac parte dintr-un format comun de negociere. Pre\u0219edintele ucrainean s-a limitat la a confirma contactele cu reprezentan\u021bii pre\u0219edintelui SUA \u0219i preg\u0103tirea discu\u021biilor din perioada imediat urm\u0103toare.<\/p>\n<\/p><\/div>\n","protected":false},"excerpt":{"rendered":"<p>Liderul ucrainean sus\u021bine c\u0103 exist\u0103 deja date preliminare \u0219i c\u0103 discu\u021biile din capitala Ucrainei ar putea avea loc \u00een urm\u0103toarele zile. \u201eSuntem \u00een comunicare cu ei practic 24\/7\u201d Zelenski a &hellip; <a href=\"https:\/\/microscopemedia.com\/?p=711461\" class=\"more-link\">Read More<\/a><\/p>\n","protected":false},"author":1,"featured_media":711462,"comment_status":"closed","ping_status":"closed","sticky":false,"template":"Default","format":"standard","meta":[],"categories":[1],"tags":[],"_links":{"self":[{"href":"https:\/\/microscopemedia.com\/index.php?rest_route=\/wp\/v2\/posts\/711461"}],"collection":[{"href":"https:\/\/microscopemedia.com\/index.php?rest_route=\/wp\/v2\/posts"}],"about":[{"href":"https:\/\/microscopemedia.com\/index.php?rest_route=\/wp\/v2\/types\/post"}],"author":[{"embeddable":true,"href":"https:\/\/microscopemedia.com\/index.php?rest_route=\/wp\/v2\/users\/1"}],"replies":[{"embeddable":true,"href":"https:\/\/microscopemedia.com\/index.php?rest_route=%2Fwp%2Fv2%2Fcomments&post=711461"}],"version-history":[{"count":0,"href":"https:\/\/microscopemedia.com\/index.php?rest_route=\/wp\/v2\/posts\/711461\/revisions"}],"wp:featuredmedia":[{"embeddable":true,"href":"https:\/\/microscopemedia.com\/index.php?rest_route=\/wp\/v2\/media\/711462"}],"wp:attachment":[{"href":"https:\/\/microscopemedia.com\/index.php?rest_route=%2Fwp%2Fv2%2Fmedia&parent=711461"}],"wp:term":[{"taxonomy":"category","embeddable":true,"href":"https:\/\/microscopemedia.com\/index.php?rest_route=%2Fwp%2Fv2%2Fcategories&post=711461"},{"taxonomy":"post_tag","embeddable":true,"href":"https:\/\/microscopemedia.com\/index.php?rest_route=%2Fwp%2Fv2%2Ftags&post=711461"}],"curies":[{"name":"wp","href":"https:\/\/api.w.org\/{rel}","templated":true}]}}