{"id":711463,"date":"2026-09-03T17:57:03","date_gmt":"2026-09-03T17:57:03","guid":{"rendered":"https:\/\/microscopemedia.com\/?p=711463"},"modified":"2026-09-03T17:57:03","modified_gmt":"2026-09-03T17:57:03","slug":"romania-intra-in-programul-ue-pentru-dezvoltarea-regiunilor-de-la-granita-estica-pislaru-beneficiarele-sunt-regiunile-cele-mai-expuse-consecintelor-razboiului-din-ucraina","status":"publish","type":"post","link":"https:\/\/microscopemedia.com\/?p=711463","title":{"rendered":"Rom\u00e2nia intr\u0103 \u00een programul UE pentru dezvoltarea regiunilor de la grani\u021ba estic\u0103. P\u00eeslaru: Beneficiarele sunt regiunile cele mai expuse consecin\u021belor r\u0103zboiului din Ucraina"},"content":{"rendered":"<div class=\"sgb-google-buttons\">\n<div class=\"display-flex justify-center google-logo\"><img decoding=\"async\" loading=\"lazy\" class=\"mg-x-auto\" width=\"30\" height=\"30\" src=\"https:\/\/microscopemedia.com\/wp-content\/uploads\/2026\/09\/romania-intra-in-programul-ue-pentru-dezvoltarea-regiunilor-de-la-granita-estica-pislaru-beneficiarele-sunt-regiunile-cele-mai-expuse-consecintelor-razboiului-din-ucraina.png\" alt><\/div>\n<\/p><\/div>\n<p class=\"PDq2pG_selectionAnchorContainer\" data-start=\"149\" data-end=\"375\" id=\"p-0\">Ministrul interimar al Investi\u021biilor, Drago\u0219 P\u00eeslaru, a anun\u021bat, joi seara, c\u0103 participarea Rom\u00e2niei la componenta programului dedicat\u0103 regiunilor de la frontiera estic\u0103 a Uniunii Europene a fost aprobat\u0103 oficial la Bruxelles.<\/p>\n<p data-start=\"377\" data-end=\"611\" id=\"p-1\">\u201eUniunea European\u0103 \u00ee\u021bi d\u0103, dar nu \u00ee\u021bi bag\u0103 \u00een traist\u0103\u201d, a transmis P\u00eeslaru, pe Facebook. Ministrul interimar spune c\u0103 accesul la fonduri europene trebuie dublat de capacitatea administra\u021biei de a transforma banii \u00een proiecte concrete.<\/p>\n<p data-start=\"613\" data-end=\"907\" id=\"p-2\">Decizia vine dup\u0103 demersurile \u00eencepute \u00een aceast\u0103 prim\u0103var\u0103 de Rom\u00e2nia, al\u0103turi de ministrul de Externe, Oana \u021aoiu. La Bruxelles, vicepre\u0219edintele executiv al Comisiei Europene, Raffaele Fitto, \u0219i serviciile Direc\u021biei Generale Politic\u0103 Regional\u0103 \u0219i Urban\u0103 au aprobat oficial participarea \u021b\u0103rii.<\/p>\n<h2 data-section-id=\"1j5c861\" data-start=\"909\" data-end=\"972\" id=\"chapter-0\">Exper\u021bi ai Comisiei Europene \u0219i B\u0103ncii Mondiale, \u00een regiuni<\/h2>\n<p data-start=\"974\" data-end=\"1099\" id=\"p-3\">Comisia European\u0103 \u0219i Banca Mondial\u0103 vor trimite echipe de exper\u021bi care vor lucra direct cu autorit\u0103\u021bile din regiunile vizate.<\/p>\n<p data-start=\"1101\" data-end=\"1387\" id=\"p-4\">\u201eCe \u00eenseamn\u0103 asta \u00een concret: Comisia European\u0103 \u0219i Banca Mondial\u0103 trimit echipe de exper\u021bi care lucreaz\u0103 la fa\u021ba locului, \u00eempreun\u0103 cu autorit\u0103\u021bile din regiune, ca s\u0103 identifice blocajele reale ale dezvolt\u0103rii \u0219i s\u0103 construiasc\u0103 solu\u021bii concrete\u201d, a explicat ministrul interimar P\u00eeslaru.<\/p>\n<p data-start=\"1389\" data-end=\"1503\" id=\"p-5\">P\u00eeslaru spune c\u0103 modelul difer\u0103 de o strategie elaborat\u0103 la nivel european \u0219i transmis\u0103 apoi autorit\u0103\u021bilor locale.<\/p>\n<p data-start=\"1505\" data-end=\"1706\" id=\"p-6\">\u201eNu strategii scrise de la Bruxelles \u00een jos, ci solu\u021bii construite de la fa\u021ba locului\u201d, a precizat acesta, ar\u0103t\u00e2nd c\u0103 acela\u0219i model a func\u021bionat \u00een Polonia \u0219i Slovacia \u0219i, din 2024, \u00een statele baltice.<\/p>\n<p data-start=\"1708\" data-end=\"1808\" id=\"p-7\">Rom\u00e2nia nu a avut p\u00e2n\u0103 acum acces la acest program, potrivit ministrului interimar al Investi\u021biilor.<\/p>\n<h2 data-section-id=\"1hhqnwd\" data-start=\"1810\" data-end=\"1872\" id=\"chapter-1\">P\u00eeslaru: Degeaba avem alocate miliarde de euro pe h\u00e2rtie<\/h2>\n<p data-start=\"1874\" data-end=\"2006\" id=\"p-8\">P\u00eeslaru consider\u0103 c\u0103 asisten\u021ba tehnic\u0103 este necesar\u0103 pentru ca Rom\u00e2nia s\u0103 poat\u0103 utiliza mai eficient fondurile europene disponibile.<\/p>\n<p data-start=\"2008\" data-end=\"2258\" id=\"p-9\">\u201eAceast\u0103 asisten\u021b\u0103 tehnic\u0103 este absolut necesar\u0103 pentru c\u0103 degeaba avem alocate miliarde de euro pe h\u00e2rtie dac\u0103 nu dezvolt\u0103m capacitatea noastr\u0103 de a-i aduce \u00een \u021bar\u0103 \u0219i de a-i transforma \u00een proiecte care schimb\u0103 comunit\u0103\u021bile noastre\u201d, a spus P\u00eeslaru.<\/p>\n<h2 data-section-id=\"17uoiie\" data-start=\"2260\" data-end=\"2305\" id=\"chapter-2\">Trei regiuni rom\u00e2ne\u0219ti, vizate de program<\/h2>\n<p data-start=\"2307\" data-end=\"2447\" id=\"p-10\">Beneficiarele programului vor fi regiunile Nord-Vest, Nord-Est \u0219i Sud-Est, considerate cele mai expuse consecin\u021belor r\u0103zboiului din Ucraina.<\/p>\n<p data-start=\"2449\" data-end=\"2691\" id=\"p-11\">\u201eBeneficiarele sunt regiunile cele mai expuse consecin\u021belor r\u0103zboiului din Ucraina, adic\u0103 regiunile Nord-Vest, Nord-Est \u0219i Sud-Est. Urmeaz\u0103 s\u0103 stabilim, cu regiunile vizate \u0219i autorit\u0103\u021bile locale, m\u0103surile concrete de sprijin\u201d, spune P\u00eeslaru.<\/p>\n<h2 data-section-id=\"ugohkp\" data-start=\"2693\" data-end=\"2741\" id=\"chapter-3\">Rom\u00e2nia, inclus\u0103 \u0219i \u00een mecanismul EastInvest<\/h2>\n<p data-start=\"2743\" data-end=\"2895\" id=\"p-12\">Ministrul interimar a legat decizia de la Bruxelles de demersurile europene privind regiunile estice \u0219i de includerea Rom\u00e2niei \u00een mecanismul EastInvest.<\/p>\n<p data-start=\"2897\" data-end=\"3104\" id=\"p-13\">\u201ePasul de ast\u0103zi continu\u0103 linia Comunic\u0103rii privind Regiunile Estice, adoptat\u0103 \u00een februarie \u0219i sus\u021binut\u0103 direct de Rom\u00e2nia, \u0219i vine dup\u0103 includerea \u021b\u0103rii noastre \u00een mecanismul EastInvest\u201d, a afirmat P\u00eeslaru.<\/p>\n<p data-start=\"3106\" data-end=\"3352\" id=\"p-14\">El i-a mul\u021bumit vicepre\u0219edintelui executiv al Comisiei Europene, Raffaele Fitto, pentru sprijinul acordat at\u00e2t \u00een acest demers, c\u00e2t \u0219i \u00een discu\u021biile privind obiectivele politicii de coeziune pentru urm\u0103torul ciclu financiar multianual, 2028-2034.<\/p>\n<p data-start=\"3354\" data-end=\"3472\" data-is-last-node data-is-only-node id=\"p-15\">\u201eAducem fondurile europene acas\u0103 \u0219i continu\u0103m modernizarea Rom\u00e2niei\u201d, a \u00eencheiat ministrul interimar al Investi\u021biilor.<\/p>\n","protected":false},"excerpt":{"rendered":"<p>Ministrul interimar al Investi\u021biilor, Drago\u0219 P\u00eeslaru, a anun\u021bat, joi seara, c\u0103 participarea Rom\u00e2niei la componenta programului dedicat\u0103 regiunilor de la frontiera estic\u0103 a Uniunii Europene a fost aprobat\u0103 oficial la &hellip; <a href=\"https:\/\/microscopemedia.com\/?p=711463\" class=\"more-link\">Read More<\/a><\/p>\n","protected":false},"author":1,"featured_media":711464,"comment_status":"closed","ping_status":"closed","sticky":false,"template":"Default","format":"standard","meta":[],"categories":[1],"tags":[],"_links":{"self":[{"href":"https:\/\/microscopemedia.com\/index.php?rest_route=\/wp\/v2\/posts\/711463"}],"collection":[{"href":"https:\/\/microscopemedia.com\/index.php?rest_route=\/wp\/v2\/posts"}],"about":[{"href":"https:\/\/microscopemedia.com\/index.php?rest_route=\/wp\/v2\/types\/post"}],"author":[{"embeddable":true,"href":"https:\/\/microscopemedia.com\/index.php?rest_route=\/wp\/v2\/users\/1"}],"replies":[{"embeddable":true,"href":"https:\/\/microscopemedia.com\/index.php?rest_route=%2Fwp%2Fv2%2Fcomments&post=711463"}],"version-history":[{"count":0,"href":"https:\/\/microscopemedia.com\/index.php?rest_route=\/wp\/v2\/posts\/711463\/revisions"}],"wp:featuredmedia":[{"embeddable":true,"href":"https:\/\/microscopemedia.com\/index.php?rest_route=\/wp\/v2\/media\/711464"}],"wp:attachment":[{"href":"https:\/\/microscopemedia.com\/index.php?rest_route=%2Fwp%2Fv2%2Fmedia&parent=711463"}],"wp:term":[{"taxonomy":"category","embeddable":true,"href":"https:\/\/microscopemedia.com\/index.php?rest_route=%2Fwp%2Fv2%2Fcategories&post=711463"},{"taxonomy":"post_tag","embeddable":true,"href":"https:\/\/microscopemedia.com\/index.php?rest_route=%2Fwp%2Fv2%2Ftags&post=711463"}],"curies":[{"name":"wp","href":"https:\/\/api.w.org\/{rel}","templated":true}]}}