{"id":711467,"date":"2026-09-03T18:27:03","date_gmt":"2026-09-03T18:27:03","guid":{"rendered":"https:\/\/microscopemedia.com\/?p=711467"},"modified":"2026-09-03T18:27:03","modified_gmt":"2026-09-03T18:27:03","slug":"primaria-bucuresti-anunta-revenirea-fotbalului-pe-arena-nationala-gazonul-este-inlocuit","status":"publish","type":"post","link":"https:\/\/microscopemedia.com\/?p=711467","title":{"rendered":"Prim\u0103ria Bucure\u0219ti anun\u021b\u0103 revenirea fotbalului pe Arena Na\u021bional\u0103. Gazonul este \u00eenlocuit"},"content":{"rendered":"<div readability=\"45.125590179415\">\n<div class=\"sgb-google-buttons\">\n<div class=\"display-flex justify-center google-logo\"><img decoding=\"async\" loading=\"lazy\" class=\"mg-x-auto\" width=\"30\" height=\"30\" src=\"https:\/\/microscopemedia.com\/wp-content\/uploads\/2026\/09\/primaria-bucuresti-anunta-revenirea-fotbalului-pe-arena-nationala-gazonul-este-inlocuit.png\" alt><\/div>\n<\/p><\/div>\n<p id=\"p-0\">\u201eEchipele au \u00eenceput azi s\u0103 pun\u0103 rulourile \u0219i vor termina \u00een c\u00e2teva zile. Din 14 septembrie, fotbalul revine pe Aren\u0103. S\u0103pt\u0103m\u00e2nal va fi c\u00e2te un meci\u201d, transmite Prim\u0103ria Municipiului Bucure\u0219ti.<\/p>\n<p id=\"p-1\">Municipalitatea precizeaz\u0103 c\u0103 este \u00eenlocuit\u0103 o suprafa\u021b\u0103 de aproximativ 8.500 de metri p\u0103tra\u021bi de gazon hibrid, format din iarb\u0103 natural\u0103 \u0219i elemente sintetice. Al\u021bi 200 de metri p\u0103tra\u021bi de gazon sunt p\u0103stra\u021bi ca rezerv\u0103, \u00eentr-o pepinier\u0103, pentru eventuale repara\u021bii.<\/p>\n<p id=\"p-2\">Primul meci programat pe Arena Na\u021bional\u0103 dup\u0103 perioada \u00een care stadionul a fost indisponibil pentru fotbal este FCSB \u2013 Petrolul, din etapa a 9-a a Superligii, partid\u0103 programat\u0103 luni, 14 septembrie, de la ora 21:00.<\/p>\n<p id=\"p-3\">Arena Na\u021bional\u0103 nu a mai g\u0103zduit un meci de fotbal din 26 aprilie, c\u00e2nd Dinamo a \u00eenvins Rapid cu 3-1. Stadionul a fost apoi utilizat pentru o serie de evenimente, printre care concerte \u0219i festivaluri. Situa\u021bia a generat \u00een ultimele luni discu\u021bii privind modul de administrare a arenei \u0219i echilibrul dintre evenimentele sportive \u0219i cele extrasportive.<\/p>\n<p id=\"p-4\">Potrivit Prim\u0103riei Capitalei, gazonul este schimbat anual dup\u0103 perioada de evenimente.<\/p>\n<p id=\"p-5\">\u201eGazonul este schimbat pe cheltuiala organizatorilor de evenimente \u0219i se \u00eenlocui\u0219te anual. Costul se ridic\u0103 la 2 milioane de lei, bani pl\u0103ti\u021bi de organizatorii evenimentelor de peste var\u0103. Pentru concerte, evenimente de tip festival, stadionul a fost \u00eenchiriat cu sume cuprinse \u00eentre 76.000 \u0219i 250.000 euro, \u00een func\u021bie de dimensiune, pentru meciuri de fotbal din campionatul intern cu 25.000 euro\u201d, a mai precizat Prim\u0103ria Bucure\u0219ti.<\/p>\n<p id=\"p-6\">Municipalitatea sus\u021bine c\u0103 Arena Na\u021bional\u0103 trebuie s\u0103 g\u0103zduiasc\u0103 \u00een continuare \u0219i concerte sau festivaluri, \u00eentruc\u00e2t \u00eentre\u021binerea stadionului cost\u0103 anual 30 de milioane de lei din bugetul local.<\/p>\n<\/p><\/div>\n","protected":false},"excerpt":{"rendered":"<p>\u201eEchipele au \u00eenceput azi s\u0103 pun\u0103 rulourile \u0219i vor termina \u00een c\u00e2teva zile. Din 14 septembrie, fotbalul revine pe Aren\u0103. S\u0103pt\u0103m\u00e2nal va fi c\u00e2te un meci\u201d, transmite Prim\u0103ria Municipiului Bucure\u0219ti. &hellip; <a href=\"https:\/\/microscopemedia.com\/?p=711467\" class=\"more-link\">Read More<\/a><\/p>\n","protected":false},"author":1,"featured_media":711468,"comment_status":"closed","ping_status":"closed","sticky":false,"template":"Default","format":"standard","meta":[],"categories":[1],"tags":[],"_links":{"self":[{"href":"https:\/\/microscopemedia.com\/index.php?rest_route=\/wp\/v2\/posts\/711467"}],"collection":[{"href":"https:\/\/microscopemedia.com\/index.php?rest_route=\/wp\/v2\/posts"}],"about":[{"href":"https:\/\/microscopemedia.com\/index.php?rest_route=\/wp\/v2\/types\/post"}],"author":[{"embeddable":true,"href":"https:\/\/microscopemedia.com\/index.php?rest_route=\/wp\/v2\/users\/1"}],"replies":[{"embeddable":true,"href":"https:\/\/microscopemedia.com\/index.php?rest_route=%2Fwp%2Fv2%2Fcomments&post=711467"}],"version-history":[{"count":0,"href":"https:\/\/microscopemedia.com\/index.php?rest_route=\/wp\/v2\/posts\/711467\/revisions"}],"wp:featuredmedia":[{"embeddable":true,"href":"https:\/\/microscopemedia.com\/index.php?rest_route=\/wp\/v2\/media\/711468"}],"wp:attachment":[{"href":"https:\/\/microscopemedia.com\/index.php?rest_route=%2Fwp%2Fv2%2Fmedia&parent=711467"}],"wp:term":[{"taxonomy":"category","embeddable":true,"href":"https:\/\/microscopemedia.com\/index.php?rest_route=%2Fwp%2Fv2%2Fcategories&post=711467"},{"taxonomy":"post_tag","embeddable":true,"href":"https:\/\/microscopemedia.com\/index.php?rest_route=%2Fwp%2Fv2%2Ftags&post=711467"}],"curies":[{"name":"wp","href":"https:\/\/api.w.org\/{rel}","templated":true}]}}