{"id":711469,"date":"2026-09-03T18:46:03","date_gmt":"2026-09-03T18:46:03","guid":{"rendered":"https:\/\/microscopemedia.com\/?p=711469"},"modified":"2026-09-03T18:46:03","modified_gmt":"2026-09-03T18:46:03","slug":"campion-mondial-cu-spania-marcos-llorente-isi-incheie-activitatea-la-echipa-nationala-la-31-de-ani","status":"publish","type":"post","link":"https:\/\/microscopemedia.com\/?p=711469","title":{"rendered":"Campion mondial cu Spania, Marcos Llorente \u00ee\u0219i \u00eencheie activitatea la echipa na\u021bional\u0103 la 31 de ani"},"content":{"rendered":"<div class=\"sgb-google-buttons\">\n<div class=\"display-flex justify-center google-logo\"><img decoding=\"async\" loading=\"lazy\" class=\"mg-x-auto\" width=\"30\" height=\"30\" src=\"https:\/\/microscopemedia.com\/wp-content\/uploads\/2026\/09\/campion-mondial-cu-spania-marcos-llorente-isi-incheie-activitatea-la-echipa-nationala-la-31-de-ani.png\" alt><\/div>\n<\/p><\/div>\n<p id=\"p-0\">\u201eDup\u0103 mult timp \u00een care m-am g\u00e2ndit la acest lucru, am decis s\u0103 \u00eenchei etapa mea la na\u021bional\u0103\u201d, a scris Llorente \u00eentr-un mesaj publicat pe re\u021belele de socializare, \u00eenso\u021bit de o fotografie \u00een care s\u0103rut\u0103 trofeul Cupei Mondiale.<\/p>\n<p id=\"p-1\">Interna\u021bionalul spaniol a precizat c\u0103 decizia sa este una personal\u0103, atent analizat\u0103 \u0219i c\u0103 fusese luat\u0103 indiferent de participarea sa la turneul final sau de rezultatul ob\u021binut de Spania.<\/p>\n<p id=\"p-2\">\u201eSunt con\u0219tient c\u0103 sunt \u00eenc\u0103 t\u00e2n\u0103r \u0219i c\u0103, poate, dac\u0103 a\u0219 continua s\u0103 fac lucrurile bine, a\u0219 mai avea ani \u00een care s\u0103 joc cu acest tricou. \u0218tiu c\u0103 mul\u021bi dintre voi nu ve\u021bi \u00een\u021belege \u0219i, sincer, probabil nici eu nu a\u0219 fi \u00een\u021beles dac\u0103 a\u0219 fi privit lucrurile din exterior. Dar este o decizie personal\u0103, foarte chibzuit\u0103 \u0219i, mai ales, una care vine din inim\u0103\u201d, a transmis Llorente.<\/p>\n<p id=\"p-3\">\u201eIndiferent dac\u0103 a\u0219 fi mers la Mondial sau nu, sau dac\u0103 am fi c\u00e2\u0219tigat sau nu, aceast\u0103 decizie era deja luat\u0103\u201d, a ad\u0103ugat fotbalistul.<\/p>\n<h2 id=\"chapter-0\">27 de selec\u021bii la reprezentativa Spaniei<\/h2>\n<p id=\"p-4\">La Cupa Mondial\u0103, Llorente a fost solu\u021bia de rezerv\u0103 pentru funda\u0219ul dreapta Pedro Porro. El a fost titular \u00een dou\u0103 dintre meciurile din faza grupelor, \u00eens\u0103 \u00een restul turneului a mai evoluat doar \u0219ase minute, intr\u00e2nd pe teren \u00een semifinala c\u00e2\u0219tigat\u0103 de Spania \u00een fa\u021ba Fran\u021bei.<\/p>\n<p id=\"p-5\">Llorente a spus c\u0103 va p\u0103stra \u00een mod special amintirea zilelor petrecute al\u0103turi de echipa na\u021bional\u0103.<\/p>\n<p id=\"p-6\">\u201eR\u0103m\u00e2n cu tot ceea ce am tr\u0103it, dar, mai ales, cu aceste ultime 52 de zile. Cu un grup minunat care a luptat p\u00e2n\u0103 la final pentru a l\u0103sa Spania \u00een frunte. \u0218i a\u0219a a f\u0103cut\u201d, a afirmat el.<\/p>\n<p id=\"p-7\">Llorente \u00eencheie astfel o carier\u0103 interna\u021bional\u0103 de \u0219ase ani, \u00een care a adunat 27 de selec\u021bii pentru Spania.<\/p>\n<p id=\"p-8\">\u00cen v\u00e2rst\u0103 de 31 de ani, Llorente \u0219i-a \u00eenceput cariera la Real Madrid, iar \u00een 2019 s-a transferat la rivala din capitala Spaniei, Atletico Madrid. Printre trofeele cucerite la nivel de club se num\u0103r\u0103 dou\u0103 trofee UEFA Champions League \u0219i un titlu de campion al Spaniei.<\/p>\n<p id=\"p-9\">\u201eA fost o onoare s\u0103-mi reprezint \u021bara \u0219i s\u0103 fac parte din aceast\u0103 poveste. Mul\u021bumesc pentru tot\u201d, a \u00eencheiat Llorente.<\/p>\n","protected":false},"excerpt":{"rendered":"<p>\u201eDup\u0103 mult timp \u00een care m-am g\u00e2ndit la acest lucru, am decis s\u0103 \u00eenchei etapa mea la na\u021bional\u0103\u201d, a scris Llorente \u00eentr-un mesaj publicat pe re\u021belele de socializare, \u00eenso\u021bit de &hellip; <a href=\"https:\/\/microscopemedia.com\/?p=711469\" class=\"more-link\">Read More<\/a><\/p>\n","protected":false},"author":1,"featured_media":711470,"comment_status":"closed","ping_status":"closed","sticky":false,"template":"Default","format":"standard","meta":[],"categories":[1],"tags":[],"_links":{"self":[{"href":"https:\/\/microscopemedia.com\/index.php?rest_route=\/wp\/v2\/posts\/711469"}],"collection":[{"href":"https:\/\/microscopemedia.com\/index.php?rest_route=\/wp\/v2\/posts"}],"about":[{"href":"https:\/\/microscopemedia.com\/index.php?rest_route=\/wp\/v2\/types\/post"}],"author":[{"embeddable":true,"href":"https:\/\/microscopemedia.com\/index.php?rest_route=\/wp\/v2\/users\/1"}],"replies":[{"embeddable":true,"href":"https:\/\/microscopemedia.com\/index.php?rest_route=%2Fwp%2Fv2%2Fcomments&post=711469"}],"version-history":[{"count":0,"href":"https:\/\/microscopemedia.com\/index.php?rest_route=\/wp\/v2\/posts\/711469\/revisions"}],"wp:featuredmedia":[{"embeddable":true,"href":"https:\/\/microscopemedia.com\/index.php?rest_route=\/wp\/v2\/media\/711470"}],"wp:attachment":[{"href":"https:\/\/microscopemedia.com\/index.php?rest_route=%2Fwp%2Fv2%2Fmedia&parent=711469"}],"wp:term":[{"taxonomy":"category","embeddable":true,"href":"https:\/\/microscopemedia.com\/index.php?rest_route=%2Fwp%2Fv2%2Fcategories&post=711469"},{"taxonomy":"post_tag","embeddable":true,"href":"https:\/\/microscopemedia.com\/index.php?rest_route=%2Fwp%2Fv2%2Ftags&post=711469"}],"curies":[{"name":"wp","href":"https:\/\/api.w.org\/{rel}","templated":true}]}}