{"id":711473,"date":"2026-09-03T19:07:03","date_gmt":"2026-09-03T19:07:03","guid":{"rendered":"https:\/\/microscopemedia.com\/?p=711473"},"modified":"2026-09-03T19:07:03","modified_gmt":"2026-09-03T19:07:03","slug":"negocieri-pentru-bugetul-ue-dupa-2027-siegfried-muresan-pentru-romania-miza-este-o-crestere-de-la-60-la-66-de-miliarde-de-euro","status":"publish","type":"post","link":"https:\/\/microscopemedia.com\/?p=711473","title":{"rendered":"Negocieri pentru bugetul UE dup\u0103 2027. Siegfried Mure\u0219an: Pentru Rom\u00e2nia, miza este o cre\u0219tere de la 60 la 66 de miliarde de euro"},"content":{"rendered":"<div class=\"sgb-google-buttons\">\n<div class=\"display-flex justify-center google-logo\"><img decoding=\"async\" loading=\"lazy\" class=\"mg-x-auto\" width=\"30\" height=\"30\" src=\"https:\/\/microscopemedia.com\/wp-content\/uploads\/2026\/09\/negocieri-pentru-bugetul-ue-dupa-2027-siegfried-muresan-pentru-romania-miza-este-o-crestere-de-la-60-la-66-de-miliarde-de-euro.png\" alt><\/div>\n<\/p><\/div>\n<p class=\"PDq2pG_selectionAnchorContainer\" data-start=\"1135\" data-end=\"1509\" id=\"p-0\">Negocierile vizeaz\u0103 cadrul financiar al UE pentru perioada 2028-2034, iar Consiliul nu a ajuns \u00eenc\u0103 la o pozi\u021bie comun\u0103.<\/p>\n<p data-start=\"1511\" data-end=\"1710\" id=\"p-1\">Europarlamentarul a anun\u021bat joi, \u00eentr-o postare pe Facebook, c\u0103 a reprezentat Parlamentul European, \u00een calitate de negociator-\u0219ef, la o reuniune a Consiliului de Mini\u0219tri al UE desf\u0103\u0219urat\u0103 la Dublin.<\/p>\n<h2 data-section-id=\"x15rqs\" data-start=\"1712\" data-end=\"1793\" id=\"chapter-0\">Parlamentul European vrea un buget cu 10% mai mare fa\u021b\u0103 de propunerea Comisiei<\/h2>\n<p data-start=\"1795\" data-end=\"2076\" id=\"p-3\">Potrivit lui Mure\u0219an, Parlamentul European \u0219i-a stabilit pozi\u021bia \u00eenc\u0103 din aprilie \u0219i sus\u021bine un buget care s\u0103 permit\u0103 finan\u021barea at\u00e2t a politicilor tradi\u021bionale ale Uniunii, \u00een special agricultura \u0219i coeziunea, c\u00e2t \u0219i a unor priorit\u0103\u021bi precum securitatea \u0219i consolidarea economiei.<\/p>\n<p data-start=\"2078\" data-end=\"2207\" id=\"p-4\">\u00cen acest scop, Parlamentul sus\u021bine, potrivit lui Mure\u0219an, o cre\u0219tere cu 10% a bugetului fa\u021b\u0103 de propunerea Comisiei Europene.<\/p>\n<p data-start=\"2209\" data-end=\"2356\" id=\"p-5\">Pentru Rom\u00e2nia, Mure\u0219an estimeaz\u0103 c\u0103 aceast\u0103 pozi\u021bie ar conduce la majorarea aloc\u0103rilor de la aproximativ 60 de miliarde la 66 de miliarde de euro.<\/p>\n<p data-start=\"2358\" data-end=\"2478\" id=\"p-6\">Sumele nu reprezint\u0103 \u00eens\u0103 \u00een acest moment aloc\u0103ri definitive, nivelul viitorului buget european fiind \u00eenc\u0103 \u00een negociere.<\/p>\n<h2 data-section-id=\"i50ld\" data-start=\"2480\" data-end=\"2521\" id=\"chapter-1\">Consiliul nu are \u00eenc\u0103 o pozi\u021bie comun\u0103<\/h2>\n<p data-start=\"2523\" data-end=\"2899\" id=\"p-7\">Mure\u0219an a ar\u0103tat c\u0103 \u00eentre statele membre exist\u0103 diferen\u021be privind dimensiunea viitorului buget. Potrivit acestuia, unele state contributoare nete consider\u0103 necesare cheltuieli suplimentare pentru securitate \u0219i economie, concomitent cu men\u021binerea agriculturii \u0219i coeziunii \u00eentre priorit\u0103\u021bi, dar solicit\u0103 un buget mai redus pentru a limita presiunea asupra finan\u021belor na\u021bionale.<\/p>\n<p data-start=\"2901\" data-end=\"3024\" id=\"p-8\">\u201eNu putem cere Uniunii Europene s\u0103 fac\u0103 mai mult \u0219i, \u00een acela\u0219i timp, s\u0103 \u00eei reducem bugetul\u201d, a transmis europarlamentarul.<\/p>\n<p data-start=\"3026\" data-end=\"3244\" id=\"p-9\">El a sus\u021binut introducerea unor noi resurse proprii ale UE, indic\u00e2nd ca exemplu o tax\u0103 digital\u0103, care, \u00een opinia sa, ar putea genera venituri suplimentare f\u0103r\u0103 cre\u0219terea contribu\u021biilor suportate din bugetele na\u021bionale.<\/p>\n<h2 data-section-id=\"24m8sx\" data-start=\"3246\" data-end=\"3310\" id=\"chapter-2\">Mure\u0219an cere Guvernului Rom\u00e2niei s\u0103 r\u0103m\u00e2n\u0103 activ \u00een negocieri<\/h2>\n<p data-start=\"3312\" data-end=\"3559\" id=\"p-10\">Urm\u0103toarea etap\u0103 depinde de Consiliul UE, care trebuie s\u0103 ajung\u0103 la o pozi\u021bie comun\u0103. Mure\u0219an afirm\u0103 c\u0103 Guvernul Irlandei, care de\u021bine Pre\u0219edin\u021bia Consiliului UE \u00een acest semestru, ar urma s\u0103 prezinte o propunere de acord \u00een urm\u0103toarele s\u0103pt\u0103m\u00e2ni.<\/p>\n<p data-start=\"3561\" data-end=\"3741\" id=\"p-11\">Europarlamentarul a cerut, \u00een acest context, men\u021binerea implic\u0103rii Guvernului Rom\u00e2niei \u00een negocierile dintre statele membre, pentru sus\u021binerea nivelului fondurilor destinate \u021b\u0103rii.<\/p>\n<p data-start=\"3743\" data-end=\"3825\" id=\"p-12\">Obiectivul indicat de Mure\u0219an este ajungerea la un acord p\u00e2n\u0103 la sf\u00e2r\u0219itul anului.<\/p>\n<p data-start=\"3827\" data-end=\"3967\" id=\"p-13\">\u201eUrm\u0103toarele luni vor fi cruciale pentru stabilirea nivelului fondurilor europene pe care le va primi Rom\u00e2nia\u201d, a afirmat europarlamentarul.<\/p>\n","protected":false},"excerpt":{"rendered":"<p>Negocierile vizeaz\u0103 cadrul financiar al UE pentru perioada 2028-2034, iar Consiliul nu a ajuns \u00eenc\u0103 la o pozi\u021bie comun\u0103. Europarlamentarul a anun\u021bat joi, \u00eentr-o postare pe Facebook, c\u0103 a reprezentat &hellip; <a href=\"https:\/\/microscopemedia.com\/?p=711473\" class=\"more-link\">Read More<\/a><\/p>\n","protected":false},"author":1,"featured_media":711474,"comment_status":"closed","ping_status":"closed","sticky":false,"template":"Default","format":"standard","meta":[],"categories":[1],"tags":[],"_links":{"self":[{"href":"https:\/\/microscopemedia.com\/index.php?rest_route=\/wp\/v2\/posts\/711473"}],"collection":[{"href":"https:\/\/microscopemedia.com\/index.php?rest_route=\/wp\/v2\/posts"}],"about":[{"href":"https:\/\/microscopemedia.com\/index.php?rest_route=\/wp\/v2\/types\/post"}],"author":[{"embeddable":true,"href":"https:\/\/microscopemedia.com\/index.php?rest_route=\/wp\/v2\/users\/1"}],"replies":[{"embeddable":true,"href":"https:\/\/microscopemedia.com\/index.php?rest_route=%2Fwp%2Fv2%2Fcomments&post=711473"}],"version-history":[{"count":0,"href":"https:\/\/microscopemedia.com\/index.php?rest_route=\/wp\/v2\/posts\/711473\/revisions"}],"wp:featuredmedia":[{"embeddable":true,"href":"https:\/\/microscopemedia.com\/index.php?rest_route=\/wp\/v2\/media\/711474"}],"wp:attachment":[{"href":"https:\/\/microscopemedia.com\/index.php?rest_route=%2Fwp%2Fv2%2Fmedia&parent=711473"}],"wp:term":[{"taxonomy":"category","embeddable":true,"href":"https:\/\/microscopemedia.com\/index.php?rest_route=%2Fwp%2Fv2%2Fcategories&post=711473"},{"taxonomy":"post_tag","embeddable":true,"href":"https:\/\/microscopemedia.com\/index.php?rest_route=%2Fwp%2Fv2%2Ftags&post=711473"}],"curies":[{"name":"wp","href":"https:\/\/api.w.org\/{rel}","templated":true}]}}