{"id":711477,"date":"2026-09-03T19:46:03","date_gmt":"2026-09-03T19:46:03","guid":{"rendered":"https:\/\/microscopemedia.com\/?p=711477"},"modified":"2026-09-03T19:46:03","modified_gmt":"2026-09-03T19:46:03","slug":"dragos-pislaru-despre-legea-ani-daca-sunt-probleme-cu-amendamentul-avem-sansa-sa-le-corectam-in-parlament-pentru-a-obtine-banii-din-pnrr","status":"publish","type":"post","link":"https:\/\/microscopemedia.com\/?p=711477","title":{"rendered":"Drago\u0219 P\u00eeslaru, despre legea ANI: Dac\u0103 sunt probleme cu amendamentul, \u201eavem \u0219ansa s\u0103 le corect\u0103m\u201d \u00een Parlament pentru a ob\u021bine banii din PNRR"},"content":{"rendered":"<div class=\"sgb-google-buttons\">\n<div class=\"display-flex justify-center google-logo\"><img decoding=\"async\" loading=\"lazy\" class=\"mg-x-auto\" width=\"30\" height=\"30\" src=\"https:\/\/microscopemedia.com\/wp-content\/uploads\/2026\/09\/dragos-pislaru-despre-legea-ani-daca-sunt-probleme-cu-amendamentul-avem-sansa-sa-le-corectam-in-parlament-pentru-a-obtine-banii-din-pnrr.png\" alt><\/div>\n<\/p><\/div>\n<p class=\"PDq2pG_selectionAnchorContainer\" data-start=\"1108\" data-end=\"1512\" id=\"p-0\">Ministrul Investi\u021biilor \u0219i Proiectelor Europene a explicat c\u0103 demersul pe componenta de justi\u021bie \u0219i evaluarea financiar\u0103 din PNRR sunt proceduri distincte, dar care se pot influen\u021ba.<\/p>\n<p data-start=\"1514\" data-end=\"1744\" id=\"p-1\">Potrivit lui P\u00eeslaru, solicitarea de clarific\u0103ri a pornit de la Direc\u021bia General\u0103 Justi\u021bie a Comisiei Europene, \u00een timp ce evaluarea \u00eendeplinirii reformei din PNRR va putea fi f\u0103cut\u0103 dup\u0103 includerea acesteia \u00een Cererea de plat\u0103 6.<\/p>\n<h2 data-section-id=\"nw41u6\" data-start=\"1746\" data-end=\"1813\" id=\"chapter-0\">P\u00eeslaru: Punctul final de vedere va veni dup\u0103 Cererea de plat\u0103 6<\/h2>\n<p data-start=\"1815\" data-end=\"1988\" id=\"p-2\">Ministrul a explicat c\u0103 institu\u021biile europene implicate au atribu\u021bii diferite \u0219i c\u0103 analiza privind respectarea angajamentelor din PNRR nu este, \u00een acest moment, finalizat\u0103.<\/p>\n<p data-start=\"1990\" data-end=\"2245\" id=\"p-3\">\u201eDemersul legat de ANI a izvor\u00e2t de la DG JUST, Directoratul General Justi\u021bie, cu o scrisoare pe care directoarea general\u0103 Ana Gallego a trimis-o Rom\u00e2niei pentru a clarifica ni\u0219te elemente care au ajuns \u0219i din spa\u021biul public \u00een pres\u0103\u201d, a declarat P\u00eeslaru.<\/p>\n<p data-start=\"2247\" data-end=\"2524\" id=\"p-4\">\u00cen ceea ce prive\u0219te implica\u021biile asupra fondurilor europene, ministrul a ad\u0103ugat: \u201eCeea ce v\u0103 pot spune este c\u0103 colegii cu care am discutat eu ast\u0103zi [\u2026] vor putea s\u0103-\u0219i exprime punctul final de vedere la banii aferen\u021bi reformei abia dup\u0103 ce o depunem \u00een Cererea de plat\u0103 6.\u201d<\/p>\n<h2 data-section-id=\"1wvmrds\" data-start=\"2526\" data-end=\"2557\" id=\"chapter-1\">\u201eSunt distincte, dar legate\u201d<\/h2>\n<p data-start=\"2559\" data-end=\"2734\" id=\"p-5\">\u00centrebat dac\u0103 solicitarea de clarific\u0103ri privind legea ANI \u0219i evaluarea jalonului din PNRR reprezint\u0103 dou\u0103 chestiuni diferite, P\u00eeslaru a r\u0103spuns: \u201eSunt distincte, dar legate.\u201d<\/p>\n<p data-start=\"2736\" data-end=\"2903\" id=\"p-6\">Ministrul a explicat apoi mecanismul prin care o eventual\u0103 constatare pe componenta privind statul de drept ar putea ajunge s\u0103 influen\u021beze evaluarea reformei din PNRR.<\/p>\n<p data-start=\"2905\" data-end=\"3310\" id=\"p-7\">\u201e\u00cen condi\u021biile \u00een care Directoratul General Justi\u021bie analizeaz\u0103 \u0219i confirm\u0103 c\u0103 sunt probleme legate de nerespectarea tratatelor, asta \u00eenseamn\u0103 c\u0103 \u00eei vor \u00een\u0219tiin\u021ba pe colegii lor [\u2026] care se ocup\u0103 de PNRR cu privire la aceste concluzii. Comisia European\u0103 ac\u021bioneaz\u0103, a\u0219a ca \u00een cazul unui guvern, c\u00e2nd ministerele ac\u021bioneaz\u0103 \u00eempreun\u0103, la fel \u0219i Comisia European\u0103 ac\u021bioneaz\u0103 \u00eempreun\u0103\u201d, a declarat P\u00eeslaru.<\/p>\n<p data-start=\"3312\" data-end=\"3469\" id=\"p-8\">El a continuat: \u201eDeci, un verdict al Comisiei \u00een care constat\u0103 c\u0103 sunt elemente care au \u00eenc\u0103lcat tratatele europene, evident ar duce la o evaluare negativ\u0103.\u201d<\/p>\n<h2 data-section-id=\"1g3aog7\" data-start=\"3471\" data-end=\"3512\" id=\"chapter-2\">Guvernul a cerut accelerarea evalu\u0103rii<\/h2>\n<p data-start=\"3514\" data-end=\"3729\" id=\"p-9\">P\u00eeslaru a precizat c\u0103 r\u0103spunsul Rom\u00e2niei la solicitarea de clarific\u0103ri ar trebui s\u0103 intre, \u00een mod normal, \u00een zona de responsabilitate a Ministerului Justi\u021biei, dar a subliniat c\u0103 nu de\u021bine detalii asupra procedurii.<\/p>\n<p data-start=\"3731\" data-end=\"3898\" id=\"p-10\">\u201e\u00cen mod normal discut\u0103m de Ministerul Justi\u021biei, dar recunosc c\u0103 nu este un subiect care se afl\u0103 \u00een sfera mea de competen\u021be \u0219i nu am aceste detalii\u201d, a spus ministrul.<\/p>\n<p data-start=\"3900\" data-end=\"3995\" id=\"p-11\">\u00cen schimb, acesta a confirmat demersul Guvernului pentru urgentarea analizei la nivel european.<\/p>\n<p data-start=\"3997\" data-end=\"4357\" id=\"p-12\">\u201eCe \u0219tiu este c\u0103 Guvernul Rom\u00e2niei a rugat Comisia European\u0103 s\u0103 accelereze evaluarea cu privire la aceste elemente \u0219i asta e foarte important de explicat de ce, pentru c\u0103 dac\u0103 cumva exist\u0103 constat\u0103ri c\u0103 acel amendament aduce atingere tratatelor s\u0103 poat\u0103 s\u0103 fie corectat \u00een Parlament de urgen\u021b\u0103, astfel \u00eenc\u00e2t s\u0103 putem ob\u021bine banii pe jalon\u201d, a declarat P\u00eeslaru.<\/p>\n<h2 data-section-id=\"kfg6cc\" data-start=\"4359\" data-end=\"4415\" id=\"chapter-3\">\u201eDac\u0103 nu sunt probleme, \u00eenseamn\u0103 c\u0103 jalonul va trece\u201d<\/h2>\n<p data-start=\"4417\" data-end=\"4615\" id=\"p-13\">Ministrul a sus\u021binut c\u0103 restul prevederilor aferente jalonului au fost consultate anterior cu reprezentan\u021bii Comisiei Europene \u0219i c\u0103 problema aflat\u0103 acum \u00een discu\u021bie prive\u0219te amendamentul contestat.<\/p>\n<p data-start=\"4617\" data-end=\"4751\" id=\"p-14\">\u201eRestul jalonului a fost consultat de altfel cu Comisia European\u0103 \u00eenainte \u0219i restul textului \u00eendepline\u0219te reforma\u201d, a afirmat P\u00eeslaru.<\/p>\n<p data-start=\"4753\" data-end=\"5023\" id=\"p-15\">El a sintetizat cele dou\u0103 scenarii avute \u00een vedere de Guvern: \u201eDeci practic avem aceast\u0103 \u0219ans\u0103: dac\u0103 nu sunt probleme, \u00eenseamn\u0103 c\u0103 jalonul va trece, dac\u0103 sunt probleme pe acel amendament avem \u0219ansa s\u0103 le corect\u0103m [\u2026] \u00een Parlament \u0219i atunci iar\u0103\u0219i s\u0103 ne ob\u021binem banii.\u201d<\/p>\n","protected":false},"excerpt":{"rendered":"<p>Ministrul Investi\u021biilor \u0219i Proiectelor Europene a explicat c\u0103 demersul pe componenta de justi\u021bie \u0219i evaluarea financiar\u0103 din PNRR sunt proceduri distincte, dar care se pot influen\u021ba. Potrivit lui P\u00eeslaru, solicitarea &hellip; <a href=\"https:\/\/microscopemedia.com\/?p=711477\" class=\"more-link\">Read More<\/a><\/p>\n","protected":false},"author":1,"featured_media":711478,"comment_status":"closed","ping_status":"closed","sticky":false,"template":"Default","format":"standard","meta":[],"categories":[1],"tags":[],"_links":{"self":[{"href":"https:\/\/microscopemedia.com\/index.php?rest_route=\/wp\/v2\/posts\/711477"}],"collection":[{"href":"https:\/\/microscopemedia.com\/index.php?rest_route=\/wp\/v2\/posts"}],"about":[{"href":"https:\/\/microscopemedia.com\/index.php?rest_route=\/wp\/v2\/types\/post"}],"author":[{"embeddable":true,"href":"https:\/\/microscopemedia.com\/index.php?rest_route=\/wp\/v2\/users\/1"}],"replies":[{"embeddable":true,"href":"https:\/\/microscopemedia.com\/index.php?rest_route=%2Fwp%2Fv2%2Fcomments&post=711477"}],"version-history":[{"count":0,"href":"https:\/\/microscopemedia.com\/index.php?rest_route=\/wp\/v2\/posts\/711477\/revisions"}],"wp:featuredmedia":[{"embeddable":true,"href":"https:\/\/microscopemedia.com\/index.php?rest_route=\/wp\/v2\/media\/711478"}],"wp:attachment":[{"href":"https:\/\/microscopemedia.com\/index.php?rest_route=%2Fwp%2Fv2%2Fmedia&parent=711477"}],"wp:term":[{"taxonomy":"category","embeddable":true,"href":"https:\/\/microscopemedia.com\/index.php?rest_route=%2Fwp%2Fv2%2Fcategories&post=711477"},{"taxonomy":"post_tag","embeddable":true,"href":"https:\/\/microscopemedia.com\/index.php?rest_route=%2Fwp%2Fv2%2Ftags&post=711477"}],"curies":[{"name":"wp","href":"https:\/\/api.w.org\/{rel}","templated":true}]}}