{"id":711483,"date":"2026-09-03T20:27:04","date_gmt":"2026-09-03T20:27:04","guid":{"rendered":"https:\/\/microscopemedia.com\/?p=711483"},"modified":"2026-09-03T20:27:04","modified_gmt":"2026-09-03T20:27:04","slug":"ciprian-ciucu-cere-un-guvern-cu-puteri-depline-banuiesc-ca-saptamana-viitoare-vor-fi-consultari-la-cotroceni","status":"publish","type":"post","link":"https:\/\/microscopemedia.com\/?p=711483","title":{"rendered":"Ciprian Ciucu cere un Guvern cu puteri depline: B\u0103nuiesc c\u0103 s\u0103pt\u0103m\u00e2na viitoare vor fi consult\u0103ri la Cotroceni"},"content":{"rendered":"<div class=\"sgb-google-buttons\">\n<div class=\"display-flex justify-center google-logo\"><img decoding=\"async\" loading=\"lazy\" class=\"mg-x-auto\" width=\"30\" height=\"30\" src=\"https:\/\/microscopemedia.com\/wp-content\/uploads\/2026\/09\/ciprian-ciucu-cere-un-guvern-cu-puteri-depline-banuiesc-ca-saptamana-viitoare-vor-fi-consultari-la-cotroceni.png\" alt><\/div>\n<\/p><\/div>\n<p id=\"p-0\">\u201e\u00cemi doresc un guvern cu puteri depline. Am nevoie de interlocutori la ministere\u201d, a spus Ciprian Ciucu, joi seara, la B1 TV.<\/p>\n<p id=\"p-1\">Primarul a dat ca exemplu situa\u021bia Sistemului de Alimentare Centralizat\u0103 cu Energie Termic\u0103 (SACET), \u00een care responsabilit\u0103\u021bile sunt \u00eemp\u0103r\u021bite \u00eentre Prim\u0103ria Capitalei \u0219i Ministerul Energiei. ELCEN, produc\u0103torul de energie termic\u0103, se afl\u0103 \u00een subordinea Ministerului Energiei, \u00een timp ce transportul agentului termic \u021bine de Prim\u0103ria Capitalei.<\/p>\n<p id=\"p-2\">\u201eIarna d\u0103 vina Ministerul Energiei pe Prim\u0103ria Capitalei \u0219i Prim\u0103ria Capitalei pe Ministerul Energiei. Nu e normal a\u0219a ceva\u201d, a afirmat Ciucu.<\/p>\n<p id=\"p-3\">Potrivit edilului, lipsa unei solu\u021bii pentru SACET genereaz\u0103 costuri suplimentare pentru municipalitate, inclusiv datorii \u0219i penalit\u0103\u021bi.<\/p>\n<p id=\"p-4\">\u201eFaptul c\u0103 nu este f\u0103cut SACET-ul ne cost\u0103 mult mai mult \u0219i avem datorii foarte mari \u0219i penalit\u0103\u021bi, care trebuie s\u0103 se sting\u0103\u201d, a mai spus primarul.<\/p>\n<p id=\"p-5\">Ciucu a precizat c\u0103 \u201ePartidul Na\u021bional Liberal \u00ee\u0219i dore\u0219te un guvern cu puteri depline\u201d.<\/p>\n<p id=\"p-6\">\u00centrebat dac\u0103 va participa la consult\u0103rile de la Cotroceni, primarul Capitalei a spus ini\u021bial c\u0103 acestea vor avea loc s\u0103pt\u0103m\u00e2na viitoare, dar a revenit \u0219i a precizat c\u0103 nu are o informa\u021bie oficial\u0103 \u00een acest sens.<\/p>\n<p id=\"p-7\">\u201eB\u0103nuiesc c\u0103 vor fi s\u0103pt\u0103m\u00e2na viitoare. Acum nu am nicio informa\u021bie pe care s\u0103 v\u0103 dau\u201d, a spus Ciucu.<\/p>\n<p id=\"p-8\">Primarul a explicat c\u0103 nu va putea participa dac\u0103 \u00eent\u00e2lnirile vor avea loc mar\u021bi sau miercuri, deoarece nu va fi \u00een \u021bar\u0103.<\/p>\n<p id=\"p-9\">\u201eDac\u0103 vor fi luni, m\u0103 duc. Dar dac\u0103 vor fi mar\u021bi sau miercuri, n-am cum s\u0103 m\u0103 duc. Dac\u0103 sunt \u00een alt\u0103 zi, m\u0103 duc cu mare pl\u0103cere\u201d, a declarat Ciucu.<\/p>\n","protected":false},"excerpt":{"rendered":"<p>\u201e\u00cemi doresc un guvern cu puteri depline. Am nevoie de interlocutori la ministere\u201d, a spus Ciprian Ciucu, joi seara, la B1 TV. Primarul a dat ca exemplu situa\u021bia Sistemului de &hellip; <a href=\"https:\/\/microscopemedia.com\/?p=711483\" class=\"more-link\">Read More<\/a><\/p>\n","protected":false},"author":1,"featured_media":711484,"comment_status":"closed","ping_status":"closed","sticky":false,"template":"Default","format":"standard","meta":[],"categories":[1],"tags":[],"_links":{"self":[{"href":"https:\/\/microscopemedia.com\/index.php?rest_route=\/wp\/v2\/posts\/711483"}],"collection":[{"href":"https:\/\/microscopemedia.com\/index.php?rest_route=\/wp\/v2\/posts"}],"about":[{"href":"https:\/\/microscopemedia.com\/index.php?rest_route=\/wp\/v2\/types\/post"}],"author":[{"embeddable":true,"href":"https:\/\/microscopemedia.com\/index.php?rest_route=\/wp\/v2\/users\/1"}],"replies":[{"embeddable":true,"href":"https:\/\/microscopemedia.com\/index.php?rest_route=%2Fwp%2Fv2%2Fcomments&post=711483"}],"version-history":[{"count":0,"href":"https:\/\/microscopemedia.com\/index.php?rest_route=\/wp\/v2\/posts\/711483\/revisions"}],"wp:featuredmedia":[{"embeddable":true,"href":"https:\/\/microscopemedia.com\/index.php?rest_route=\/wp\/v2\/media\/711484"}],"wp:attachment":[{"href":"https:\/\/microscopemedia.com\/index.php?rest_route=%2Fwp%2Fv2%2Fmedia&parent=711483"}],"wp:term":[{"taxonomy":"category","embeddable":true,"href":"https:\/\/microscopemedia.com\/index.php?rest_route=%2Fwp%2Fv2%2Fcategories&post=711483"},{"taxonomy":"post_tag","embeddable":true,"href":"https:\/\/microscopemedia.com\/index.php?rest_route=%2Fwp%2Fv2%2Ftags&post=711483"}],"curies":[{"name":"wp","href":"https:\/\/api.w.org\/{rel}","templated":true}]}}